{"id":19557,"date":"2019-10-03T12:26:17","date_gmt":"2019-10-03T15:26:17","guid":{"rendered":"https:\/\/www.lasrosas.com.ar\/portal\/?p=19557"},"modified":"2019-10-03T12:26:17","modified_gmt":"2019-10-03T15:26:17","slug":"mitos-sobre-la-obesidad-y-mas-conciencia","status":"publish","type":"post","link":"https:\/\/www.lasrosas.com.ar\/portal\/mitos-sobre-la-obesidad-y-mas-conciencia\/","title":{"rendered":"MITOS SOBRE LA OBESIDAD Y M\u00c0S CONCIENCIA"},"content":{"rendered":"<h4>Agustina Murcho de @nutricion.ag es Lic. en Nutrici\u00f3n y especializada en trastornos<br \/>\nalimenticios. En esta columna plantea la problem\u00e1tica de la obesidad y los mitos\u00a0 alrededor de las personas que sufren esta enfermedad.<\/h4>\n<p>https:\/\/www.instagram.com\/p\/B2wPN7mj5uz\/<\/p>\n<p>Muchas veces leemos comentarios desagradables y fuera de lugar en las redes sociales hacia<br \/>\nlas personas que tienen sobrepeso y obesidad: \u201cno deber\u00edan haber talles para gente que no<br \/>\nquiere cuidarse\u201d, \u201clos talles deber\u00edan ser para gente normal y no para quien no se pone las<br \/>\npilas\u201d, \u201ctienen que dejar Netflix y el sill\u00f3n\u201d.<\/p>\n<p>https:\/\/www.instagram.com\/p\/B3ACVx1jJXP\/<\/p>\n<p>&nbsp;<\/p>\n<p>Es FALSO que TODAS las personas con obesidad o sobrepeso no bajan porque \u201cviven comiendo<br \/>\ny no se mueven\u201d. Si hay personas que no priorizan su salud, pero a veces hay otros factores<br \/>\nque influyen por m\u00e1s que la persona desee cambiar:<\/p>\n<p>\uf0b7 Factores gen\u00e9ticos.<\/p>\n<p>\uf0b7 Factores emocionales: la mente muchas veces es m\u00e1s fuerte y nos lleva a comer para<br \/>\ntapar emociones. Obvio hay tratamientos (ya que la obesidad justamente se suele dar<br \/>\npor temas emocionales adem\u00e1s de hormonales) pero tambi\u00e9n influye en el estado<br \/>\nan\u00edmico. A veces la depresi\u00f3n y el desgano hace que uno por m\u00e1s que quiera, no se<br \/>\ntrate. Tambi\u00e9n existe el trastorno por atrac\u00f3n que lleva a la obesidad.<\/p>\n<p>\uf0b7 Factores hormonales: un hipotiroidismo no detectado puede causar sobrepeso.<br \/>\nTambi\u00e9n la insulina alta en sangre o el cortisol elevado hacen que la persona por m\u00e1s<br \/>\nque haga ejercicio y se cuide con las comidas, se le haga m\u00e1s dif\u00edcil adelgazar. Muchos<br \/>\nnutricionistas exigen a algunos pacientes a someterse a dietas estrictas \u201cporque no<br \/>\npueden bajar\u201d sin antes pensar que alguna de esta hormona puede estar alterada,<br \/>\nentonces se tarda en detectar y la persona sigue subiendo de peso. Esto se trata, pero<br \/>\nhay personas que les cuesta m\u00e1s que otras.<\/p>\n<!-- AddThis Advanced Settings generic via filter on the_content --><!-- AddThis Share Buttons generic via filter on the_content -->","protected":false},"excerpt":{"rendered":"<p>Agustina Murcho de @nutricion.ag es Lic. en Nutrici\u00f3n y especializada en trastornos alimenticios. En esta columna plantea la problem\u00e1tica de la obesidad y los mitos\u00a0 alrededor de las personas que sufren esta enfermedad. https:\/\/www.instagram.com\/p\/B2wPN7mj5uz\/ Muchas veces leemos comentarios desagradables y fuera de lugar en las redes sociales hacia las personas que tienen sobrepeso y obesidad: [&hellip;]<!-- AddThis Advanced Settings generic via filter on get_the_excerpt --><!-- AddThis Share Buttons generic via filter on get_the_excerpt --><\/p>\n","protected":false},"author":6,"featured_media":19558,"comment_status":"closed","ping_status":"open","sticky":false,"template":"","format":"standard","meta":{"_acf_changed":false,"om_disable_all_campaigns":false,"_monsterinsights_skip_tracking":false,"_monsterinsights_sitenote_active":false,"_monsterinsights_sitenote_note":"","_monsterinsights_sitenote_category":0,"_uf_show_specific_survey":0,"_uf_disable_surveys":false,"footnotes":""},"categories":[376],"tags":[],"class_list":["post-19557","post","type-post","status-publish","format-standard","has-post-thumbnail","hentry","category-lifestyle"],"acf":[],"aioseo_notices":[],"_links":{"self":[{"href":"https:\/\/www.lasrosas.com.ar\/portal\/wp-json\/wp\/v2\/posts\/19557","targetHints":{"allow":["GET"]}}],"collection":[{"href":"https:\/\/www.lasrosas.com.ar\/portal\/wp-json\/wp\/v2\/posts"}],"about":[{"href":"https:\/\/www.lasrosas.com.ar\/portal\/wp-json\/wp\/v2\/types\/post"}],"author":[{"embeddable":true,"href":"https:\/\/www.lasrosas.com.ar\/portal\/wp-json\/wp\/v2\/users\/6"}],"replies":[{"embeddable":true,"href":"https:\/\/www.lasrosas.com.ar\/portal\/wp-json\/wp\/v2\/comments?post=19557"}],"version-history":[{"count":0,"href":"https:\/\/www.lasrosas.com.ar\/portal\/wp-json\/wp\/v2\/posts\/19557\/revisions"}],"wp:featuredmedia":[{"embeddable":true,"href":"https:\/\/www.lasrosas.com.ar\/portal\/wp-json\/wp\/v2\/media\/19558"}],"wp:attachment":[{"href":"https:\/\/www.lasrosas.com.ar\/portal\/wp-json\/wp\/v2\/media?parent=19557"}],"wp:term":[{"taxonomy":"category","embeddable":true,"href":"https:\/\/www.lasrosas.com.ar\/portal\/wp-json\/wp\/v2\/categories?post=19557"},{"taxonomy":"post_tag","embeddable":true,"href":"https:\/\/www.lasrosas.com.ar\/portal\/wp-json\/wp\/v2\/tags?post=19557"}],"curies":[{"name":"wp","href":"https:\/\/api.w.org\/{rel}","templated":true}]}}