{"id":19061,"date":"2019-09-23T15:54:48","date_gmt":"2019-09-23T18:54:48","guid":{"rendered":"https:\/\/www.lasrosas.com.ar\/portal\/?p=19061"},"modified":"2019-09-23T16:28:58","modified_gmt":"2019-09-23T19:28:58","slug":"sabor-a-primavera","status":"publish","type":"post","link":"https:\/\/www.lasrosas.com.ar\/portal\/sabor-a-primavera\/","title":{"rendered":"SABOR A PRIMAVERA"},"content":{"rendered":"<h4>POR: ROC\u00cdO SOSA &#8211; @rososajuarez<br \/>\nVero Facchinello es Pastelera Profesional, emprendedora, familiera y amante de la alegr\u00eda en forma de delicias. A trav\u00e9s de su Instagram @vero_facchinello aconseja, inspira y ense\u00f1a a dejar \u201cun trocito de nuestra alma\u201d en cada receta, para mimar y mimarnos.<\/h4>\n<p>Empez\u00f3 la primavera, los d\u00edas soleados y las ganas de combinar naturaleza y delicias \u00bfQu\u00e9<br \/>\nelementos simples podemos elegir para armar una linda mesa al aire libre?<br \/>\nPara armar una linda mesa al aire libre no pueden faltar las flores frescas. Pod\u00e9s fijarte las que<br \/>\ntengas en tu patio y si vas a comprar #RECOMENDACI\u00d3N: las Fresias nunca fallan. Adem\u00e1s para<br \/>\ncubrir la mesa aconsejo elegir siempre un mantel liso (\u00a1si es blanco, mejor!)<\/p>\n<p>https:\/\/www.instagram.com\/p\/Bxveb4wHHP5\/<\/p>\n<p><img decoding=\"async\" class=\"alignnone size-medium wp-image-19062 lazyload\" data-src=\"https:\/\/www.lasrosas.com.ar\/portal\/wp-content\/uploads\/IMG-20190923-WA0006-960x640.jpg\" alt=\"\" width=\"960\" height=\"640\" data-srcset=\"https:\/\/www.lasrosas.com.ar\/portal\/wp-content\/uploads\/IMG-20190923-WA0006-960x640.jpg 960w, https:\/\/www.lasrosas.com.ar\/portal\/wp-content\/uploads\/IMG-20190923-WA0006.jpg 1280w\" data-sizes=\"(max-width: 960px) 100vw, 960px\" src=\"data:image\/svg+xml;base64,PHN2ZyB3aWR0aD0iMSIgaGVpZ2h0PSIxIiB4bWxucz0iaHR0cDovL3d3dy53My5vcmcvMjAwMC9zdmciPjwvc3ZnPg==\" style=\"--smush-placeholder-width: 960px; --smush-placeholder-aspect-ratio: 960\/640;\" \/><\/p>\n<p>&nbsp;<\/p>\n<p>#TIPS \u00bfC\u00f3mo decoramos?<br \/>\n#BEBIDAS Busca una linda jarra de vidrio y prepar\u00e1 una limonada fresca. Pod\u00e9s agregarle<br \/>\nfrutos rojos para dar color y sabor.<br \/>\n#ALIMENTOS El mundo se divide en team dulce y team salado, pens\u00e1 en los dos y hac\u00e9<br \/>\npreparaciones que dejen contentos a todos.<br \/>\n#ALGOM\u00c1S Seguramente la merienda se extiende hasta el atardecer, as\u00ed que siempre es bueno<br \/>\ntener previsto alguna iluminaci\u00f3n que generar\u00e1 un ambiente especial.<br \/>\n#ACOCINAR Para ponerle sabor y color a nuestra merienda \u00bfQu\u00e9 receta recomendas?<br \/>\nUna receta que no falla para una rica, colorida y primaveral merienda es la \u201cPavlova\u201d.<br \/>\n\u00bfQu\u00e9 lleva?<br \/>\n\uf0b7 4 claras<br \/>\n\uf0b7 120 gr de az\u00facar com\u00fan<br \/>\n\uf0b7 120 gr de az\u00facar impalpable<br \/>\n\uf0b7 1 cucharada de almid\u00f3n de ma\u00edz<br \/>\nEl Relleno<br \/>\n\uf0b7 Dulce de leche c\/n<br \/>\n\uf0b7 Crema chantilly c\/n<br \/>\n\uf0b7 Frutos rojos c\/n<br \/>\n\u00a1Paso por paso!<br \/>\nBatir las claras, cuando comienzan a espumar agregar el az\u00facar com\u00fan en forma de lluvia y<br \/>\nbatir hasta montar por completo. Luego, retirar de la batidora y agregar el az\u00facar impalpable<br \/>\njunto con el almid\u00f3n haciendo movimientos envolventes con una esp\u00e1tula.<\/p>\n<p>https:\/\/www.instagram.com\/p\/B17TIgbgkvy\/<\/p>\n<p>&nbsp;<\/p>\n<p>Despu\u00e9s, colocar en manga y distribuir la preparaci\u00f3n sobre papel manteca formando una<br \/>\nespecie de canasta, primero la base y luego subir formando los laterales.<br \/>\nPor \u00faltimo llevar a horno bajo (90\/100 grados) durante una hora y media aproximadamente<br \/>\n\u00a1se debe secar el merengue! Luego rellenar con una capa de dulce de leche, crema y cubrir con<br \/>\nlos frutos rojos.<br \/>\n#ELRECOMENDADO<br \/>\nPara la Pavlova (siempre) recomiendo rellenar un rato antes de servir, para que la crema no lo<br \/>\nhumedezca y el merengue conserve su textura.<\/p>\n<!-- AddThis Advanced Settings generic via filter on the_content --><!-- AddThis Share Buttons generic via filter on the_content -->","protected":false},"excerpt":{"rendered":"<p>POR: ROC\u00cdO SOSA &#8211; @rososajuarez Vero Facchinello es Pastelera Profesional, emprendedora, familiera y amante de la alegr\u00eda en forma de delicias. A trav\u00e9s de su Instagram @vero_facchinello aconseja, inspira y ense\u00f1a a dejar \u201cun trocito de nuestra alma\u201d en cada receta, para mimar y mimarnos. Empez\u00f3 la primavera, los d\u00edas soleados y las ganas de [&hellip;]<!-- AddThis Advanced Settings generic via filter on get_the_excerpt --><!-- AddThis Share Buttons generic via filter on get_the_excerpt --><\/p>\n","protected":false},"author":6,"featured_media":19064,"comment_status":"closed","ping_status":"open","sticky":false,"template":"","format":"standard","meta":{"_acf_changed":false,"om_disable_all_campaigns":false,"_monsterinsights_skip_tracking":false,"_monsterinsights_sitenote_active":false,"_monsterinsights_sitenote_note":"","_monsterinsights_sitenote_category":0,"_uf_show_specific_survey":0,"_uf_disable_surveys":false,"footnotes":""},"categories":[376],"tags":[],"class_list":["post-19061","post","type-post","status-publish","format-standard","has-post-thumbnail","hentry","category-lifestyle"],"acf":[],"aioseo_notices":[],"_links":{"self":[{"href":"https:\/\/www.lasrosas.com.ar\/portal\/wp-json\/wp\/v2\/posts\/19061","targetHints":{"allow":["GET"]}}],"collection":[{"href":"https:\/\/www.lasrosas.com.ar\/portal\/wp-json\/wp\/v2\/posts"}],"about":[{"href":"https:\/\/www.lasrosas.com.ar\/portal\/wp-json\/wp\/v2\/types\/post"}],"author":[{"embeddable":true,"href":"https:\/\/www.lasrosas.com.ar\/portal\/wp-json\/wp\/v2\/users\/6"}],"replies":[{"embeddable":true,"href":"https:\/\/www.lasrosas.com.ar\/portal\/wp-json\/wp\/v2\/comments?post=19061"}],"version-history":[{"count":0,"href":"https:\/\/www.lasrosas.com.ar\/portal\/wp-json\/wp\/v2\/posts\/19061\/revisions"}],"wp:featuredmedia":[{"embeddable":true,"href":"https:\/\/www.lasrosas.com.ar\/portal\/wp-json\/wp\/v2\/media\/19064"}],"wp:attachment":[{"href":"https:\/\/www.lasrosas.com.ar\/portal\/wp-json\/wp\/v2\/media?parent=19061"}],"wp:term":[{"taxonomy":"category","embeddable":true,"href":"https:\/\/www.lasrosas.com.ar\/portal\/wp-json\/wp\/v2\/categories?post=19061"},{"taxonomy":"post_tag","embeddable":true,"href":"https:\/\/www.lasrosas.com.ar\/portal\/wp-json\/wp\/v2\/tags?post=19061"}],"curies":[{"name":"wp","href":"https:\/\/api.w.org\/{rel}","templated":true}]}}