{"id":19005,"date":"2019-09-20T16:38:37","date_gmt":"2019-09-20T19:38:37","guid":{"rendered":"https:\/\/www.lasrosas.com.ar\/portal\/?p=19005"},"modified":"2019-09-23T09:26:13","modified_gmt":"2019-09-23T12:26:13","slug":"que-son-los-suenos-segun-el-psicoanalisis","status":"publish","type":"post","link":"https:\/\/www.lasrosas.com.ar\/portal\/que-son-los-suenos-segun-el-psicoanalisis\/","title":{"rendered":"\u00bfQUE SON LOS SUE\u00d1OS SEG\u00daN EL PSICOANALISIS?"},"content":{"rendered":"<h4>POR: CONSTANZA MONFERINI ZAPIOLA. Instagram: @cotimonferini.<br \/>\nUna de las dudas que m\u00e1s suscitan en nuestro d\u00eda a d\u00eda, est\u00e1 relacionado a esta pregunta. A continuaci\u00f3n, se detallar\u00e1 todo lo relacionado a la interpretaci\u00f3n de los sue\u00f1os seg\u00fan el padre del psicoan\u00e1lisis.<\/h4>\n<p>En principio, es de ser necesario establecer antes de dar inicio a este art\u00edculo aportar cierta base de la teor\u00eda psicoanal\u00edtica, para luego introducirnos en unos de los escritos m\u00e1s conocidos de Freud: La interpretaci\u00f3n de los Sue\u00f1os. Desde su teor\u00eda, se afirma la existencia de procesos mentales que yacen m\u00e1s all\u00e1 de nuestro pensamiento consciente. Por ende, el ser humano no tiene posesi\u00f3n ni el manejo total de los procesos mentales, tanto consientes como inconscientes. En este sentido, el austriaco determina que los sue\u00f1os son el primer eslab\u00f3n de una serie de formaciones ps\u00edquicas y su valor es m\u00e1s te\u00f3rico que pr\u00e1ctico, ya que nos permite explicar \u201cla g\u00e9nesis de las fobias, neurosis e ideas obsesivas\u201d.<\/p>\n\r\n\t\t<style type='text\/css'>\r\n\t\t\t#gallery-1 {\r\n\t\t\t\tmargin: auto;\r\n\t\t\t}\r\n\t\t\t#gallery-1 .gallery-item {\r\n\t\t\t\tfloat: left;\r\n\t\t\t\tmargin-top: 10px;\r\n\t\t\t\ttext-align: center;\r\n\t\t\t\twidth: 33%;\r\n\t\t\t}\r\n\t\t\t#gallery-1 img {\r\n\t\t\t\tborder: 2px solid #cfcfcf;\r\n\t\t\t}\r\n\t\t\t#gallery-1 .gallery-caption {\r\n\t\t\t\tmargin-left: 0;\r\n\t\t\t}\r\n\t\t<\/style>\r\n\t\t<!-- see gallery_shortcode() in wp-includes\/media.php -->\n\t\t<div id='gallery-1' class='gallery galleryid-19005 gallery-columns-3 gallery-size-thumbnail gallery1'><script type=\"text\/javascript\">\r\n\/\/ <![CDATA[\r\n\tjQuery(document).ready(function () {\r\n\t\tjQuery(\".gallery1 a\").attr(\"rel\",\"gallery1\");\t\r\n\t\tjQuery('a[rel=\"gallery1\"]').colorbox({maxWidth:\"95%\", maxHeight:\"95%\",title: function(){ return jQuery(this).children().attr(\"alt\"); }, });\r\n\t});\r\n\/\/ ]]>\r\n<\/script>\n<dl class=\"gallery-item\">\n<dt class=\"gallery-icon\">\r\n<a href=\"https:\/\/www.lasrosas.com.ar\/portal\/wp-content\/uploads\/Descansar-dormir-y-el-suen\u0303o-las-diferencias-y-la-relacion-entre-estas-acciones.jpg\" title=\"\" rel=\"gallery1\"><img decoding=\"async\" data-src=\"https:\/\/www.lasrosas.com.ar\/portal\/wp-content\/uploads\/Descansar-dormir-y-el-suen\u0303o-las-diferencias-y-la-relacion-entre-estas-acciones-640x480.jpg\" width=\"640\" height=\"480\" alt=\"\" src=\"data:image\/svg+xml;base64,PHN2ZyB3aWR0aD0iMSIgaGVpZ2h0PSIxIiB4bWxucz0iaHR0cDovL3d3dy53My5vcmcvMjAwMC9zdmciPjwvc3ZnPg==\" class=\"lazyload\" style=\"--smush-placeholder-width: 640px; --smush-placeholder-aspect-ratio: 640\/480;\" \/><\/a>\r\n<\/dt><\/dl>\r\n\t\t\t<br style='clear: both' \/>\r\n\t\t<\/div>\n\n<p>En esta l\u00ednea, la obra creada por el padre del psicoan\u00e1lisis, introduce el concepto de Yo y detalla el concepto del inconsciente en relaci\u00f3n a la interpretaci\u00f3n de los sue\u00f1os. De esta forma, plantea que las mismas son una v\u00eda de acceso al inconsciente mediante el empleo de la asociaci\u00f3n libre (t\u00e9cnica psicoanal\u00edtica que consiste en que el analizado exprese todas sus ocurrencias tal cual como se le presentan, sin ning\u00fan tipo de selecci\u00f3n y estructuraci\u00f3n del discurso), en base a los s\u00edmbolos y elementos del mismo sue\u00f1o.<\/p>\n<p>En este sentido, se determinar\u00e1 en primera instancia, que los sue\u00f1os son cumplimientos de deseos. M\u00e1s bien, tentativas propias del mundo del inconsciente, que motivan la actividad on\u00edrica debido a la cancelaci\u00f3n de la actividad motora (ya que estamos durmiendo), y proceden as\u00ed, a solventar aquellas cuestiones que no se han resuelto de manera consciente.<\/p>\n<p>Durante los sue\u00f1os, el inconsciente para manifestarse y no ser captador por la conciencia, debe deformar el sentido de su informaci\u00f3n para pasar desapercibido por la censura de la conciencia. De esta forma, las formaciones on\u00edricas en los sue\u00f1os, no son lo que parecen ser en t\u00e9rminos literales. Por ello, requiere de una profunda interpretaci\u00f3n para poder descifrarlos de forma correcta (y sobre todo para<br \/>\ncomprender el mundo subterr\u00e1neo que representa nuestro inconsciente).<\/p>\n<p>En base a lo anterior, Freud plantea que antes de analizar, se requiere de una selecci\u00f3n de los elementos determinantes que aparecen en la formaci\u00f3n on\u00edrica, y sucesivamente, el peso significativo que pueden llegar a tener en la reconstrucci\u00f3n de la historia del sujeto (particularmente en los aspectos infantiles e inconscientes y en la coherencia global correspondiente a dicha historia) (Freud, 1937).<br \/>\nPor lo cual, la interpretaci\u00f3n de los sue\u00f1os no es una t\u00e9cnica independiente, y por lo tanto, debe enmarcarse dentro del artificio de la terapia psicoanal\u00edtica, ya que lasreglas que gobiernan la l\u00f3gica consciente, no son las mismas que operaran en el inconsciente (Freud, 1911).<\/p>\n<p>Pero luego de la revoluci\u00f3n del \u201820 del psicoan\u00e1lisis, producida por el cambio de la teor\u00eda freudiana fundado por el mismo Freud, introduce por medio del escrito M\u00e1s all\u00e1 del Principio de Placer, una reestructuraci\u00f3n de esta primera tentativa. A partir de esta revoluci\u00f3n, el austriaco determinar\u00e1 que los sue\u00f1os no se constituyen por el cumplimiento de deseo, sino por la coexistencia de la pulsi\u00f3n de vida y de muerte de nuestra psiquis. Es decir, por la convivencia no est\u00e1n pacifica de aquello que nos lleva hacia un estado de Nirvana y a la muerte misma.<\/p>\n<!-- AddThis Advanced Settings generic via filter on the_content --><!-- AddThis Share Buttons generic via filter on the_content -->","protected":false},"excerpt":{"rendered":"<p>POR: CONSTANZA MONFERINI ZAPIOLA. Instagram: @cotimonferini. Una de las dudas que m\u00e1s suscitan en nuestro d\u00eda a d\u00eda, est\u00e1 relacionado a esta pregunta. A continuaci\u00f3n, se detallar\u00e1 todo lo relacionado a la interpretaci\u00f3n de los sue\u00f1os seg\u00fan el padre del psicoan\u00e1lisis. En principio, es de ser necesario establecer antes de dar inicio a este art\u00edculo [&hellip;]<!-- AddThis Advanced Settings generic via filter on get_the_excerpt --><!-- AddThis Share Buttons generic via filter on get_the_excerpt --><\/p>\n","protected":false},"author":6,"featured_media":19006,"comment_status":"closed","ping_status":"open","sticky":false,"template":"","format":"standard","meta":{"_acf_changed":false,"om_disable_all_campaigns":false,"_monsterinsights_skip_tracking":false,"_monsterinsights_sitenote_active":false,"_monsterinsights_sitenote_note":"","_monsterinsights_sitenote_category":0,"_uf_show_specific_survey":0,"_uf_disable_surveys":false,"footnotes":""},"categories":[376],"tags":[],"class_list":["post-19005","post","type-post","status-publish","format-standard","has-post-thumbnail","hentry","category-lifestyle"],"acf":[],"aioseo_notices":[],"_links":{"self":[{"href":"https:\/\/www.lasrosas.com.ar\/portal\/wp-json\/wp\/v2\/posts\/19005","targetHints":{"allow":["GET"]}}],"collection":[{"href":"https:\/\/www.lasrosas.com.ar\/portal\/wp-json\/wp\/v2\/posts"}],"about":[{"href":"https:\/\/www.lasrosas.com.ar\/portal\/wp-json\/wp\/v2\/types\/post"}],"author":[{"embeddable":true,"href":"https:\/\/www.lasrosas.com.ar\/portal\/wp-json\/wp\/v2\/users\/6"}],"replies":[{"embeddable":true,"href":"https:\/\/www.lasrosas.com.ar\/portal\/wp-json\/wp\/v2\/comments?post=19005"}],"version-history":[{"count":0,"href":"https:\/\/www.lasrosas.com.ar\/portal\/wp-json\/wp\/v2\/posts\/19005\/revisions"}],"wp:featuredmedia":[{"embeddable":true,"href":"https:\/\/www.lasrosas.com.ar\/portal\/wp-json\/wp\/v2\/media\/19006"}],"wp:attachment":[{"href":"https:\/\/www.lasrosas.com.ar\/portal\/wp-json\/wp\/v2\/media?parent=19005"}],"wp:term":[{"taxonomy":"category","embeddable":true,"href":"https:\/\/www.lasrosas.com.ar\/portal\/wp-json\/wp\/v2\/categories?post=19005"},{"taxonomy":"post_tag","embeddable":true,"href":"https:\/\/www.lasrosas.com.ar\/portal\/wp-json\/wp\/v2\/tags?post=19005"}],"curies":[{"name":"wp","href":"https:\/\/api.w.org\/{rel}","templated":true}]}}