{"id":18824,"date":"2019-09-17T11:36:19","date_gmt":"2019-09-17T14:36:19","guid":{"rendered":"https:\/\/www.lasrosas.com.ar\/portal\/?p=18824"},"modified":"2019-09-17T11:36:19","modified_gmt":"2019-09-17T14:36:19","slug":"una-fresca-primavera","status":"publish","type":"post","link":"https:\/\/www.lasrosas.com.ar\/portal\/una-fresca-primavera\/","title":{"rendered":"UNA FRESCA PRIMAVERA"},"content":{"rendered":"<p>Por: Fer Tavarone<\/p>\n<p class=\"s3\"><span class=\"s4\"><span class=\"bumpedFont15\">Ya se aproxima la primavera y con ella los d\u00edas de calor, es por ello que<\/span><\/span><span class=\"s4\"><span class=\"bumpedFont15\">, <\/span><\/span><span class=\"s4\"><span class=\"bumpedFont15\">para las aficionadas a los cosm\u00e9ticos<\/span><\/span><span class=\"s4\"><span class=\"bumpedFont15\">, <\/span><\/span><span class=\"s4\"><span class=\"bumpedFont15\">la mini Heladera <\/span><\/span><span class=\"s4\"><span class=\"bumpedFont15\">Beauty<\/span><\/span><span class=\"s4\"><span class=\"bumpedFont15\"> ser\u00e1 un<\/span><\/span><span class=\"s4\"><span class=\"bumpedFont15\">a compa\u00f1era <\/span><\/span><span class=\"s4\"><span class=\"bumpedFont15\">ideal para tener en sus casas.<\/span><\/span><\/p>\n<p class=\"s5\"><span class=\"s6\"><span class=\"bumpedFont15\">Sabemos que para mantener las cremas no es necesario contar con una heladera ya que las mismas en su mayor\u00eda no se echan a <\/span><\/span><span class=\"s6\"><span class=\"bumpedFont15\">perder,<\/span><\/span><span class=\"s6\"><span class=\"bumpedFont15\"> pero <\/span><\/span><span class=\"s6\"><span class=\"bumpedFont15\">hay unas pocas que verdaderamente lo necesitan <\/span><\/span><span class=\"s6\"><span class=\"bumpedFont15\">ya que <\/span><\/span><span class=\"s6\"><span class=\"bumpedFont15\">por su composici\u00f3n natural podr\u00edan tener menos <\/span><\/span><span class=\"s6\"><span class=\"bumpedFont15\">durabilidad,<\/span><\/span> <span class=\"s6\"><span class=\"bumpedFont15\">de <\/span><\/span><span class=\"s6\"><span class=\"bumpedFont15\">lo que <\/span><\/span><span class=\"s6\"><span class=\"bumpedFont15\">s\u00ed<\/span><\/span> <span class=\"s6\"><span class=\"bumpedFont15\">estamos <\/span><\/span><span class=\"s6\"><span class=\"bumpedFont15\">seguras <\/span><\/span><span class=\"s6\"><span class=\"bumpedFont15\">es \u00a0<\/span><\/span><span class=\"s6\"><span class=\"bumpedFont15\">qu<\/span><\/span><span class=\"s6\"><span class=\"bumpedFont15\">\u00e9<\/span><\/span><span class=\"s6\"><span class=\"bumpedFont15\">, <\/span><\/span><span class=\"s6\"><span class=\"bumpedFont15\">cuando empieza a sentirse el calor<\/span><\/span><span class=\"s6\"><span class=\"bumpedFont15\">, <\/span><\/span><span class=\"s6\"><span class=\"bumpedFont15\">no hay nada mejor que <\/span><\/span><span class=\"s6\"><span class=\"bumpedFont15\">pod<\/span><\/span><span class=\"s6\"><span class=\"bumpedFont15\">er<\/span><\/span> <span class=\"s6\"><span class=\"bumpedFont15\">contar con<\/span><\/span><span class=\"s6\"><span class=\"bumpedFont15\"> cremas,<\/span><\/span> <span class=\"s6\"><span class=\"bumpedFont15\">m\u00e1scaras<\/span><\/span> <span class=\"s6\"><span class=\"bumpedFont15\">y dem\u00e1s productos <\/span><\/span><span class=\"s6\"><span class=\"bumpedFont15\">que nos aporten <\/span><\/span><span class=\"s6\"><span class=\"bumpedFont15\">fres<\/span><\/span><span class=\"s6\"><span class=\"bumpedFont15\">cura y suavidad en la piel lo cual<\/span><\/span><span class=\"s6\"><span class=\"bumpedFont15\"> suena<\/span><\/span><span class=\"s6\"><span class=\"bumpedFont15\">genial.<\/span><\/span><\/p>\n<p class=\"s5\"><span class=\"s6\"><span class=\"bumpedFont15\">E<\/span><\/span><span class=\"s6\"><span class=\"bumpedFont15\">stas <\/span><\/span><span class=\"s6\"><span class=\"bumpedFont15\">peque\u00f1as heladeras <\/span><\/span><span class=\"s6\"><span class=\"bumpedFont15\">beauty<\/span><\/span><span class=\"s6\"><span class=\"bumpedFont15\"> han logrado conquistar el coraz\u00f3n de varias mujeres por su tama\u00f1o peque\u00f1o y sus tonos pasteles, <\/span><\/span><span class=\"s6\"><span class=\"bumpedFont15\">ello <\/span><\/span><span class=\"s6\"><span class=\"bumpedFont15\">hace <\/span><\/span><span class=\"s6\"><span class=\"bumpedFont15\">que <\/span><\/span><span class=\"s6\"><span class=\"bumpedFont15\">se vuelvan un objeto que toda<\/span><\/span><span class=\"s6\"><span class=\"bumpedFont15\">s<\/span><\/span><span class=\"s6\"><span class=\"bumpedFont15\">quiere<\/span><\/span><span class=\"s6\"><span class=\"bumpedFont15\">n<\/span><\/span><span class=\"s6\"><span class=\"bumpedFont15\"> tener en su casa, lo beneficioso es que por su fachada <\/span><\/span><span class=\"s6\"><span class=\"bumpedFont15\">son <\/span><\/span><span class=\"s6\"><span class=\"bumpedFont15\">adaptable<\/span><\/span><span class=\"s6\"><span class=\"bumpedFont15\">s<\/span><\/span><span class=\"s6\"><span class=\"bumpedFont15\"> a cualquier espacio del hogar, <\/span><\/span><span class=\"s6\"><span class=\"bumpedFont15\">ya que no ocupan mucho lugar y por el contrario les puede sumar a la decoraci\u00f3n total ya que lograra<\/span><\/span><span class=\"s6\"><span class=\"bumpedFont15\">n<\/span><\/span><span class=\"s6\"><span class=\"bumpedFont15\"> llamar la atenci\u00f3n de cualquier persona que la vea.<\/span><\/span><\/p>\n<p><img decoding=\"async\" class=\"alignnone size-full wp-image-18825 lazyload\" data-src=\"https:\/\/www.lasrosas.com.ar\/portal\/wp-content\/uploads\/970038F7-17C1-4EBD-9D5E-01380E874706.jpeg\" alt=\"\" width=\"900\" height=\"900\" src=\"data:image\/svg+xml;base64,PHN2ZyB3aWR0aD0iMSIgaGVpZ2h0PSIxIiB4bWxucz0iaHR0cDovL3d3dy53My5vcmcvMjAwMC9zdmciPjwvc3ZnPg==\" style=\"--smush-placeholder-width: 900px; --smush-placeholder-aspect-ratio: 900\/900;\" \/><\/p>\n<p class=\"s5\"><span class=\"s6\"><span class=\"bumpedFont15\">As\u00ed<\/span><\/span><span class=\"s6\"><span class=\"bumpedFont15\"> que para las fan\u00e1ticas del <\/span><\/span><span class=\"s6\"><span class=\"bumpedFont15\">makeup<\/span><\/span><span class=\"s6\"><span class=\"bumpedFont15\"> y las cremas<\/span><\/span><span class=\"s6\"><span class=\"bumpedFont15\"> este <\/span><\/span><span class=\"s6\"><span class=\"bumpedFont15\">ser\u00e1 uno de los accesorios que<\/span><\/span> <span class=\"s6\"><span class=\"bumpedFont15\">muchas desearan <\/span><\/span><span class=\"s6\"><span class=\"bumpedFont15\">ya que<\/span><\/span> <a name=\"_GoBack\"><\/a><span class=\"s6\"><span class=\"bumpedFont15\">son <\/span><\/span><span class=\"s6\"><span class=\"bumpedFont15\">so\u00f1ada<\/span><\/span><span class=\"s6\"><span class=\"bumpedFont15\">s<\/span><\/span><span class=\"s6\"><span class=\"bumpedFont15\"> y <\/span><\/span><span class=\"s6\"><span class=\"bumpedFont15\">novedosas, \u00a0adem\u00e1s <\/span><\/span><span class=\"s6\"><span class=\"bumpedFont15\">est\u00e1n siendo furor en <\/span><\/span><span class=\"s6\"><span class=\"bumpedFont15\">redes como Instagram, <\/span><\/span><span class=\"s6\"><span class=\"bumpedFont15\">eso s\u00ed<\/span><\/span><span class=\"s6\"><span class=\"bumpedFont15\">, <\/span><\/span><span class=\"s6\"><span class=\"bumpedFont15\">no son f\u00e1ciles de encontrar<\/span><\/span><span class=\"s6\"><span class=\"bumpedFont15\"> y adquirir<\/span><\/span><span class=\"s6\"><span class=\"bumpedFont15\">,<\/span><\/span><span class=\"s6\"><span class=\"bumpedFont15\"> as\u00ed \u00a0que, <\/span><\/span><span class=\"s6\"><span class=\"bumpedFont15\">aquellas que l<\/span><\/span><span class=\"s6\"><span class=\"bumpedFont15\">a <\/span><\/span><span class=\"s6\"><span class=\"bumpedFont15\">quieran<\/span><\/span><span class=\"s6\"><span class=\"bumpedFont15\"> podr\u00e1n <\/span><\/span><span class=\"s6\"><span class=\"bumpedFont15\">busca<\/span><\/span><span class=\"s6\"><span class=\"bumpedFont15\">rla.<\/span><\/span><\/p>\n<p>&nbsp;<\/p>\n<hr \/>\n<hr \/>\n<p class=\"s5\">\n<!-- AddThis Advanced Settings generic via filter on the_content --><!-- AddThis Share Buttons generic via filter on the_content -->","protected":false},"excerpt":{"rendered":"<p>Por: Fer Tavarone Ya se aproxima la primavera y con ella los d\u00edas de calor, es por ello que, para las aficionadas a los cosm\u00e9ticos, la mini Heladera Beauty ser\u00e1 una compa\u00f1era ideal para tener en sus casas. Sabemos que para mantener las cremas no es necesario contar con una heladera ya que las mismas [&hellip;]<!-- AddThis Advanced Settings generic via filter on get_the_excerpt --><!-- AddThis Share Buttons generic via filter on get_the_excerpt --><\/p>\n","protected":false},"author":6,"featured_media":18826,"comment_status":"closed","ping_status":"open","sticky":false,"template":"","format":"standard","meta":{"_acf_changed":false,"om_disable_all_campaigns":false,"_monsterinsights_skip_tracking":false,"_monsterinsights_sitenote_active":false,"_monsterinsights_sitenote_note":"","_monsterinsights_sitenote_category":0,"_uf_show_specific_survey":0,"_uf_disable_surveys":false,"footnotes":""},"categories":[376],"tags":[],"class_list":["post-18824","post","type-post","status-publish","format-standard","has-post-thumbnail","hentry","category-lifestyle"],"acf":[],"aioseo_notices":[],"_links":{"self":[{"href":"https:\/\/www.lasrosas.com.ar\/portal\/wp-json\/wp\/v2\/posts\/18824","targetHints":{"allow":["GET"]}}],"collection":[{"href":"https:\/\/www.lasrosas.com.ar\/portal\/wp-json\/wp\/v2\/posts"}],"about":[{"href":"https:\/\/www.lasrosas.com.ar\/portal\/wp-json\/wp\/v2\/types\/post"}],"author":[{"embeddable":true,"href":"https:\/\/www.lasrosas.com.ar\/portal\/wp-json\/wp\/v2\/users\/6"}],"replies":[{"embeddable":true,"href":"https:\/\/www.lasrosas.com.ar\/portal\/wp-json\/wp\/v2\/comments?post=18824"}],"version-history":[{"count":0,"href":"https:\/\/www.lasrosas.com.ar\/portal\/wp-json\/wp\/v2\/posts\/18824\/revisions"}],"wp:featuredmedia":[{"embeddable":true,"href":"https:\/\/www.lasrosas.com.ar\/portal\/wp-json\/wp\/v2\/media\/18826"}],"wp:attachment":[{"href":"https:\/\/www.lasrosas.com.ar\/portal\/wp-json\/wp\/v2\/media?parent=18824"}],"wp:term":[{"taxonomy":"category","embeddable":true,"href":"https:\/\/www.lasrosas.com.ar\/portal\/wp-json\/wp\/v2\/categories?post=18824"},{"taxonomy":"post_tag","embeddable":true,"href":"https:\/\/www.lasrosas.com.ar\/portal\/wp-json\/wp\/v2\/tags?post=18824"}],"curies":[{"name":"wp","href":"https:\/\/api.w.org\/{rel}","templated":true}]}}