{"id":18479,"date":"2019-09-06T12:00:25","date_gmt":"2019-09-06T15:00:25","guid":{"rendered":"https:\/\/www.lasrosas.com.ar\/portal\/?p=18479"},"modified":"2019-09-06T12:00:53","modified_gmt":"2019-09-06T15:00:53","slug":"las-chicas-del-cable-temporada-4-un-feminismo-inverosimil","status":"publish","type":"post","link":"https:\/\/www.lasrosas.com.ar\/portal\/las-chicas-del-cable-temporada-4-un-feminismo-inverosimil\/","title":{"rendered":"LAS CHICAS DEL CABLE, TEMPORADA 4: \u00bfUN FEMINISMO INVEROSIMIL?"},"content":{"rendered":"<h4>Por:@cotimonferini.<\/h4>\n<h4>A un mes de su estreno, las telefonistas de Netflix buscan atender cuestiones propias de la<br \/>\nactualidad que las llevan a l\u00edneas dram\u00e1ticas poco cre\u00edbles.<\/h4>\n<p>El cine al igual que la literatura, nos adentra a un mundo en donde fluye la percepci\u00f3n. Imagen,<br \/>\nsonido y argumento, deben interactuar de tal forma que pueda suscitar una conexi\u00f3n<br \/>\nemocional y reflexiva. Por ello, es necesario que el espectador pueda creer lo que aprecia con<br \/>\nlos sentidos. Pero lo anterior, se logra a trav\u00e9s de la verosimilitud.<br \/>\n\u00bfQu\u00e9 es la verosimilitud? Muchos la consideran sin\u00f3nimo de realismo, aunque en realidad, el<br \/>\nconcepto se acerca m\u00e1s a aquello que parece verdadero. Por ende, esta afiliaci\u00f3n entre<br \/>\nespectador y creador, debe ser cre\u00edble por medio de la construcci\u00f3n del mundo diegetico y los<br \/>\nc\u00f3digos est\u00e9ticos que la constituyen como coherentes.<\/p>\n<p>En lo que nos concierne a la nueva temporada de Las Chicas de Cable, se puede decir que la<br \/>\ncoherencia y la verosimilitud, no se hacen presentes en todo su esplendor. La serie arranca<br \/>\ncomo las otras temporadas: Una potente reivindicaci\u00f3n femenina por promulgar la alcald\u00eda de<\/p>\n<p>Carlota, a pesar de la forma dram\u00e1tica en que finalizo la tercera temporada con la exposici\u00f3n<br \/>\nde la compa\u00f1\u00eda de tel\u00e9fonos. Pero las pretensiones de Carlota, ser\u00e1n denegadas al ser acusada<br \/>\nde un homicidio. Esa es la l\u00ednea argumental m\u00e1s potente de la temporada. Sin contar con todos<br \/>\nlos puntos de giros que dificultan los objetivos de las personajes y sus enredos amorosos, para<br \/>\nponer m\u00e1s az\u00facar y pimienta al drama. Sin embargo, se puede destacar que las personajes se<br \/>\nencuentran mas asentadas y con un mayor car\u00e1cter en su evoluci\u00f3n.<\/p>\n\r\n\t\t<style type='text\/css'>\r\n\t\t\t#gallery-1 {\r\n\t\t\t\tmargin: auto;\r\n\t\t\t}\r\n\t\t\t#gallery-1 .gallery-item {\r\n\t\t\t\tfloat: left;\r\n\t\t\t\tmargin-top: 10px;\r\n\t\t\t\ttext-align: center;\r\n\t\t\t\twidth: 33%;\r\n\t\t\t}\r\n\t\t\t#gallery-1 img {\r\n\t\t\t\tborder: 2px solid #cfcfcf;\r\n\t\t\t}\r\n\t\t\t#gallery-1 .gallery-caption {\r\n\t\t\t\tmargin-left: 0;\r\n\t\t\t}\r\n\t\t<\/style>\r\n\t\t<!-- see gallery_shortcode() in wp-includes\/media.php -->\n\t\t<div id='gallery-1' class='gallery galleryid-18479 gallery-columns-3 gallery-size-large gallery1'><script type=\"text\/javascript\">\r\n\/\/ <![CDATA[\r\n\tjQuery(document).ready(function () {\r\n\t\tjQuery(\".gallery1 a\").attr(\"rel\",\"gallery1\");\t\r\n\t\tjQuery('a[rel=\"gallery1\"]').colorbox({maxWidth:\"95%\", maxHeight:\"95%\",title: function(){ return jQuery(this).children().attr(\"alt\"); }, });\r\n\t});\r\n\/\/ ]]>\r\n<\/script>\n<dl class=\"gallery-item\">\n<dt class=\"gallery-icon\">\r\n<a href=\"https:\/\/www.lasrosas.com.ar\/portal\/wp-content\/uploads\/laschicasdelcable4.jpeg\" title=\"\" rel=\"gallery1\"><img decoding=\"async\" data-src=\"https:\/\/www.lasrosas.com.ar\/portal\/wp-content\/uploads\/laschicasdelcable4.jpeg\" width=\"950\" height=\"476\" alt=\"\" src=\"data:image\/svg+xml;base64,PHN2ZyB3aWR0aD0iMSIgaGVpZ2h0PSIxIiB4bWxucz0iaHR0cDovL3d3dy53My5vcmcvMjAwMC9zdmciPjwvc3ZnPg==\" class=\"lazyload\" style=\"--smush-placeholder-width: 950px; --smush-placeholder-aspect-ratio: 950\/476;\" \/><\/a>\r\n<\/dt><\/dl><dl class=\"gallery-item\">\n<dt class=\"gallery-icon\">\r\n<a href=\"https:\/\/www.lasrosas.com.ar\/portal\/wp-content\/uploads\/laschicasdelcable3.jpeg\" title=\"\" rel=\"gallery1\"><img decoding=\"async\" data-src=\"https:\/\/www.lasrosas.com.ar\/portal\/wp-content\/uploads\/laschicasdelcable3.jpeg\" width=\"950\" height=\"459\" alt=\"\" src=\"data:image\/svg+xml;base64,PHN2ZyB3aWR0aD0iMSIgaGVpZ2h0PSIxIiB4bWxucz0iaHR0cDovL3d3dy53My5vcmcvMjAwMC9zdmciPjwvc3ZnPg==\" class=\"lazyload\" style=\"--smush-placeholder-width: 950px; --smush-placeholder-aspect-ratio: 950\/459;\" \/><\/a>\r\n<\/dt><\/dl><dl class=\"gallery-item\">\n<dt class=\"gallery-icon\">\r\n<a href=\"https:\/\/www.lasrosas.com.ar\/portal\/wp-content\/uploads\/las-chicas-del-cable-2.jpg\" title=\"\" rel=\"gallery1\"><img decoding=\"async\" data-src=\"https:\/\/www.lasrosas.com.ar\/portal\/wp-content\/uploads\/las-chicas-del-cable-2.jpg\" width=\"950\" height=\"482\" alt=\"\" src=\"data:image\/svg+xml;base64,PHN2ZyB3aWR0aD0iMSIgaGVpZ2h0PSIxIiB4bWxucz0iaHR0cDovL3d3dy53My5vcmcvMjAwMC9zdmciPjwvc3ZnPg==\" class=\"lazyload\" style=\"--smush-placeholder-width: 950px; --smush-placeholder-aspect-ratio: 950\/482;\" \/><\/a>\r\n<\/dt><\/dl><br style=\"clear: both\" \/><dl class=\"gallery-item\">\n<dt class=\"gallery-icon\">\r\n<a href=\"https:\/\/www.lasrosas.com.ar\/portal\/wp-content\/uploads\/elle-las-chicas-del-cable-t4-01.jpg\" title=\"\" rel=\"gallery1\"><img decoding=\"async\" data-src=\"https:\/\/www.lasrosas.com.ar\/portal\/wp-content\/uploads\/elle-las-chicas-del-cable-t4-01.jpg\" width=\"768\" height=\"513\" alt=\"\" src=\"data:image\/svg+xml;base64,PHN2ZyB3aWR0aD0iMSIgaGVpZ2h0PSIxIiB4bWxucz0iaHR0cDovL3d3dy53My5vcmcvMjAwMC9zdmciPjwvc3ZnPg==\" class=\"lazyload\" style=\"--smush-placeholder-width: 768px; --smush-placeholder-aspect-ratio: 768\/513;\" \/><\/a>\r\n<\/dt><\/dl>\r\n\t\t\t<br style='clear: both' \/>\r\n\t\t<\/div>\n\n<p>Pero lamentablemente, por querer abarcar un mayor p\u00fablico, se aleja de las condiciones<br \/>\nhist\u00f3ricas que la enmarcan, debido al tratamiento de temas tan actuales que conjuga una<br \/>\nhistoria llena de anacronismos sin sentido. \u00bfEst\u00e1 mal tratar la despenalizaci\u00f3n de la<br \/>\nhomosexualidad en Madrid en 1931? No, sino que es no es cre\u00edble, ya que no es coherente con<br \/>\nla historia que se tiene de referencia de Espa\u00f1a.<\/p>\n<p>En base a lo anterior, lleva a la conformaci\u00f3n de episodios entre planos y muy planos, con<br \/>\nalgunas tramas poco cre\u00edbles y una sobre abundancia del recurso de la banda sonora y la voz<br \/>\nen off. Y es una l\u00e1stima, ya que el sello de Las Chicas del Cable se destaca por muy buenas<br \/>\nactuaciones, una excelente puesta en escena y un fuerte argumento caracterizado por la<br \/>\namistad y un feminismo indeleble.<\/p>\n<p>El resultado de la cuarta temporada, repito: falta de coherencia y verosimilitud, a pesar de una<br \/>\namistad ilesa.<\/p>\n<p>PUNTAJE: 6\/10.<\/p>\n<!-- AddThis Advanced Settings generic via filter on the_content --><!-- AddThis Share Buttons generic via filter on the_content -->","protected":false},"excerpt":{"rendered":"<p>Por:@cotimonferini. A un mes de su estreno, las telefonistas de Netflix buscan atender cuestiones propias de la actualidad que las llevan a l\u00edneas dram\u00e1ticas poco cre\u00edbles. El cine al igual que la literatura, nos adentra a un mundo en donde fluye la percepci\u00f3n. Imagen, sonido y argumento, deben interactuar de tal forma que pueda suscitar [&hellip;]<!-- AddThis Advanced Settings generic via filter on get_the_excerpt --><!-- AddThis Share Buttons generic via filter on get_the_excerpt --><\/p>\n","protected":false},"author":6,"featured_media":18484,"comment_status":"closed","ping_status":"open","sticky":false,"template":"","format":"standard","meta":{"_acf_changed":false,"om_disable_all_campaigns":false,"_monsterinsights_skip_tracking":false,"_monsterinsights_sitenote_active":false,"_monsterinsights_sitenote_note":"","_monsterinsights_sitenote_category":0,"_uf_show_specific_survey":0,"_uf_disable_surveys":false,"footnotes":""},"categories":[100],"tags":[],"class_list":["post-18479","post","type-post","status-publish","format-standard","has-post-thumbnail","hentry","category-noticias"],"acf":[],"aioseo_notices":[],"_links":{"self":[{"href":"https:\/\/www.lasrosas.com.ar\/portal\/wp-json\/wp\/v2\/posts\/18479","targetHints":{"allow":["GET"]}}],"collection":[{"href":"https:\/\/www.lasrosas.com.ar\/portal\/wp-json\/wp\/v2\/posts"}],"about":[{"href":"https:\/\/www.lasrosas.com.ar\/portal\/wp-json\/wp\/v2\/types\/post"}],"author":[{"embeddable":true,"href":"https:\/\/www.lasrosas.com.ar\/portal\/wp-json\/wp\/v2\/users\/6"}],"replies":[{"embeddable":true,"href":"https:\/\/www.lasrosas.com.ar\/portal\/wp-json\/wp\/v2\/comments?post=18479"}],"version-history":[{"count":0,"href":"https:\/\/www.lasrosas.com.ar\/portal\/wp-json\/wp\/v2\/posts\/18479\/revisions"}],"wp:featuredmedia":[{"embeddable":true,"href":"https:\/\/www.lasrosas.com.ar\/portal\/wp-json\/wp\/v2\/media\/18484"}],"wp:attachment":[{"href":"https:\/\/www.lasrosas.com.ar\/portal\/wp-json\/wp\/v2\/media?parent=18479"}],"wp:term":[{"taxonomy":"category","embeddable":true,"href":"https:\/\/www.lasrosas.com.ar\/portal\/wp-json\/wp\/v2\/categories?post=18479"},{"taxonomy":"post_tag","embeddable":true,"href":"https:\/\/www.lasrosas.com.ar\/portal\/wp-json\/wp\/v2\/tags?post=18479"}],"curies":[{"name":"wp","href":"https:\/\/api.w.org\/{rel}","templated":true}]}}