{"id":1832,"date":"2017-11-14T16:59:18","date_gmt":"2017-11-14T19:59:18","guid":{"rendered":"https:\/\/www.lasrosas.com.ar\/portal\/?p=1832"},"modified":"2019-01-16T17:36:09","modified_gmt":"2019-01-16T20:36:09","slug":"las-pepas","status":"publish","type":"post","link":"https:\/\/www.lasrosas.com.ar\/portal\/las-pepas\/","title":{"rendered":"LAS PEPAS"},"content":{"rendered":"<h3 style=\"text-align: right;\">Por Sof\u00eda Monguillot<\/h3>\n<h3>De la mano de Rosa Hofman y Eva Nowodworski, madre e hija, la empresa comenz\u00f3 hace m\u00e1s de veinte a\u00f1os y se especializaba principalmente en cuero; hoy cuenta con una gran variedad de materiales y dise\u00f1os exclusivos con el toque profesional de Eva, egresada de la UBA.<\/h3>\n<p><strong>Desembarco<\/strong><\/p>\n<p>Durante diez a\u00f1os Las Pepas cont\u00f3 con una franquicia en Espa\u00f1a; actualmente el objetivo es retornar all\u00ed y desembarcar en otros mercados.<\/p>\n<p><strong>Identidad<\/strong><\/p>\n<p>A trav\u00e9s de los a\u00f1os han creado y definido una identidad que hoy es conocida no s\u00f3lo en Argentina, sino tambi\u00e9n en el exterior. Con su estilo muy marcado y toque vanguardista y urbano, en cada temporada las prendas se llevan toda la atenci\u00f3n, presentando originalidad y alegr\u00eda.<\/p>\n<p><img decoding=\"async\" class=\"alignnone wp-image-1834 lazyload\" data-src=\"https:\/\/www.lasrosas.com.ar\/portal\/wp-content\/uploads\/1-20-960x640.jpg\" alt=\"\" width=\"750\" height=\"500\" data-srcset=\"https:\/\/www.lasrosas.com.ar\/portal\/wp-content\/uploads\/1-20-960x640.jpg 960w, https:\/\/www.lasrosas.com.ar\/portal\/wp-content\/uploads\/1-20-1536x1024.jpg 1536w, https:\/\/www.lasrosas.com.ar\/portal\/wp-content\/uploads\/1-20.jpg 1731w\" data-sizes=\"(max-width: 750px) 100vw, 750px\" src=\"data:image\/svg+xml;base64,PHN2ZyB3aWR0aD0iMSIgaGVpZ2h0PSIxIiB4bWxucz0iaHR0cDovL3d3dy53My5vcmcvMjAwMC9zdmciPjwvc3ZnPg==\" style=\"--smush-placeholder-width: 750px; --smush-placeholder-aspect-ratio: 750\/500;\" \/><\/p>\n<p><strong>Mujer<\/strong><\/p>\n<p>Es atrevida y abierta a todos los looks rompiendo con el estilo cl\u00e1sico.<\/p>\n<p><strong>Inspiraci\u00f3n<\/strong><\/p>\n<p>Los dise\u00f1os encuentran inspiraci\u00f3n en las calles. Todas las temporadas las due\u00f1as hacen un viaje para observar a la gente, como va vestida, qu\u00e9 prendas. usa y las combinaciones.<\/p>\n<p><img decoding=\"async\" class=\"alignnone wp-image-1837 lazyload\" data-src=\"https:\/\/www.lasrosas.com.ar\/portal\/wp-content\/uploads\/1-3-1-640x960.jpg\" alt=\"\" width=\"375\" height=\"563\" data-srcset=\"https:\/\/www.lasrosas.com.ar\/portal\/wp-content\/uploads\/1-3-1-640x960.jpg 640w, https:\/\/www.lasrosas.com.ar\/portal\/wp-content\/uploads\/1-3-1-1024x1536.jpg 1024w, https:\/\/www.lasrosas.com.ar\/portal\/wp-content\/uploads\/1-3-1.jpg 1154w\" data-sizes=\"(max-width: 375px) 100vw, 375px\" src=\"data:image\/svg+xml;base64,PHN2ZyB3aWR0aD0iMSIgaGVpZ2h0PSIxIiB4bWxucz0iaHR0cDovL3d3dy53My5vcmcvMjAwMC9zdmciPjwvc3ZnPg==\" style=\"--smush-placeholder-width: 375px; --smush-placeholder-aspect-ratio: 375\/563;\" \/><img decoding=\"async\" class=\"alignnone wp-image-1835 lazyload\" data-src=\"https:\/\/www.lasrosas.com.ar\/portal\/wp-content\/uploads\/remera-nikola-plisada-prendedor-yuri-sombrero-crandon-2-640x960.jpg\" alt=\"\" width=\"375\" height=\"563\" data-srcset=\"https:\/\/www.lasrosas.com.ar\/portal\/wp-content\/uploads\/remera-nikola-plisada-prendedor-yuri-sombrero-crandon-2-640x960.jpg 640w, https:\/\/www.lasrosas.com.ar\/portal\/wp-content\/uploads\/remera-nikola-plisada-prendedor-yuri-sombrero-crandon-2-1024x1536.jpg 1024w, https:\/\/www.lasrosas.com.ar\/portal\/wp-content\/uploads\/remera-nikola-plisada-prendedor-yuri-sombrero-crandon-2.jpg 1154w\" data-sizes=\"(max-width: 375px) 100vw, 375px\" src=\"data:image\/svg+xml;base64,PHN2ZyB3aWR0aD0iMSIgaGVpZ2h0PSIxIiB4bWxucz0iaHR0cDovL3d3dy53My5vcmcvMjAwMC9zdmciPjwvc3ZnPg==\" style=\"--smush-placeholder-width: 375px; --smush-placeholder-aspect-ratio: 375\/563;\" \/><\/p>\n<p><strong>Tecnolog\u00eda<\/strong><\/p>\n<p>Las tiendas han sumado, y con excelente resultado, la venta online disponible para comprar desde cualquier lugar del mundo.<\/p>\n<hr \/>\n<p>www.laspepas.com.ar<\/p>\n<p>@laspepasinst<\/p>\n<p>shop.laspepas.com.ar<\/p>\n<!-- AddThis Advanced Settings generic via filter on the_content --><!-- AddThis Share Buttons generic via filter on the_content -->","protected":false},"excerpt":{"rendered":"<p>Por Sof\u00eda Monguillot De la mano de Rosa Hofman y Eva Nowodworski, madre e hija, la empresa comenz\u00f3 hace m\u00e1s de veinte a\u00f1os y se especializaba principalmente en cuero; hoy cuenta con una gran variedad de materiales y dise\u00f1os exclusivos con el toque profesional de Eva, egresada de la UBA. Desembarco Durante diez a\u00f1os Las [&hellip;]<!-- AddThis Advanced Settings generic via filter on get_the_excerpt --><!-- AddThis Share Buttons generic via filter on get_the_excerpt --><\/p>\n","protected":false},"author":6,"featured_media":1833,"comment_status":"closed","ping_status":"open","sticky":false,"template":"","format":"standard","meta":{"_acf_changed":false,"om_disable_all_campaigns":false,"_monsterinsights_skip_tracking":false,"_monsterinsights_sitenote_active":false,"_monsterinsights_sitenote_note":"","_monsterinsights_sitenote_category":0,"_uf_show_specific_survey":0,"_uf_disable_surveys":false,"footnotes":""},"categories":[30],"tags":[],"class_list":["post-1832","post","type-post","status-publish","format-standard","has-post-thumbnail","hentry","category-moda"],"acf":[],"aioseo_notices":[],"_links":{"self":[{"href":"https:\/\/www.lasrosas.com.ar\/portal\/wp-json\/wp\/v2\/posts\/1832","targetHints":{"allow":["GET"]}}],"collection":[{"href":"https:\/\/www.lasrosas.com.ar\/portal\/wp-json\/wp\/v2\/posts"}],"about":[{"href":"https:\/\/www.lasrosas.com.ar\/portal\/wp-json\/wp\/v2\/types\/post"}],"author":[{"embeddable":true,"href":"https:\/\/www.lasrosas.com.ar\/portal\/wp-json\/wp\/v2\/users\/6"}],"replies":[{"embeddable":true,"href":"https:\/\/www.lasrosas.com.ar\/portal\/wp-json\/wp\/v2\/comments?post=1832"}],"version-history":[{"count":0,"href":"https:\/\/www.lasrosas.com.ar\/portal\/wp-json\/wp\/v2\/posts\/1832\/revisions"}],"wp:featuredmedia":[{"embeddable":true,"href":"https:\/\/www.lasrosas.com.ar\/portal\/wp-json\/wp\/v2\/media\/1833"}],"wp:attachment":[{"href":"https:\/\/www.lasrosas.com.ar\/portal\/wp-json\/wp\/v2\/media?parent=1832"}],"wp:term":[{"taxonomy":"category","embeddable":true,"href":"https:\/\/www.lasrosas.com.ar\/portal\/wp-json\/wp\/v2\/categories?post=1832"},{"taxonomy":"post_tag","embeddable":true,"href":"https:\/\/www.lasrosas.com.ar\/portal\/wp-json\/wp\/v2\/tags?post=1832"}],"curies":[{"name":"wp","href":"https:\/\/api.w.org\/{rel}","templated":true}]}}