{"id":18190,"date":"2019-08-31T09:43:19","date_gmt":"2019-08-31T12:43:19","guid":{"rendered":"https:\/\/www.lasrosas.com.ar\/portal\/?p=18190"},"modified":"2019-08-31T09:43:38","modified_gmt":"2019-08-31T12:43:38","slug":"13-reason-why-temporada-3","status":"publish","type":"post","link":"https:\/\/www.lasrosas.com.ar\/portal\/13-reason-why-temporada-3\/","title":{"rendered":"13 REASON WHY, TEMPORADA 3"},"content":{"rendered":"<h4>Por: Constanza Monferini Zapiola.<\/h4>\n<h4><img decoding=\"async\" class=\"alignnone size-full wp-image-18191 lazyload\" data-src=\"https:\/\/www.lasrosas.com.ar\/portal\/wp-content\/uploads\/13RW-3.jpg\" alt=\"\" width=\"900\" height=\"600\" src=\"data:image\/svg+xml;base64,PHN2ZyB3aWR0aD0iMSIgaGVpZ2h0PSIxIiB4bWxucz0iaHR0cDovL3d3dy53My5vcmcvMjAwMC9zdmciPjwvc3ZnPg==\" style=\"--smush-placeholder-width: 900px; --smush-placeholder-aspect-ratio: 900\/600;\" \/>La historia inspirada en la novela de Jay Asher, pierde el rumbo hacia dramas<br \/>\ntotalmente inveros\u00edmiles, cayendo en el morbo y en el vac\u00edo de sus personajes.<\/h4>\n<p>Como todo arte, el cine debido a su capacidad mim\u00e9tica, lleva consigo una funci\u00f3n impl\u00edcita e<br \/>\nincluso imperceptible ante los ojos del creador de la obra: el esp\u00edritu social de las<br \/>\nmanifestaciones art\u00edsticas. Por ende, toda expresi\u00f3n denota un aspecto cr\u00edtico del autor de<br \/>\nacuerdo al contexto social de la creaci\u00f3n de la obra.<br \/>\nEn este caso en particular, la serie dirigida por Brian Yorkey y producida por Selena G\u00f3mez,<br \/>\nsiempre se caracteriz\u00f3 por querer transmitir a trav\u00e9s de la pantalla, aspectos que tienden a la<br \/>\nreflexi\u00f3n y al llamado a la conciencia del espectador. Pero esta tentativa, se define por dos<br \/>\ncuestiones fundamentales: por un lado, visibilizar las aflicciones existentes en el mundo<br \/>\nadolescente y estudiantil; y por el otro, trata de poder desmenuzar la psiquis neur\u00f3tica de los<br \/>\nmismos.<br \/>\nLo anterior, era lo llamativo e incluso lo controvertido de esta serie, a pesar de la gran<br \/>\npol\u00e9mica que trajo aparejado la historia misma de Hannah Baker, y sobre todo, las tomas de su<br \/>\nviolaci\u00f3n y suicidio. Pero lamentablemente este poder social y est\u00e9tico se fue perdiendo.<br \/>\n\u00bfCu\u00e1l es el resultado de esta tercera temporada? Redundar, redundar y redundar. Los<br \/>\ndi\u00e1logos, dan a conocer una historia vieja y pasada. Los personajes est\u00e1n estancados en el<br \/>\npasado e insertos en un futuro poco prospero. Hay pocas innovaciones. Solo, un nuevo<br \/>\npersonaje y narrador: Ani, una joven que se incorpora al Liberty y que tiene una visi\u00f3n m\u00e1s<br \/>\nobjetiva de los sucesos. Y esto, es la consecuencia de querer alargar un relato por cuestiones<br \/>\nnetamente comerciales.<br \/>\nA pesar de ello, se sigue recayendo en el f\u00e1cil golpe bajo y en una serie de acciones que se<br \/>\ncaracterizan por dramas y muertes m\u00e1s que inveros\u00edmiles \u00bfEs posible de ser cre\u00edble tanta<br \/>\ntragedia e injusticia como se plantea en esta \u00faltima entrega?<\/p>\n<p>PUNTACION: 5\/10.<\/p>\n<div style=\"width: 1280px;\" class=\"wp-video\"><!--[if lt IE 9]><script>document.createElement('video');<\/script><![endif]-->\n<video class=\"wp-video-shortcode\" id=\"video-18190-1\" width=\"1280\" height=\"720\" preload=\"metadata\" controls=\"controls\"><source type=\"video\/mp4\" src=\"https:\/\/www.lasrosas.com.ar\/portal\/wp-content\/uploads\/13-Reasons-Why-Temporada-3-Trailer-oficial-Netflix.mp4?_=1\" \/><a href=\"https:\/\/www.lasrosas.com.ar\/portal\/wp-content\/uploads\/13-Reasons-Why-Temporada-3-Trailer-oficial-Netflix.mp4\">https:\/\/www.lasrosas.com.ar\/portal\/wp-content\/uploads\/13-Reasons-Why-Temporada-3-Trailer-oficial-Netflix.mp4<\/a><\/video><\/div>\n<!-- AddThis Advanced Settings generic via filter on the_content --><!-- AddThis Share Buttons generic via filter on the_content -->","protected":false},"excerpt":{"rendered":"<p>Por: Constanza Monferini Zapiola. La historia inspirada en la novela de Jay Asher, pierde el rumbo hacia dramas totalmente inveros\u00edmiles, cayendo en el morbo y en el vac\u00edo de sus personajes. Como todo arte, el cine debido a su capacidad mim\u00e9tica, lleva consigo una funci\u00f3n impl\u00edcita e incluso imperceptible ante los ojos del creador de [&hellip;]<!-- AddThis Advanced Settings generic via filter on get_the_excerpt --><!-- AddThis Share Buttons generic via filter on get_the_excerpt --><\/p>\n","protected":false},"author":6,"featured_media":18191,"comment_status":"closed","ping_status":"open","sticky":false,"template":"","format":"standard","meta":{"_acf_changed":false,"om_disable_all_campaigns":false,"_monsterinsights_skip_tracking":false,"_monsterinsights_sitenote_active":false,"_monsterinsights_sitenote_note":"","_monsterinsights_sitenote_category":0,"_uf_show_specific_survey":0,"_uf_disable_surveys":false,"footnotes":""},"categories":[234,100],"tags":[],"class_list":["post-18190","post","type-post","status-publish","format-standard","has-post-thumbnail","hentry","category-trend","category-noticias"],"acf":[],"aioseo_notices":[],"_links":{"self":[{"href":"https:\/\/www.lasrosas.com.ar\/portal\/wp-json\/wp\/v2\/posts\/18190","targetHints":{"allow":["GET"]}}],"collection":[{"href":"https:\/\/www.lasrosas.com.ar\/portal\/wp-json\/wp\/v2\/posts"}],"about":[{"href":"https:\/\/www.lasrosas.com.ar\/portal\/wp-json\/wp\/v2\/types\/post"}],"author":[{"embeddable":true,"href":"https:\/\/www.lasrosas.com.ar\/portal\/wp-json\/wp\/v2\/users\/6"}],"replies":[{"embeddable":true,"href":"https:\/\/www.lasrosas.com.ar\/portal\/wp-json\/wp\/v2\/comments?post=18190"}],"version-history":[{"count":0,"href":"https:\/\/www.lasrosas.com.ar\/portal\/wp-json\/wp\/v2\/posts\/18190\/revisions"}],"wp:featuredmedia":[{"embeddable":true,"href":"https:\/\/www.lasrosas.com.ar\/portal\/wp-json\/wp\/v2\/media\/18191"}],"wp:attachment":[{"href":"https:\/\/www.lasrosas.com.ar\/portal\/wp-json\/wp\/v2\/media?parent=18190"}],"wp:term":[{"taxonomy":"category","embeddable":true,"href":"https:\/\/www.lasrosas.com.ar\/portal\/wp-json\/wp\/v2\/categories?post=18190"},{"taxonomy":"post_tag","embeddable":true,"href":"https:\/\/www.lasrosas.com.ar\/portal\/wp-json\/wp\/v2\/tags?post=18190"}],"curies":[{"name":"wp","href":"https:\/\/api.w.org\/{rel}","templated":true}]}}