{"id":18187,"date":"2019-08-31T09:37:02","date_gmt":"2019-08-31T12:37:02","guid":{"rendered":"https:\/\/www.lasrosas.com.ar\/portal\/?p=18187"},"modified":"2019-08-31T09:37:02","modified_gmt":"2019-08-31T12:37:02","slug":"la-actividad-fisica-excesiva-e-ingesta-compulsiva-de-alimentos","status":"publish","type":"post","link":"https:\/\/www.lasrosas.com.ar\/portal\/la-actividad-fisica-excesiva-e-ingesta-compulsiva-de-alimentos\/","title":{"rendered":"LA ACTIVIDAD FISICA EXCESIVA E INGESTA COMPULSIVA DE ALIMENTOS"},"content":{"rendered":"<h4>Por: Constanza Monferini Zapiola.<\/h4>\n<h4>Seg\u00fan la OMS, en esta \u00e9poca del a\u00f1o a nivel estad\u00edstico, se hacen m\u00e1s visibles a nivel<br \/>\nmundial, los trastornos alimenticios y su relaci\u00f3n con la actividad f\u00edsica. Por ello, es de suma<br \/>\nurgencia contar la informaci\u00f3n suficiente para detectar este tipo de casos.<\/h4>\n<p><img decoding=\"async\" class=\"alignnone size-medium wp-image-18188 lazyload\" data-src=\"https:\/\/www.lasrosas.com.ar\/portal\/wp-content\/uploads\/tca6-960x639.jpg\" alt=\"\" width=\"960\" height=\"639\" src=\"data:image\/svg+xml;base64,PHN2ZyB3aWR0aD0iMSIgaGVpZ2h0PSIxIiB4bWxucz0iaHR0cDovL3d3dy53My5vcmcvMjAwMC9zdmciPjwvc3ZnPg==\" style=\"--smush-placeholder-width: 960px; --smush-placeholder-aspect-ratio: 960\/639;\" \/><\/p>\n<p>Los trastornos alimenticios se han conformado como uno de los grandes problemas que se han<br \/>\nacentuado en la actualidad y sobre todo en las adolescencias (la adolescencia primaria, media<br \/>\ny tard\u00eda). Estas patolog\u00edas se han empezado a visibilizar en la d\u00e9cada del 60&amp;#39;, llevando consigo<br \/>\nm\u00faltiples denominaciones que actualmente terminaron design\u00e1ndolas como Trastornos de<br \/>\nConducta Alimenticia (TCA). En tanto, se podr\u00eda afirmar que existen distintos tipos de TCA,<br \/>\ncomo ser anorexia, bulimia, ortorexia y vigorexia, y entre ellas, se encuentra la ingesta<br \/>\ncompulsiva.<br \/>\nEsta \u00faltima, se la define como aquellos h\u00e1bitos de consumo exagerado de alimentos que se<br \/>\nrealizan de una sola vez y diferente de la bulimia propiamente dicha. Este hecho, no se<br \/>\nconstituye en un suceso aislado, sino en una constante en la que pueda haber, en ciertas<br \/>\nocasiones, hasta un mes entre uno y otro atrac\u00f3n. Por ello, la persona que sufre esta dolencia,<br \/>\nllega a consumir varias calor\u00edas con la finalidad de calmar la ansiedad o la depresi\u00f3n<br \/>\nencubierta, en vez de saciar el hambre (Henrique, 2014).<br \/>\nSumado a lo anterior, surge un incremento notable de la popularidad de los gimnasios sin un<br \/>\nseguimiento adecuado de los presentes y los profesionales que desarrollan su actividad en<br \/>\nestos espacios. La ausencia de estas cuestiones, traen aparejada una dependencia exagerada<br \/>\nde la actividad f\u00edsica como factor atenuante del padeciente y que deriva en una potencial<br \/>\ndistorsi\u00f3n en t\u00e9rminos perceptivos.<br \/>\nDe esta forma, la relaci\u00f3n existente entre la ingesta compulsiva y el ejercicio f\u00edsico extremo,<br \/>\nrecae en sus plataformas psicosociales, emociones, personales y de g\u00e9nero, atento a la historia<br \/>\nde vida del sujeto.<br \/>\n\u00bfC\u00f3mo detectar la presencia de estas variables?<br \/>\n1. Aparece la ansiedad, el sentimiento de vac\u00edo que se necesita llenar por medio del<br \/>\nalimento y que desemboca en la angustia propiamente dicha.<\/p>\n<p>2. La instancia de la sobreingesta. Periodo impulsivo, por medio de la cual, la persona<br \/>\naten\u00faa los \u00edndices de cortisol. El cortisol, es lo que se conoce como la hormona del<br \/>\nestr\u00e9s. Por ende, se puede decir que la sobre ingesta desciende los niveles de estr\u00e9s.<br \/>\n3. El momento posterior a la sobreingesta, es cuando aparecen aquellas emociones<br \/>\nerr\u00e1ticas catalogadas de negativas, como ser la rabia, el enojo, la pena, etc.<br \/>\n4. Aumento en el d\u00eda a d\u00eda de los niveles de ansiedad y diversos desencadenantes en<br \/>\nrelaci\u00f3n a considerables tipos de personalidad, por ejemplo: una autoestima baja o un<br \/>\nelevado narcisismo y un perfeccionismo como riesgo adicional. Adem\u00e1s, los contrastes<br \/>\nen la personalidad, son la caracter\u00edstica suprema de la relaci\u00f3n entre la ingesta<br \/>\ncompulsiva y el ejercicio f\u00edsico extremo.<br \/>\n5. Tendencias relacionadas a la pr\u00e1ctica deportiva con rasgos obsesivos-compulsivos, en<br \/>\ndonde el entrenamiento y las dietas, toman el mismo car\u00e1cter y carecen de<br \/>\nsupervisi\u00f3n m\u00e9dica.<br \/>\n6. Gran carga de entrenamiento con presencia de actividades aer\u00f3bicas. Cuando se habla<br \/>\nde \u201cgran carga\u201d, se est\u00e1 haciendo referencia a un periodo de actividad f\u00edsica entre las<br \/>\ntres y seis horas de entrenamiento, en una frecuencia de m\u00e1s de cuatro veces a la<br \/>\nsemana.<br \/>\n7. Ataques de ansiedad o de p\u00e1nico frente al espejo. Generalmente, el sujeto se ve<br \/>\ndesnudo.<br \/>\n8. Presencia de conductas autolesivas (se la define como toda conducta deliberada,<br \/>\ndestinada a producir da\u00f1o f\u00edsico directo en el propio cuerpo, sin la intenci\u00f3n suicida).<br \/>\n9. Desestabilizaci\u00f3n en el ambiente familiar. Siempre hay que recordar que toda<br \/>\nconducta TCA, no es solo una patolog\u00eda individual, sino nuclear que implica al sistema<br \/>\nmicro del individuo, a saber: La familia.<br \/>\n10. Y lo m\u00e1s importante, dificultad del padeciente en desarrollar sus actividades a causa<br \/>\nde la ansiedad, estr\u00e9s y gran carga de angustia.<\/p>\n<p>Si alguna persona cumple con la mayor\u00eda de estos s\u00edntomas, deber\u00e1 acudir r\u00e1pidamente a un<br \/>\ncuerpo m\u00e9dico interdisciplinario, conformado por psic\u00f3logo, psiquiatra, medico cl\u00ednico,<br \/>\nnutricionista y endocrin\u00f3logo, ya que el ser humano es una unidad bio-psico-social. Y lo<br \/>\nfundamental: por un lado, determinar un tratamiento destinado no s\u00f3lo al padeciente, sino a<br \/>\nla familia; y por el otro, no caer en la b\u00fasqueda de una cura inmediata. La cura psicoanal\u00edtica,<br \/>\nno es aquella que se conoce a nivel coloquial. Desde el momento que el ser humano tiene la<br \/>\ncapacidad de recordar, se apela en el artificio de la terapia, poder atenuar lo traum\u00e1tico que<br \/>\nimpide al sujeto desenvolverse d\u00eda a d\u00eda. Pero, conlleva un largo proceso.<\/p>\n<!-- AddThis Advanced Settings generic via filter on the_content --><!-- AddThis Share Buttons generic via filter on the_content -->","protected":false},"excerpt":{"rendered":"<p>Por: Constanza Monferini Zapiola. Seg\u00fan la OMS, en esta \u00e9poca del a\u00f1o a nivel estad\u00edstico, se hacen m\u00e1s visibles a nivel mundial, los trastornos alimenticios y su relaci\u00f3n con la actividad f\u00edsica. Por ello, es de suma urgencia contar la informaci\u00f3n suficiente para detectar este tipo de casos. Los trastornos alimenticios se han conformado como [&hellip;]<!-- AddThis Advanced Settings generic via filter on get_the_excerpt --><!-- AddThis Share Buttons generic via filter on get_the_excerpt --><\/p>\n","protected":false},"author":6,"featured_media":18188,"comment_status":"closed","ping_status":"open","sticky":false,"template":"","format":"standard","meta":{"_acf_changed":false,"om_disable_all_campaigns":false,"_monsterinsights_skip_tracking":false,"_monsterinsights_sitenote_active":false,"_monsterinsights_sitenote_note":"","_monsterinsights_sitenote_category":0,"_uf_show_specific_survey":0,"_uf_disable_surveys":false,"footnotes":""},"categories":[376],"tags":[],"class_list":["post-18187","post","type-post","status-publish","format-standard","has-post-thumbnail","hentry","category-lifestyle"],"acf":[],"aioseo_notices":[],"_links":{"self":[{"href":"https:\/\/www.lasrosas.com.ar\/portal\/wp-json\/wp\/v2\/posts\/18187","targetHints":{"allow":["GET"]}}],"collection":[{"href":"https:\/\/www.lasrosas.com.ar\/portal\/wp-json\/wp\/v2\/posts"}],"about":[{"href":"https:\/\/www.lasrosas.com.ar\/portal\/wp-json\/wp\/v2\/types\/post"}],"author":[{"embeddable":true,"href":"https:\/\/www.lasrosas.com.ar\/portal\/wp-json\/wp\/v2\/users\/6"}],"replies":[{"embeddable":true,"href":"https:\/\/www.lasrosas.com.ar\/portal\/wp-json\/wp\/v2\/comments?post=18187"}],"version-history":[{"count":0,"href":"https:\/\/www.lasrosas.com.ar\/portal\/wp-json\/wp\/v2\/posts\/18187\/revisions"}],"wp:featuredmedia":[{"embeddable":true,"href":"https:\/\/www.lasrosas.com.ar\/portal\/wp-json\/wp\/v2\/media\/18188"}],"wp:attachment":[{"href":"https:\/\/www.lasrosas.com.ar\/portal\/wp-json\/wp\/v2\/media?parent=18187"}],"wp:term":[{"taxonomy":"category","embeddable":true,"href":"https:\/\/www.lasrosas.com.ar\/portal\/wp-json\/wp\/v2\/categories?post=18187"},{"taxonomy":"post_tag","embeddable":true,"href":"https:\/\/www.lasrosas.com.ar\/portal\/wp-json\/wp\/v2\/tags?post=18187"}],"curies":[{"name":"wp","href":"https:\/\/api.w.org\/{rel}","templated":true}]}}