{"id":18167,"date":"2019-08-30T20:14:55","date_gmt":"2019-08-30T23:14:55","guid":{"rendered":"https:\/\/www.lasrosas.com.ar\/portal\/?p=18167"},"modified":"2019-08-30T20:15:43","modified_gmt":"2019-08-30T23:15:43","slug":"trendy-day","status":"publish","type":"post","link":"https:\/\/www.lasrosas.com.ar\/portal\/trendy-day\/","title":{"rendered":"LO QUE EL \u00abTRENDY DAY\u00bb NOS DEJO"},"content":{"rendered":"<h4>El mi\u00e9rcoles 28 de agosto se llev\u00f3 a cabo Trendy Day, el evento inaugural de la temporada Primavera Verano \u00b420 de C\u00f3rdoba Shopping. En los pasillos del shopping se vivi\u00f3 una fiesta con m\u00fasica en vivo, desfiles, y juegos para las invitadas.<\/h4>\n<p>&nbsp;<\/p>\n<p style=\"font-weight: 400;\">El evento cont\u00f3 con un show ac\u00fastico de la cantante Anastasia Amarante, una de las caras de As\u00ed Somos, la \u00faltima campa\u00f1a de C\u00f3rdoba shopping; y un cierre con un show en vivo de Vald\u00e9s, la banda de pop Cordobesa que propuso la marca\u00a0<strong>A.Y. Not Dead<\/strong>.<\/p>\n<p style=\"font-weight: 400;\">Los desfiles contaron con pasadas de las marcas Jazmin Chebar, Vitamina, UMA y Rapsodia.<\/p>\n<p style=\"font-weight: 400;\">De esta manera, C\u00f3rdoba Shopping dio inicio a la temporada primavera verano presentando las tendencias de las nuevas colecciones bajo el concepto de Trendy Day.<\/p>\n\r\n\t\t<style type='text\/css'>\r\n\t\t\t#gallery-1 {\r\n\t\t\t\tmargin: auto;\r\n\t\t\t}\r\n\t\t\t#gallery-1 .gallery-item {\r\n\t\t\t\tfloat: left;\r\n\t\t\t\tmargin-top: 10px;\r\n\t\t\t\ttext-align: center;\r\n\t\t\t\twidth: 33%;\r\n\t\t\t}\r\n\t\t\t#gallery-1 img {\r\n\t\t\t\tborder: 2px solid #cfcfcf;\r\n\t\t\t}\r\n\t\t\t#gallery-1 .gallery-caption {\r\n\t\t\t\tmargin-left: 0;\r\n\t\t\t}\r\n\t\t<\/style>\r\n\t\t<!-- see gallery_shortcode() in wp-includes\/media.php -->\n\t\t<div id='gallery-1' class='gallery galleryid-18167 gallery-columns-3 gallery-size-large gallery1'><script type=\"text\/javascript\">\r\n\/\/ <![CDATA[\r\n\tjQuery(document).ready(function () {\r\n\t\tjQuery(\".gallery1 a\").attr(\"rel\",\"gallery1\");\t\r\n\t\tjQuery('a[rel=\"gallery1\"]').colorbox({maxWidth:\"95%\", maxHeight:\"95%\",title: function(){ return jQuery(this).children().attr(\"alt\"); }, });\r\n\t});\r\n\/\/ ]]>\r\n<\/script>\n<dl class=\"gallery-item\">\n<dt class=\"gallery-icon\">\r\n<a href=\"https:\/\/www.lasrosas.com.ar\/portal\/wp-content\/uploads\/20190828-Cordoba-Shopping-Trendy-Day-0010-1920x1280.jpg\" title=\"\" rel=\"gallery1\"><img decoding=\"async\" data-src=\"https:\/\/www.lasrosas.com.ar\/portal\/wp-content\/uploads\/20190828-Cordoba-Shopping-Trendy-Day-0010-1920x1280.jpg\" width=\"1920\" height=\"1280\" alt=\"\" src=\"data:image\/svg+xml;base64,PHN2ZyB3aWR0aD0iMSIgaGVpZ2h0PSIxIiB4bWxucz0iaHR0cDovL3d3dy53My5vcmcvMjAwMC9zdmciPjwvc3ZnPg==\" class=\"lazyload\" style=\"--smush-placeholder-width: 1920px; --smush-placeholder-aspect-ratio: 1920\/1280;\" \/><\/a>\r\n<\/dt><\/dl><dl class=\"gallery-item\">\n<dt class=\"gallery-icon\">\r\n<a href=\"https:\/\/www.lasrosas.com.ar\/portal\/wp-content\/uploads\/20190828-Cordoba-Shopping-Trendy-Day-0446-1920x1280.jpg\" title=\"\" rel=\"gallery1\"><img decoding=\"async\" data-src=\"https:\/\/www.lasrosas.com.ar\/portal\/wp-content\/uploads\/20190828-Cordoba-Shopping-Trendy-Day-0446-1920x1280.jpg\" width=\"1920\" height=\"1280\" alt=\"\" src=\"data:image\/svg+xml;base64,PHN2ZyB3aWR0aD0iMSIgaGVpZ2h0PSIxIiB4bWxucz0iaHR0cDovL3d3dy53My5vcmcvMjAwMC9zdmciPjwvc3ZnPg==\" class=\"lazyload\" style=\"--smush-placeholder-width: 1920px; --smush-placeholder-aspect-ratio: 1920\/1280;\" \/><\/a>\r\n<\/dt><\/dl>\r\n\t\t\t<br style='clear: both' \/>\r\n\t\t<\/div>\n\n<p style=\"font-weight: 400;\"><strong>Los desfiles:<\/strong><\/p>\n<p style=\"font-weight: 400;\"><strong>Jazm\u00edn Chebar<\/strong>\u00a0inaugur\u00f3 la pasarela, presentando Dimensi\u00f3n Surreal una colecci\u00f3n on\u00edrica en la que un amplio degrad\u00e9 de colores y flores, crean prendas de estampados originales que se desdoblan sobre jaquards, linos y sedas. Los tonos azulados y las tramas selv\u00e1ticas remiten a la frescura del esp\u00edritu asi\u00e1tico con prendas livianas y vers\u00e1tiles.<\/p>\n<p><img decoding=\"async\" class=\"alignnone size-medium wp-image-18170 lazyload\" data-src=\"https:\/\/www.lasrosas.com.ar\/portal\/wp-content\/uploads\/20190828-Cordoba-Shopping-Trendy-Day-0059-640x960.jpg\" alt=\"\" width=\"640\" height=\"960\" data-srcset=\"https:\/\/www.lasrosas.com.ar\/portal\/wp-content\/uploads\/20190828-Cordoba-Shopping-Trendy-Day-0059-640x960.jpg 640w, https:\/\/www.lasrosas.com.ar\/portal\/wp-content\/uploads\/20190828-Cordoba-Shopping-Trendy-Day-0059-1280x1920.jpg 1280w, https:\/\/www.lasrosas.com.ar\/portal\/wp-content\/uploads\/20190828-Cordoba-Shopping-Trendy-Day-0059.jpg 1365w\" data-sizes=\"(max-width: 640px) 100vw, 640px\" src=\"data:image\/svg+xml;base64,PHN2ZyB3aWR0aD0iMSIgaGVpZ2h0PSIxIiB4bWxucz0iaHR0cDovL3d3dy53My5vcmcvMjAwMC9zdmciPjwvc3ZnPg==\" style=\"--smush-placeholder-width: 640px; --smush-placeholder-aspect-ratio: 640\/960;\" \/> <img decoding=\"async\" class=\"alignnone size-medium wp-image-18171 lazyload\" data-src=\"https:\/\/www.lasrosas.com.ar\/portal\/wp-content\/uploads\/20190828-Cordoba-Shopping-Trendy-Day-0130-640x960.jpg\" alt=\"\" width=\"640\" height=\"960\" data-srcset=\"https:\/\/www.lasrosas.com.ar\/portal\/wp-content\/uploads\/20190828-Cordoba-Shopping-Trendy-Day-0130-640x960.jpg 640w, https:\/\/www.lasrosas.com.ar\/portal\/wp-content\/uploads\/20190828-Cordoba-Shopping-Trendy-Day-0130-1280x1920.jpg 1280w, https:\/\/www.lasrosas.com.ar\/portal\/wp-content\/uploads\/20190828-Cordoba-Shopping-Trendy-Day-0130.jpg 1365w\" data-sizes=\"(max-width: 640px) 100vw, 640px\" src=\"data:image\/svg+xml;base64,PHN2ZyB3aWR0aD0iMSIgaGVpZ2h0PSIxIiB4bWxucz0iaHR0cDovL3d3dy53My5vcmcvMjAwMC9zdmciPjwvc3ZnPg==\" style=\"--smush-placeholder-width: 640px; --smush-placeholder-aspect-ratio: 640\/960;\" \/> <img decoding=\"async\" class=\"alignnone size-medium wp-image-18172 lazyload\" data-src=\"https:\/\/www.lasrosas.com.ar\/portal\/wp-content\/uploads\/20190828-Cordoba-Shopping-Trendy-Day-0391-640x960.jpg\" alt=\"\" width=\"640\" height=\"960\" data-srcset=\"https:\/\/www.lasrosas.com.ar\/portal\/wp-content\/uploads\/20190828-Cordoba-Shopping-Trendy-Day-0391-640x960.jpg 640w, https:\/\/www.lasrosas.com.ar\/portal\/wp-content\/uploads\/20190828-Cordoba-Shopping-Trendy-Day-0391-1280x1920.jpg 1280w, https:\/\/www.lasrosas.com.ar\/portal\/wp-content\/uploads\/20190828-Cordoba-Shopping-Trendy-Day-0391.jpg 1365w\" data-sizes=\"(max-width: 640px) 100vw, 640px\" src=\"data:image\/svg+xml;base64,PHN2ZyB3aWR0aD0iMSIgaGVpZ2h0PSIxIiB4bWxucz0iaHR0cDovL3d3dy53My5vcmcvMjAwMC9zdmciPjwvc3ZnPg==\" style=\"--smush-placeholder-width: 640px; --smush-placeholder-aspect-ratio: 640\/960;\" \/> <img decoding=\"async\" class=\"alignnone size-medium wp-image-18173 lazyload\" data-src=\"https:\/\/www.lasrosas.com.ar\/portal\/wp-content\/uploads\/DSC_1699-960x641.jpg\" alt=\"\" width=\"960\" height=\"641\" data-srcset=\"https:\/\/www.lasrosas.com.ar\/portal\/wp-content\/uploads\/DSC_1699-960x641.jpg 960w, https:\/\/www.lasrosas.com.ar\/portal\/wp-content\/uploads\/DSC_1699-1920x1282.jpg 1920w\" data-sizes=\"(max-width: 960px) 100vw, 960px\" src=\"data:image\/svg+xml;base64,PHN2ZyB3aWR0aD0iMSIgaGVpZ2h0PSIxIiB4bWxucz0iaHR0cDovL3d3dy53My5vcmcvMjAwMC9zdmciPjwvc3ZnPg==\" style=\"--smush-placeholder-width: 960px; --smush-placeholder-aspect-ratio: 960\/641;\" \/><\/p>\n<p style=\"font-weight: 400;\">Continu\u00f3\u00a0<strong>Vitamina\u00a0<\/strong>con una propuesta natural, femenina, y contempor\u00e1nea con tendencias muy europeas: combinaciones de prendas de d\u00eda con prendas de noche -como denim con brillos-, la b\u00fasqueda de binomios que conviven como sofisticado y sporty, y el uso de prendas en colores net con prendas con estampas. Seguido por\u00a0<strong>Uma\u00a0<\/strong>con PRIMPEMPS \u00c9T\u00c9 con looks s\u00faper cancheros inspirados en un road trip por las rutas californianas que se fusionan con el cl\u00e1sico estilo parisino que identifica a la marca.<\/p>\n<p><img decoding=\"async\" class=\"alignnone size-medium wp-image-18174 lazyload\" data-src=\"https:\/\/www.lasrosas.com.ar\/portal\/wp-content\/uploads\/20190828-Cordoba-Shopping-Trendy-Day-0838-640x960.jpg\" alt=\"\" width=\"640\" height=\"960\" data-srcset=\"https:\/\/www.lasrosas.com.ar\/portal\/wp-content\/uploads\/20190828-Cordoba-Shopping-Trendy-Day-0838-640x960.jpg 640w, https:\/\/www.lasrosas.com.ar\/portal\/wp-content\/uploads\/20190828-Cordoba-Shopping-Trendy-Day-0838-1280x1920.jpg 1280w, https:\/\/www.lasrosas.com.ar\/portal\/wp-content\/uploads\/20190828-Cordoba-Shopping-Trendy-Day-0838.jpg 1365w\" data-sizes=\"(max-width: 640px) 100vw, 640px\" src=\"data:image\/svg+xml;base64,PHN2ZyB3aWR0aD0iMSIgaGVpZ2h0PSIxIiB4bWxucz0iaHR0cDovL3d3dy53My5vcmcvMjAwMC9zdmciPjwvc3ZnPg==\" style=\"--smush-placeholder-width: 640px; --smush-placeholder-aspect-ratio: 640\/960;\" \/> <img decoding=\"async\" class=\"alignnone size-medium wp-image-18175 lazyload\" data-src=\"https:\/\/www.lasrosas.com.ar\/portal\/wp-content\/uploads\/20190828-Cordoba-Shopping-Trendy-Day-0991-640x960.jpg\" alt=\"\" width=\"640\" height=\"960\" data-srcset=\"https:\/\/www.lasrosas.com.ar\/portal\/wp-content\/uploads\/20190828-Cordoba-Shopping-Trendy-Day-0991-640x960.jpg 640w, https:\/\/www.lasrosas.com.ar\/portal\/wp-content\/uploads\/20190828-Cordoba-Shopping-Trendy-Day-0991-1280x1920.jpg 1280w, https:\/\/www.lasrosas.com.ar\/portal\/wp-content\/uploads\/20190828-Cordoba-Shopping-Trendy-Day-0991.jpg 1365w\" data-sizes=\"(max-width: 640px) 100vw, 640px\" src=\"data:image\/svg+xml;base64,PHN2ZyB3aWR0aD0iMSIgaGVpZ2h0PSIxIiB4bWxucz0iaHR0cDovL3d3dy53My5vcmcvMjAwMC9zdmciPjwvc3ZnPg==\" style=\"--smush-placeholder-width: 640px; --smush-placeholder-aspect-ratio: 640\/960;\" \/> <img decoding=\"async\" class=\"alignnone size-medium wp-image-18176 lazyload\" data-src=\"https:\/\/www.lasrosas.com.ar\/portal\/wp-content\/uploads\/20190828-Cordoba-Shopping-Trendy-Day-1057-640x960.jpg\" alt=\"\" width=\"640\" height=\"960\" data-srcset=\"https:\/\/www.lasrosas.com.ar\/portal\/wp-content\/uploads\/20190828-Cordoba-Shopping-Trendy-Day-1057-640x960.jpg 640w, https:\/\/www.lasrosas.com.ar\/portal\/wp-content\/uploads\/20190828-Cordoba-Shopping-Trendy-Day-1057-1280x1920.jpg 1280w, https:\/\/www.lasrosas.com.ar\/portal\/wp-content\/uploads\/20190828-Cordoba-Shopping-Trendy-Day-1057.jpg 1365w\" data-sizes=\"(max-width: 640px) 100vw, 640px\" src=\"data:image\/svg+xml;base64,PHN2ZyB3aWR0aD0iMSIgaGVpZ2h0PSIxIiB4bWxucz0iaHR0cDovL3d3dy53My5vcmcvMjAwMC9zdmciPjwvc3ZnPg==\" style=\"--smush-placeholder-width: 640px; --smush-placeholder-aspect-ratio: 640\/960;\" \/> <img decoding=\"async\" class=\"alignnone size-medium wp-image-18177 lazyload\" data-src=\"https:\/\/www.lasrosas.com.ar\/portal\/wp-content\/uploads\/20190828-Cordoba-Shopping-Trendy-Day-1057-1-640x960.jpg\" alt=\"\" width=\"640\" height=\"960\" data-srcset=\"https:\/\/www.lasrosas.com.ar\/portal\/wp-content\/uploads\/20190828-Cordoba-Shopping-Trendy-Day-1057-1-640x960.jpg 640w, https:\/\/www.lasrosas.com.ar\/portal\/wp-content\/uploads\/20190828-Cordoba-Shopping-Trendy-Day-1057-1-1280x1920.jpg 1280w, https:\/\/www.lasrosas.com.ar\/portal\/wp-content\/uploads\/20190828-Cordoba-Shopping-Trendy-Day-1057-1.jpg 1365w\" data-sizes=\"(max-width: 640px) 100vw, 640px\" src=\"data:image\/svg+xml;base64,PHN2ZyB3aWR0aD0iMSIgaGVpZ2h0PSIxIiB4bWxucz0iaHR0cDovL3d3dy53My5vcmcvMjAwMC9zdmciPjwvc3ZnPg==\" style=\"--smush-placeholder-width: 640px; --smush-placeholder-aspect-ratio: 640\/960;\" \/> <img decoding=\"async\" class=\"alignnone size-medium wp-image-18178 lazyload\" data-src=\"https:\/\/www.lasrosas.com.ar\/portal\/wp-content\/uploads\/20190828-Cordoba-Shopping-Trendy-Day-1125-640x960.jpg\" alt=\"\" width=\"640\" height=\"960\" data-srcset=\"https:\/\/www.lasrosas.com.ar\/portal\/wp-content\/uploads\/20190828-Cordoba-Shopping-Trendy-Day-1125-640x960.jpg 640w, https:\/\/www.lasrosas.com.ar\/portal\/wp-content\/uploads\/20190828-Cordoba-Shopping-Trendy-Day-1125-1280x1920.jpg 1280w, https:\/\/www.lasrosas.com.ar\/portal\/wp-content\/uploads\/20190828-Cordoba-Shopping-Trendy-Day-1125.jpg 1365w\" data-sizes=\"(max-width: 640px) 100vw, 640px\" src=\"data:image\/svg+xml;base64,PHN2ZyB3aWR0aD0iMSIgaGVpZ2h0PSIxIiB4bWxucz0iaHR0cDovL3d3dy53My5vcmcvMjAwMC9zdmciPjwvc3ZnPg==\" style=\"--smush-placeholder-width: 640px; --smush-placeholder-aspect-ratio: 640\/960;\" \/> <img decoding=\"async\" class=\"alignnone size-medium wp-image-18179 lazyload\" data-src=\"https:\/\/www.lasrosas.com.ar\/portal\/wp-content\/uploads\/20190828-Cordoba-Shopping-Trendy-Day-1837-640x960.jpg\" alt=\"\" width=\"640\" height=\"960\" data-srcset=\"https:\/\/www.lasrosas.com.ar\/portal\/wp-content\/uploads\/20190828-Cordoba-Shopping-Trendy-Day-1837-640x960.jpg 640w, https:\/\/www.lasrosas.com.ar\/portal\/wp-content\/uploads\/20190828-Cordoba-Shopping-Trendy-Day-1837-1280x1920.jpg 1280w, https:\/\/www.lasrosas.com.ar\/portal\/wp-content\/uploads\/20190828-Cordoba-Shopping-Trendy-Day-1837.jpg 1365w\" data-sizes=\"(max-width: 640px) 100vw, 640px\" src=\"data:image\/svg+xml;base64,PHN2ZyB3aWR0aD0iMSIgaGVpZ2h0PSIxIiB4bWxucz0iaHR0cDovL3d3dy53My5vcmcvMjAwMC9zdmciPjwvc3ZnPg==\" style=\"--smush-placeholder-width: 640px; --smush-placeholder-aspect-ratio: 640\/960;\" \/><\/p>\n<p>&nbsp;<\/p>\n<p style=\"font-weight: 400;\"><strong>Rapsodia<\/strong>\u00a0cerr\u00f3 el desfile con #MakeYourRealityMagical La conexi\u00f3n con la naturaleza se representa en las camisas con estampas floreadas, en los kimonos con hojas de \u00e1rboles y detalles dorados, y en los enteros con mangas amplias, que dan la sensaci\u00f3n de libertad como un p\u00e1jaro cuando abre sus alas.<\/p>\n<p><img decoding=\"async\" class=\"alignnone size-medium wp-image-18180 lazyload\" data-src=\"https:\/\/www.lasrosas.com.ar\/portal\/wp-content\/uploads\/DSC_2305-960x641.jpg\" alt=\"\" width=\"960\" height=\"641\" data-srcset=\"https:\/\/www.lasrosas.com.ar\/portal\/wp-content\/uploads\/DSC_2305-960x641.jpg 960w, https:\/\/www.lasrosas.com.ar\/portal\/wp-content\/uploads\/DSC_2305-1920x1282.jpg 1920w\" data-sizes=\"(max-width: 960px) 100vw, 960px\" src=\"data:image\/svg+xml;base64,PHN2ZyB3aWR0aD0iMSIgaGVpZ2h0PSIxIiB4bWxucz0iaHR0cDovL3d3dy53My5vcmcvMjAwMC9zdmciPjwvc3ZnPg==\" style=\"--smush-placeholder-width: 960px; --smush-placeholder-aspect-ratio: 960\/641;\" \/> <img decoding=\"async\" class=\"alignnone size-medium wp-image-18181 lazyload\" data-src=\"https:\/\/www.lasrosas.com.ar\/portal\/wp-content\/uploads\/DSC_2354-960x641.jpg\" alt=\"\" width=\"960\" height=\"641\" data-srcset=\"https:\/\/www.lasrosas.com.ar\/portal\/wp-content\/uploads\/DSC_2354-960x641.jpg 960w, https:\/\/www.lasrosas.com.ar\/portal\/wp-content\/uploads\/DSC_2354-1920x1282.jpg 1920w\" data-sizes=\"(max-width: 960px) 100vw, 960px\" src=\"data:image\/svg+xml;base64,PHN2ZyB3aWR0aD0iMSIgaGVpZ2h0PSIxIiB4bWxucz0iaHR0cDovL3d3dy53My5vcmcvMjAwMC9zdmciPjwvc3ZnPg==\" style=\"--smush-placeholder-width: 960px; --smush-placeholder-aspect-ratio: 960\/641;\" \/> <img decoding=\"async\" class=\"alignnone size-medium wp-image-18182 lazyload\" data-src=\"https:\/\/www.lasrosas.com.ar\/portal\/wp-content\/uploads\/DSC_2427-960x641.jpg\" alt=\"\" width=\"960\" height=\"641\" data-srcset=\"https:\/\/www.lasrosas.com.ar\/portal\/wp-content\/uploads\/DSC_2427-960x641.jpg 960w, https:\/\/www.lasrosas.com.ar\/portal\/wp-content\/uploads\/DSC_2427-1920x1282.jpg 1920w\" data-sizes=\"(max-width: 960px) 100vw, 960px\" src=\"data:image\/svg+xml;base64,PHN2ZyB3aWR0aD0iMSIgaGVpZ2h0PSIxIiB4bWxucz0iaHR0cDovL3d3dy53My5vcmcvMjAwMC9zdmciPjwvc3ZnPg==\" style=\"--smush-placeholder-width: 960px; --smush-placeholder-aspect-ratio: 960\/641;\" \/> <img decoding=\"async\" class=\"alignnone size-medium wp-image-18183 lazyload\" data-src=\"https:\/\/www.lasrosas.com.ar\/portal\/wp-content\/uploads\/DSC_2485-960x641.jpg\" alt=\"\" width=\"960\" height=\"641\" data-srcset=\"https:\/\/www.lasrosas.com.ar\/portal\/wp-content\/uploads\/DSC_2485-960x641.jpg 960w, https:\/\/www.lasrosas.com.ar\/portal\/wp-content\/uploads\/DSC_2485-1920x1282.jpg 1920w\" data-sizes=\"(max-width: 960px) 100vw, 960px\" src=\"data:image\/svg+xml;base64,PHN2ZyB3aWR0aD0iMSIgaGVpZ2h0PSIxIiB4bWxucz0iaHR0cDovL3d3dy53My5vcmcvMjAwMC9zdmciPjwvc3ZnPg==\" style=\"--smush-placeholder-width: 960px; --smush-placeholder-aspect-ratio: 960\/641;\" \/> <img decoding=\"async\" class=\"alignnone size-medium wp-image-18184 lazyload\" data-src=\"https:\/\/www.lasrosas.com.ar\/portal\/wp-content\/uploads\/DSC_2497-960x641.jpg\" alt=\"\" width=\"960\" height=\"641\" data-srcset=\"https:\/\/www.lasrosas.com.ar\/portal\/wp-content\/uploads\/DSC_2497-960x641.jpg 960w, https:\/\/www.lasrosas.com.ar\/portal\/wp-content\/uploads\/DSC_2497-1920x1282.jpg 1920w\" data-sizes=\"(max-width: 960px) 100vw, 960px\" src=\"data:image\/svg+xml;base64,PHN2ZyB3aWR0aD0iMSIgaGVpZ2h0PSIxIiB4bWxucz0iaHR0cDovL3d3dy53My5vcmcvMjAwMC9zdmciPjwvc3ZnPg==\" style=\"--smush-placeholder-width: 960px; --smush-placeholder-aspect-ratio: 960\/641;\" \/><\/p>\n<!-- AddThis Advanced Settings generic via filter on the_content --><!-- AddThis Share Buttons generic via filter on the_content -->","protected":false},"excerpt":{"rendered":"<p>El mi\u00e9rcoles 28 de agosto se llev\u00f3 a cabo Trendy Day, el evento inaugural de la temporada Primavera Verano \u00b420 de C\u00f3rdoba Shopping. En los pasillos del shopping se vivi\u00f3 una fiesta con m\u00fasica en vivo, desfiles, y juegos para las invitadas. &nbsp; El evento cont\u00f3 con un show ac\u00fastico de la cantante Anastasia Amarante, [&hellip;]<!-- AddThis Advanced Settings generic via filter on get_the_excerpt --><!-- AddThis Share Buttons generic via filter on get_the_excerpt --><\/p>\n","protected":false},"author":6,"featured_media":18182,"comment_status":"closed","ping_status":"open","sticky":false,"template":"","format":"standard","meta":{"_acf_changed":false,"om_disable_all_campaigns":false,"_monsterinsights_skip_tracking":false,"_monsterinsights_sitenote_active":false,"_monsterinsights_sitenote_note":"","_monsterinsights_sitenote_category":0,"_uf_show_specific_survey":0,"_uf_disable_surveys":false,"footnotes":""},"categories":[100,30],"tags":[],"class_list":["post-18167","post","type-post","status-publish","format-standard","has-post-thumbnail","hentry","category-noticias","category-moda"],"acf":[],"aioseo_notices":[],"_links":{"self":[{"href":"https:\/\/www.lasrosas.com.ar\/portal\/wp-json\/wp\/v2\/posts\/18167","targetHints":{"allow":["GET"]}}],"collection":[{"href":"https:\/\/www.lasrosas.com.ar\/portal\/wp-json\/wp\/v2\/posts"}],"about":[{"href":"https:\/\/www.lasrosas.com.ar\/portal\/wp-json\/wp\/v2\/types\/post"}],"author":[{"embeddable":true,"href":"https:\/\/www.lasrosas.com.ar\/portal\/wp-json\/wp\/v2\/users\/6"}],"replies":[{"embeddable":true,"href":"https:\/\/www.lasrosas.com.ar\/portal\/wp-json\/wp\/v2\/comments?post=18167"}],"version-history":[{"count":0,"href":"https:\/\/www.lasrosas.com.ar\/portal\/wp-json\/wp\/v2\/posts\/18167\/revisions"}],"wp:featuredmedia":[{"embeddable":true,"href":"https:\/\/www.lasrosas.com.ar\/portal\/wp-json\/wp\/v2\/media\/18182"}],"wp:attachment":[{"href":"https:\/\/www.lasrosas.com.ar\/portal\/wp-json\/wp\/v2\/media?parent=18167"}],"wp:term":[{"taxonomy":"category","embeddable":true,"href":"https:\/\/www.lasrosas.com.ar\/portal\/wp-json\/wp\/v2\/categories?post=18167"},{"taxonomy":"post_tag","embeddable":true,"href":"https:\/\/www.lasrosas.com.ar\/portal\/wp-json\/wp\/v2\/tags?post=18167"}],"curies":[{"name":"wp","href":"https:\/\/api.w.org\/{rel}","templated":true}]}}