{"id":17902,"date":"2019-08-25T11:12:14","date_gmt":"2019-08-25T14:12:14","guid":{"rendered":"https:\/\/www.lasrosas.com.ar\/portal\/?p=17902"},"modified":"2019-08-27T16:55:26","modified_gmt":"2019-08-27T19:55:26","slug":"es-clave-actividad-fisica-y-la-alimentacion-saludable","status":"publish","type":"post","link":"https:\/\/www.lasrosas.com.ar\/portal\/es-clave-actividad-fisica-y-la-alimentacion-saludable\/","title":{"rendered":"ES CLAVE: ACTIVIDAD F\u00cdSICA Y ALIMENTACI\u00d3N SALUDABLE"},"content":{"rendered":"<h4>POR: ROC\u00cdO SOSA &#8211; @rososajuarez<\/h4>\n<h4><u>Motivadora de una vida saludable, Mar\u00eda Josefina Zalazar se define como nutricionista 100% deportiva. En sus redes incentiva a los seguidores a llevar una vida m\u00e1s equilibrada. La Licenciada en Nutrici\u00f3n se plantea un objetivo claro: trabajar para un mundo muscular. <\/u><\/h4>\n<p>&nbsp;<\/p>\n<p>&nbsp;<\/p>\n<p><strong><img decoding=\"async\" class=\"alignnone size-full wp-image-17903 lazyload\" data-src=\"https:\/\/www.lasrosas.com.ar\/portal\/wp-content\/uploads\/entrevistaJOSE1.png\" alt=\"\" width=\"760\" height=\"937\" src=\"data:image\/svg+xml;base64,PHN2ZyB3aWR0aD0iMSIgaGVpZ2h0PSIxIiB4bWxucz0iaHR0cDovL3d3dy53My5vcmcvMjAwMC9zdmciPjwvc3ZnPg==\" style=\"--smush-placeholder-width: 760px; --smush-placeholder-aspect-ratio: 760\/937;\" \/> <img decoding=\"async\" class=\"alignnone size-medium wp-image-17904 lazyload\" data-src=\"https:\/\/www.lasrosas.com.ar\/portal\/wp-content\/uploads\/entrevistaJOSE2-467x960.jpg\" alt=\"\" width=\"467\" height=\"960\" data-srcset=\"https:\/\/www.lasrosas.com.ar\/portal\/wp-content\/uploads\/entrevistaJOSE2-467x960.jpg 467w, https:\/\/www.lasrosas.com.ar\/portal\/wp-content\/uploads\/entrevistaJOSE2.jpg 540w\" data-sizes=\"(max-width: 467px) 100vw, 467px\" src=\"data:image\/svg+xml;base64,PHN2ZyB3aWR0aD0iMSIgaGVpZ2h0PSIxIiB4bWxucz0iaHR0cDovL3d3dy53My5vcmcvMjAwMC9zdmciPjwvc3ZnPg==\" style=\"--smush-placeholder-width: 467px; --smush-placeholder-aspect-ratio: 467\/960;\" \/> <img decoding=\"async\" class=\"alignnone size-medium wp-image-17905 lazyload\" data-src=\"https:\/\/www.lasrosas.com.ar\/portal\/wp-content\/uploads\/entrevistaJOSE3-720x960.jpg\" alt=\"\" width=\"720\" height=\"960\" data-srcset=\"https:\/\/www.lasrosas.com.ar\/portal\/wp-content\/uploads\/entrevistaJOSE3-720x960.jpg 720w, https:\/\/www.lasrosas.com.ar\/portal\/wp-content\/uploads\/entrevistaJOSE3.jpg 960w\" data-sizes=\"(max-width: 720px) 100vw, 720px\" src=\"data:image\/svg+xml;base64,PHN2ZyB3aWR0aD0iMSIgaGVpZ2h0PSIxIiB4bWxucz0iaHR0cDovL3d3dy53My5vcmcvMjAwMC9zdmciPjwvc3ZnPg==\" style=\"--smush-placeholder-width: 720px; --smush-placeholder-aspect-ratio: 720\/960;\" \/>Se acerca la temporada verano y hay apuro por sentirnos m\u00e1s saludables por fuera y por dentro. #AENTRENAR: \u00bfqu\u00e9 hay que tener en cuenta para alimentarnos? <\/strong><\/p>\n<p><em>La alimentaci\u00f3n depende de tres variables: el tiempo, la intensidad y la frecuencia del entrenamiento. Seg\u00fan el combustible, es decir los alimentos que le proporcionemos al organismo es la manera que vamos a rendir. Tambi\u00e9n hay que tener en cuenta el objetivo, no es lo mismo la b\u00fasqueda de aumento de masa muscular, la disminuci\u00f3n de grasa corporal o simplemente si entrenamos y nos alimentamos para mantenernos en estado saludable. Es importante que la alimentaci\u00f3n sea flexible ya que var\u00eda seg\u00fan el entrenamiento.<\/em><\/p>\n<p><strong>#MITOS: Hay que comer antes de entrenar? Cuanto tiempo previo?<\/strong><\/p>\n<p><em>Si! La ingesta previa debe ser de 1 hs y media a 2 hs antes del entrenamiento. Porque si comenzamos la sesi\u00f3n de entrenamiento y estamos carentes de energ\u00eda, vamos a empezar a degradar nuestros m\u00fasculos provocando falta de energ\u00eda. \u00a0<\/em><\/p>\n<p><strong>#TIPS: Nutrientes imprescindibles? <\/strong><\/p>\n<p><em>Dependiendo el tipo de actividad y del objetivo vamos a utilizar un criterio de selecci\u00f3n: el nutriente clave por excelencia que necesitamos son hidratos de carbono, nuestro motor a la hora de realizar cualquier actividad f\u00edsica, ya que cuando nos movemos los m\u00fasculos comienzan a contraerse y necesitan disponer de energ\u00eda. Si no la tienen, se rompen y esto, a largo plazo, genera alguna lesi\u00f3n o p\u00e9rdida de masa muscular. Otro nutriente fundamental son las prote\u00ednas, que contribuyen a reparar estas m\u00edofibrillas musculares que se rompen durante la actividad f\u00edsica y ayudan al aumento de masa muscular. <\/em><\/p>\n<p><strong>#ELRECOMENDADO <\/strong><\/p>\n<p><em>Es sumamente importante la hidrataci\u00f3n a la hora de cualquier pr\u00e1ctica de actividad f\u00edsica y para nuestra vida diaria. <\/em><\/p>\n<!-- AddThis Advanced Settings generic via filter on the_content --><!-- AddThis Share Buttons generic via filter on the_content -->","protected":false},"excerpt":{"rendered":"<p>POR: ROC\u00cdO SOSA &#8211; @rososajuarez Motivadora de una vida saludable, Mar\u00eda Josefina Zalazar se define como nutricionista 100% deportiva. En sus redes incentiva a los seguidores a llevar una vida m\u00e1s equilibrada. La Licenciada en Nutrici\u00f3n se plantea un objetivo claro: trabajar para un mundo muscular. &nbsp; &nbsp; Se acerca la temporada verano y hay [&hellip;]<!-- AddThis Advanced Settings generic via filter on get_the_excerpt --><!-- AddThis Share Buttons generic via filter on get_the_excerpt --><\/p>\n","protected":false},"author":6,"featured_media":17903,"comment_status":"closed","ping_status":"open","sticky":false,"template":"","format":"standard","meta":{"_acf_changed":false,"om_disable_all_campaigns":false,"_monsterinsights_skip_tracking":false,"_monsterinsights_sitenote_active":false,"_monsterinsights_sitenote_note":"","_monsterinsights_sitenote_category":0,"_uf_show_specific_survey":0,"_uf_disable_surveys":false,"footnotes":""},"categories":[376,100],"tags":[],"class_list":["post-17902","post","type-post","status-publish","format-standard","has-post-thumbnail","hentry","category-lifestyle","category-noticias"],"acf":[],"aioseo_notices":[],"_links":{"self":[{"href":"https:\/\/www.lasrosas.com.ar\/portal\/wp-json\/wp\/v2\/posts\/17902","targetHints":{"allow":["GET"]}}],"collection":[{"href":"https:\/\/www.lasrosas.com.ar\/portal\/wp-json\/wp\/v2\/posts"}],"about":[{"href":"https:\/\/www.lasrosas.com.ar\/portal\/wp-json\/wp\/v2\/types\/post"}],"author":[{"embeddable":true,"href":"https:\/\/www.lasrosas.com.ar\/portal\/wp-json\/wp\/v2\/users\/6"}],"replies":[{"embeddable":true,"href":"https:\/\/www.lasrosas.com.ar\/portal\/wp-json\/wp\/v2\/comments?post=17902"}],"version-history":[{"count":0,"href":"https:\/\/www.lasrosas.com.ar\/portal\/wp-json\/wp\/v2\/posts\/17902\/revisions"}],"wp:featuredmedia":[{"embeddable":true,"href":"https:\/\/www.lasrosas.com.ar\/portal\/wp-json\/wp\/v2\/media\/17903"}],"wp:attachment":[{"href":"https:\/\/www.lasrosas.com.ar\/portal\/wp-json\/wp\/v2\/media?parent=17902"}],"wp:term":[{"taxonomy":"category","embeddable":true,"href":"https:\/\/www.lasrosas.com.ar\/portal\/wp-json\/wp\/v2\/categories?post=17902"},{"taxonomy":"post_tag","embeddable":true,"href":"https:\/\/www.lasrosas.com.ar\/portal\/wp-json\/wp\/v2\/tags?post=17902"}],"curies":[{"name":"wp","href":"https:\/\/api.w.org\/{rel}","templated":true}]}}