{"id":17723,"date":"2019-08-21T11:46:39","date_gmt":"2019-08-21T14:46:39","guid":{"rendered":"https:\/\/www.lasrosas.com.ar\/portal\/?p=17723"},"modified":"2019-08-21T11:55:40","modified_gmt":"2019-08-21T14:55:40","slug":"masticar-2019-lo-que-dejo-la-edicion-aniversario","status":"publish","type":"post","link":"https:\/\/www.lasrosas.com.ar\/portal\/masticar-2019-lo-que-dejo-la-edicion-aniversario\/","title":{"rendered":"MASTICAR 2019: LO QUE DEJ\u00d3 LA EDICI\u00d3N ANIVERSARIO"},"content":{"rendered":"<h4>Del 15 al 18 de agosto se llev\u00f3 a cabo la d\u00e9cima edici\u00f3n de la Feria Masticar, la feria gastron\u00f3mica m\u00e1s importante del pa\u00eds organizada por el grupo ACELGA. M\u00e1s de 160 mil personas disfrutaron de este encuentro \u00fanico en su aniversario batiendo todos los r\u00e9cords, un 10% m\u00e1s de visitantes que la \u00faltima edici\u00f3n en Buenos Aires.<\/h4>\n<p><img decoding=\"async\" class=\"alignnone size-medium wp-image-17724 lazyload\" data-src=\"https:\/\/www.lasrosas.com.ar\/portal\/wp-content\/uploads\/La-propuesta-del-Pobre-Luis-960x640.jpg\" alt=\"\" width=\"960\" height=\"640\" data-srcset=\"https:\/\/www.lasrosas.com.ar\/portal\/wp-content\/uploads\/La-propuesta-del-Pobre-Luis-960x640.jpg 960w, https:\/\/www.lasrosas.com.ar\/portal\/wp-content\/uploads\/La-propuesta-del-Pobre-Luis-1920x1280.jpg 1920w\" data-sizes=\"(max-width: 960px) 100vw, 960px\" src=\"data:image\/svg+xml;base64,PHN2ZyB3aWR0aD0iMSIgaGVpZ2h0PSIxIiB4bWxucz0iaHR0cDovL3d3dy53My5vcmcvMjAwMC9zdmciPjwvc3ZnPg==\" style=\"--smush-placeholder-width: 960px; --smush-placeholder-aspect-ratio: 960\/640;\" \/><\/p>\n<p>En esta edici\u00f3n se sumaron m\u00e1s espacios y propuestas para disfrutar \u2013a\u00fan mejor\u2013 de los platos de estaci\u00f3n junto a los chefs y productores representantes de todas las regiones gastron\u00f3micas del pa\u00eds. Hubo un Mercado m\u00e1s grande \u2013con m\u00e1s de 150 productores invitados\u2013 que permiti\u00f3 trazar el mapa de sabores de todo el territorio nacional. Y Per\u00fa como pa\u00eds invitado con\u00a0Gast\u00f3n Acurio\u00a0a la cabeza. Como siempre, las Clases de Cocina, en donde participaron m\u00e1s de 12 mil personas, contaron con la presencia de chefs argentinos e invitados internacionales, como tambi\u00e9n los Talleres de Oficio, ambos casos con la presencia de Mauro Colagreco quien acaba de ganar el Premio a mejor restaurante del mundo.<br \/>\nEn los sectores de bebida, hubo m\u00e1s de 45 mil degustadores de vino entre las 16 bodegas participantes y m\u00e1s de 40 mil copas de cerveza entre las 9 cervecer\u00edas propuestas. En esta edici\u00f3n, la Plaza de Ni\u00f1os recibi\u00f3 a las familias con talleres de cocina para chicos, actividades de acrobacia, la verduler\u00eda y la parrilla para jugar, atriles para pintar, espect\u00e1culos de t\u00edteres y huertas hidrop\u00f3nicas para conocer esta particular forma de cultivo. Tambi\u00e9n se proyect\u00f3 por primera vez cine, adem\u00e1s de las muchas sorpresas que hubo el d\u00eda domingo por la celebraci\u00f3n del D\u00eda del Ni\u00f1o. Algunos de los platos m\u00e1s elegidos de la feria fueron: los BocadEATos de Eat Catering, la Pizza Pepe and Trufa de Hell\u00b4s Pizza, el Curry de Cordero de Gran Dabbang, invitado de Elena, el Temaki de Tartare de Pescado Blanco de Club M Omakase, la Empanada frita de cordero de Alo\u00b4s, la Pizza Margherita de Siamo en el Forno, los Niguiris de Langostinos de Osaka, las Mollejas Ahumadas de Los Petersen, las Croquetas de mariscos de Oviedo, y el Flan de dulce de leche de Proper. Entre los platos m\u00e1s ex\u00f3ticos estuvieron la Dolce Mortal Burger de Elena, el Ladrillo de Yacar\u00e9 de Puratierra, el Chorizo de ciervo de Pablo Buzzo, el Alfajor Marino de El Baqueano, el Alfajor de Morcilla de Chila y las Croquetas de pac\u00fa de Carlos Loch, invitado de Austria. Como en todas sus ediciones, Masticar fue nuevamente organizada junto a BA Capital Gastron\u00f3mica, un programa de gobierno que busca posicionar a la Ciudad de Buenos Aires como la capital gastron\u00f3mica de Am\u00e9rica Latina. En esta edici\u00f3n los visitantes recorrieron la feria con Boti, el whatsApp de la Ciudad, con el que tuvieron en su tel\u00e9fono el mapa, los puestos y las clases junto a toda la informaci\u00f3n de la feria.<br \/>\nY as\u00ed, una nueva y exitosa edici\u00f3n de Masticar cierra y despide a su querido predio de El Dorrego\u2026 esperando la pr\u00f3xima feria para seguir disfrutando y masticando.<\/p>\n<p><strong>\u00a1Salud!<\/strong><\/p>\n<p><img decoding=\"async\" class=\"alignnone size-medium wp-image-17725 lazyload\" data-src=\"https:\/\/www.lasrosas.com.ar\/portal\/wp-content\/uploads\/Lele-Cristobal-960x640.jpg\" alt=\"\" width=\"960\" height=\"640\" data-srcset=\"https:\/\/www.lasrosas.com.ar\/portal\/wp-content\/uploads\/Lele-Cristobal-960x640.jpg 960w, https:\/\/www.lasrosas.com.ar\/portal\/wp-content\/uploads\/Lele-Cristobal-1920x1280.jpg 1920w\" data-sizes=\"(max-width: 960px) 100vw, 960px\" src=\"data:image\/svg+xml;base64,PHN2ZyB3aWR0aD0iMSIgaGVpZ2h0PSIxIiB4bWxucz0iaHR0cDovL3d3dy53My5vcmcvMjAwMC9zdmciPjwvc3ZnPg==\" style=\"--smush-placeholder-width: 960px; --smush-placeholder-aspect-ratio: 960\/640;\" \/> <img decoding=\"async\" class=\"alignnone size-medium wp-image-17727 lazyload\" data-src=\"https:\/\/www.lasrosas.com.ar\/portal\/wp-content\/uploads\/Donato-y-su-propuesta-640x960.jpg\" alt=\"\" width=\"640\" height=\"960\" data-srcset=\"https:\/\/www.lasrosas.com.ar\/portal\/wp-content\/uploads\/Donato-y-su-propuesta-640x960.jpg 640w, https:\/\/www.lasrosas.com.ar\/portal\/wp-content\/uploads\/Donato-y-su-propuesta-1280x1920.jpg 1280w, https:\/\/www.lasrosas.com.ar\/portal\/wp-content\/uploads\/Donato-y-su-propuesta.jpg 2000w\" data-sizes=\"(max-width: 640px) 100vw, 640px\" src=\"data:image\/svg+xml;base64,PHN2ZyB3aWR0aD0iMSIgaGVpZ2h0PSIxIiB4bWxucz0iaHR0cDovL3d3dy53My5vcmcvMjAwMC9zdmciPjwvc3ZnPg==\" style=\"--smush-placeholder-width: 640px; --smush-placeholder-aspect-ratio: 640\/960;\" \/><\/p>\n<p>&nbsp;<\/p>\n<p>&nbsp;<\/p>\n<p><img decoding=\"async\" class=\"alignnone size-medium wp-image-17729 lazyload\" data-src=\"https:\/\/www.lasrosas.com.ar\/portal\/wp-content\/uploads\/Teffi-Ruso-@inutilisima-firma-libros-640x960.jpg\" alt=\"\" width=\"640\" height=\"960\" data-srcset=\"https:\/\/www.lasrosas.com.ar\/portal\/wp-content\/uploads\/Teffi-Ruso-@inutilisima-firma-libros-640x960.jpg 640w, https:\/\/www.lasrosas.com.ar\/portal\/wp-content\/uploads\/Teffi-Ruso-@inutilisima-firma-libros-1280x1920.jpg 1280w, https:\/\/www.lasrosas.com.ar\/portal\/wp-content\/uploads\/Teffi-Ruso-@inutilisima-firma-libros.jpg 2000w\" data-sizes=\"(max-width: 640px) 100vw, 640px\" src=\"data:image\/svg+xml;base64,PHN2ZyB3aWR0aD0iMSIgaGVpZ2h0PSIxIiB4bWxucz0iaHR0cDovL3d3dy53My5vcmcvMjAwMC9zdmciPjwvc3ZnPg==\" style=\"--smush-placeholder-width: 640px; --smush-placeholder-aspect-ratio: 640\/960;\" \/><img decoding=\"async\" class=\"alignnone size-medium wp-image-17730 lazyload\" data-src=\"https:\/\/www.lasrosas.com.ar\/portal\/wp-content\/uploads\/Causa-Mar-y-Tierra-de-Chan-Chan-640x960.jpg\" alt=\"\" width=\"640\" height=\"960\" data-srcset=\"https:\/\/www.lasrosas.com.ar\/portal\/wp-content\/uploads\/Causa-Mar-y-Tierra-de-Chan-Chan-640x960.jpg 640w, https:\/\/www.lasrosas.com.ar\/portal\/wp-content\/uploads\/Causa-Mar-y-Tierra-de-Chan-Chan-1280x1920.jpg 1280w, https:\/\/www.lasrosas.com.ar\/portal\/wp-content\/uploads\/Causa-Mar-y-Tierra-de-Chan-Chan.jpg 2000w\" data-sizes=\"(max-width: 640px) 100vw, 640px\" src=\"data:image\/svg+xml;base64,PHN2ZyB3aWR0aD0iMSIgaGVpZ2h0PSIxIiB4bWxucz0iaHR0cDovL3d3dy53My5vcmcvMjAwMC9zdmciPjwvc3ZnPg==\" style=\"--smush-placeholder-width: 640px; --smush-placeholder-aspect-ratio: 640\/960;\" \/> <img decoding=\"async\" class=\"alignnone size-medium wp-image-17731 lazyload\" data-src=\"https:\/\/www.lasrosas.com.ar\/portal\/wp-content\/uploads\/cookie-pop-de-Mooi-960x640.jpg\" alt=\"\" width=\"960\" height=\"640\" data-srcset=\"https:\/\/www.lasrosas.com.ar\/portal\/wp-content\/uploads\/cookie-pop-de-Mooi-960x640.jpg 960w, https:\/\/www.lasrosas.com.ar\/portal\/wp-content\/uploads\/cookie-pop-de-Mooi-1920x1280.jpg 1920w\" data-sizes=\"(max-width: 960px) 100vw, 960px\" src=\"data:image\/svg+xml;base64,PHN2ZyB3aWR0aD0iMSIgaGVpZ2h0PSIxIiB4bWxucz0iaHR0cDovL3d3dy53My5vcmcvMjAwMC9zdmciPjwvc3ZnPg==\" style=\"--smush-placeholder-width: 960px; --smush-placeholder-aspect-ratio: 960\/640;\" \/> <img decoding=\"async\" class=\"alignnone size-medium wp-image-17732 lazyload\" data-src=\"https:\/\/www.lasrosas.com.ar\/portal\/wp-content\/uploads\/Maru-Botana-y-la-Selva-Negrajpg-960x640.jpg\" alt=\"\" width=\"960\" height=\"640\" data-srcset=\"https:\/\/www.lasrosas.com.ar\/portal\/wp-content\/uploads\/Maru-Botana-y-la-Selva-Negrajpg-960x640.jpg 960w, https:\/\/www.lasrosas.com.ar\/portal\/wp-content\/uploads\/Maru-Botana-y-la-Selva-Negrajpg-1920x1280.jpg 1920w\" data-sizes=\"(max-width: 960px) 100vw, 960px\" src=\"data:image\/svg+xml;base64,PHN2ZyB3aWR0aD0iMSIgaGVpZ2h0PSIxIiB4bWxucz0iaHR0cDovL3d3dy53My5vcmcvMjAwMC9zdmciPjwvc3ZnPg==\" style=\"--smush-placeholder-width: 960px; --smush-placeholder-aspect-ratio: 960\/640;\" \/> <img decoding=\"async\" class=\"alignnone size-medium wp-image-17733 lazyload\" data-src=\"https:\/\/www.lasrosas.com.ar\/portal\/wp-content\/uploads\/Fer-Dente-invitado-de-Metro-960x640.jpg\" alt=\"\" width=\"960\" height=\"640\" data-srcset=\"https:\/\/www.lasrosas.com.ar\/portal\/wp-content\/uploads\/Fer-Dente-invitado-de-Metro-960x640.jpg 960w, https:\/\/www.lasrosas.com.ar\/portal\/wp-content\/uploads\/Fer-Dente-invitado-de-Metro-1920x1280.jpg 1920w\" data-sizes=\"(max-width: 960px) 100vw, 960px\" src=\"data:image\/svg+xml;base64,PHN2ZyB3aWR0aD0iMSIgaGVpZ2h0PSIxIiB4bWxucz0iaHR0cDovL3d3dy53My5vcmcvMjAwMC9zdmciPjwvc3ZnPg==\" style=\"--smush-placeholder-width: 960px; --smush-placeholder-aspect-ratio: 960\/640;\" \/><\/p>\n<!-- AddThis Advanced Settings generic via filter on the_content --><!-- AddThis Share Buttons generic via filter on the_content -->","protected":false},"excerpt":{"rendered":"<p>Del 15 al 18 de agosto se llev\u00f3 a cabo la d\u00e9cima edici\u00f3n de la Feria Masticar, la feria gastron\u00f3mica m\u00e1s importante del pa\u00eds organizada por el grupo ACELGA. M\u00e1s de 160 mil personas disfrutaron de este encuentro \u00fanico en su aniversario batiendo todos los r\u00e9cords, un 10% m\u00e1s de visitantes que la \u00faltima edici\u00f3n [&hellip;]<!-- AddThis Advanced Settings generic via filter on get_the_excerpt --><!-- AddThis Share Buttons generic via filter on get_the_excerpt --><\/p>\n","protected":false},"author":6,"featured_media":17739,"comment_status":"closed","ping_status":"open","sticky":false,"template":"","format":"standard","meta":{"_acf_changed":false,"om_disable_all_campaigns":false,"_monsterinsights_skip_tracking":false,"_monsterinsights_sitenote_active":false,"_monsterinsights_sitenote_note":"","_monsterinsights_sitenote_category":0,"_uf_show_specific_survey":0,"_uf_disable_surveys":false,"footnotes":""},"categories":[376],"tags":[],"class_list":["post-17723","post","type-post","status-publish","format-standard","has-post-thumbnail","hentry","category-lifestyle"],"acf":[],"aioseo_notices":[],"_links":{"self":[{"href":"https:\/\/www.lasrosas.com.ar\/portal\/wp-json\/wp\/v2\/posts\/17723","targetHints":{"allow":["GET"]}}],"collection":[{"href":"https:\/\/www.lasrosas.com.ar\/portal\/wp-json\/wp\/v2\/posts"}],"about":[{"href":"https:\/\/www.lasrosas.com.ar\/portal\/wp-json\/wp\/v2\/types\/post"}],"author":[{"embeddable":true,"href":"https:\/\/www.lasrosas.com.ar\/portal\/wp-json\/wp\/v2\/users\/6"}],"replies":[{"embeddable":true,"href":"https:\/\/www.lasrosas.com.ar\/portal\/wp-json\/wp\/v2\/comments?post=17723"}],"version-history":[{"count":0,"href":"https:\/\/www.lasrosas.com.ar\/portal\/wp-json\/wp\/v2\/posts\/17723\/revisions"}],"wp:featuredmedia":[{"embeddable":true,"href":"https:\/\/www.lasrosas.com.ar\/portal\/wp-json\/wp\/v2\/media\/17739"}],"wp:attachment":[{"href":"https:\/\/www.lasrosas.com.ar\/portal\/wp-json\/wp\/v2\/media?parent=17723"}],"wp:term":[{"taxonomy":"category","embeddable":true,"href":"https:\/\/www.lasrosas.com.ar\/portal\/wp-json\/wp\/v2\/categories?post=17723"},{"taxonomy":"post_tag","embeddable":true,"href":"https:\/\/www.lasrosas.com.ar\/portal\/wp-json\/wp\/v2\/tags?post=17723"}],"curies":[{"name":"wp","href":"https:\/\/api.w.org\/{rel}","templated":true}]}}