{"id":17597,"date":"2019-08-16T14:07:09","date_gmt":"2019-08-16T17:07:09","guid":{"rendered":"https:\/\/www.lasrosas.com.ar\/portal\/?p=17597"},"modified":"2019-08-16T18:13:31","modified_gmt":"2019-08-16T21:13:31","slug":"mila-kartei-bafweek-19","status":"publish","type":"post","link":"https:\/\/www.lasrosas.com.ar\/portal\/mila-kartei-bafweek-19\/","title":{"rendered":"MILA KARTEI BAFWEEK 19"},"content":{"rendered":"<h4>Presenta\u200b\u00a0una colecci\u00f3n ecl\u00e9ctica y colorida en donde se trabaj\u00f3 con<br \/>\ntexturas y formas inspiradas no solo en las obras de Matisse, sino adem\u00e1s en la propia<br \/>\nversi\u00f3n de \u201ccollage\u201d. Se hizo hincapi\u00e9 en los contrastes, en los acentos de color y en<br \/>\nlas formas org\u00e1nicas siempre presentes en la marca, temporada tras temporada.<\/h4>\n<p>La colecci\u00f3n primavera verano 2020 est\u00e1 inspirada El artista pl\u00e1stico<br \/>\nMatisse, su obras\u00a0pict\u00f3ricas\u00a0y sus \u201cpaper cuts\u201d\/collages.<br \/>\nEl t\u00e9rmino collage, de origen franc\u00e9s, hace menci\u00f3n a una t\u00e9cnica art\u00edstica<br \/>\nconsistente en la uni\u00f3n de distintos elementos. El collage suele incluir<\/p>\n<p>diversos materiales e im\u00e1genes en la composici\u00f3n de una misma obra.<\/p>\n<p>El universo de Mila Kartei es en definitiva un collage, una yuxtaposici\u00f3n de componentes variados que adquieren un tono de unidad.<\/p>\n<p>\u201cElla cuando viste, hace collage\u201dFrase que encierra la versi\u00f3n de la mujer Mila Kartei, quien con su<br \/>\nesp\u00edritu\u00a0\u00a0l\u00fadico y alegre habla a trav\u00e9s de su estilo y de su identidad a la hora de vestir.<\/p>\n<p>Como novedad, se incorporan g\u00e9neros y prendas deportivas. Hilados con lurex,<br \/>\ntrabajos en cueros recortados. Tejidos jacards con dibujos representativos de la<br \/>\ntem\u00e1tica y jeans estampados.<br \/>\nLa propuesta se completa con una linea de accesorios que incluyen zapatos, sandalias<br \/>\ndeportivas, carteras y una c\u00e1psula de aros y collares en resina de colores tipo \u201cmarble\u201d<br \/>\nComo ADN la marca sigue desarrollando sus estampados caracter\u00edsticos\u00a0en<br \/>\nlas\u00a0\u00a0paletas de color que destacan los tonos pastel fusionados con tintes c\u00edtricos y<br \/>\nvibrantes: Lila, Rosa, Celeste y Verde Agua conviven con el\u00a0\u00a0Naranja brillante y el lima.<br \/>\nLos\u00a0must have\u00a0de esta temporada son las camisas estampadas, las faldas \u201cmidi\u201d ya<br \/>\nsean plisadas o tableadas, los trajes full color y los denim intervenidos as\u00ed como las<br \/>\nprendas deportivas.<br \/>\n#MilaKarteiClub<br \/>\nDesde su primer temporada, Mila Kartei logra construir un universo evocando la<br \/>\nenerg\u00eda femenina. Su objetivo siempre fue el de inspirar a las mujeres creando prendas<br \/>\nque las hagan sentir bien y generando un v\u00ednculo con cada clienta.<br \/>\nEl #MilaKarteiClub es un espacio de encuentro en donde se festeja el poder de lo<br \/>\nfemenino. Es inclusivo, al igual que las prendas; la marca se propone temporada tras<br \/>\ntemporada vestir a todas las mujeres logrando que se sientan identificadas y c\u00f3modas.<br \/>\nLas colecciones se piensan a partir de un relato que siempre tiene a la mujer como<br \/>\nprotagonista. Mila Kartei inspira lo femenino construyendo siluetas que se adaptan a<br \/>\ndiferentes cuerpos y realizando prendas que festejan a la mujer contempor\u00e1nea en<br \/>\ntoda su versatilidad.<\/p>\n<p><img decoding=\"async\" class=\"alignnone wp-image-17602 size-medium lazyload\" data-src=\"https:\/\/www.lasrosas.com.ar\/portal\/wp-content\/uploads\/6X5A1493-e1565978540171-640x960.jpg\" alt=\"\" width=\"640\" height=\"960\" data-srcset=\"https:\/\/www.lasrosas.com.ar\/portal\/wp-content\/uploads\/6X5A1493-e1565978540171-640x960.jpg 640w, https:\/\/www.lasrosas.com.ar\/portal\/wp-content\/uploads\/6X5A1493-e1565978540171-1280x1920.jpg 1280w\" data-sizes=\"(max-width: 640px) 100vw, 640px\" src=\"data:image\/svg+xml;base64,PHN2ZyB3aWR0aD0iMSIgaGVpZ2h0PSIxIiB4bWxucz0iaHR0cDovL3d3dy53My5vcmcvMjAwMC9zdmciPjwvc3ZnPg==\" style=\"--smush-placeholder-width: 640px; --smush-placeholder-aspect-ratio: 640\/960;\" \/> \u00a0<img decoding=\"async\" class=\"alignnone wp-image-17600 size-medium lazyload\" data-src=\"https:\/\/www.lasrosas.com.ar\/portal\/wp-content\/uploads\/6X5A1466-e1565978822799-640x960.jpg\" alt=\"\" width=\"640\" height=\"960\" data-srcset=\"https:\/\/www.lasrosas.com.ar\/portal\/wp-content\/uploads\/6X5A1466-e1565978822799-640x960.jpg 640w, https:\/\/www.lasrosas.com.ar\/portal\/wp-content\/uploads\/6X5A1466-e1565978822799-1280x1920.jpg 1280w\" data-sizes=\"(max-width: 640px) 100vw, 640px\" src=\"data:image\/svg+xml;base64,PHN2ZyB3aWR0aD0iMSIgaGVpZ2h0PSIxIiB4bWxucz0iaHR0cDovL3d3dy53My5vcmcvMjAwMC9zdmciPjwvc3ZnPg==\" style=\"--smush-placeholder-width: 640px; --smush-placeholder-aspect-ratio: 640\/960;\" \/>\u00a0\u00a0<img decoding=\"async\" class=\"alignnone wp-image-17607 size-medium lazyload\" data-src=\"https:\/\/www.lasrosas.com.ar\/portal\/wp-content\/uploads\/6X5A1559-e1565978936496-640x960.jpg\" alt=\"\" width=\"640\" height=\"960\" data-srcset=\"https:\/\/www.lasrosas.com.ar\/portal\/wp-content\/uploads\/6X5A1559-e1565978936496-640x960.jpg 640w, https:\/\/www.lasrosas.com.ar\/portal\/wp-content\/uploads\/6X5A1559-e1565978936496-1280x1920.jpg 1280w\" data-sizes=\"(max-width: 640px) 100vw, 640px\" src=\"data:image\/svg+xml;base64,PHN2ZyB3aWR0aD0iMSIgaGVpZ2h0PSIxIiB4bWxucz0iaHR0cDovL3d3dy53My5vcmcvMjAwMC9zdmciPjwvc3ZnPg==\" style=\"--smush-placeholder-width: 640px; --smush-placeholder-aspect-ratio: 640\/960;\" \/> <img decoding=\"async\" class=\"alignnone wp-image-17606 size-medium lazyload\" data-src=\"https:\/\/www.lasrosas.com.ar\/portal\/wp-content\/uploads\/6X5A1551-e1565979070606-640x960.jpg\" alt=\"\" width=\"640\" height=\"960\" data-srcset=\"https:\/\/www.lasrosas.com.ar\/portal\/wp-content\/uploads\/6X5A1551-e1565979070606-640x960.jpg 640w, https:\/\/www.lasrosas.com.ar\/portal\/wp-content\/uploads\/6X5A1551-e1565979070606-1280x1920.jpg 1280w\" data-sizes=\"(max-width: 640px) 100vw, 640px\" src=\"data:image\/svg+xml;base64,PHN2ZyB3aWR0aD0iMSIgaGVpZ2h0PSIxIiB4bWxucz0iaHR0cDovL3d3dy53My5vcmcvMjAwMC9zdmciPjwvc3ZnPg==\" style=\"--smush-placeholder-width: 640px; --smush-placeholder-aspect-ratio: 640\/960;\" \/> <img decoding=\"async\" class=\"alignnone wp-image-17605 size-medium lazyload\" data-src=\"https:\/\/www.lasrosas.com.ar\/portal\/wp-content\/uploads\/6X5A1544-e1565979115755-640x960.jpg\" alt=\"\" width=\"640\" height=\"960\" data-srcset=\"https:\/\/www.lasrosas.com.ar\/portal\/wp-content\/uploads\/6X5A1544-e1565979115755-640x960.jpg 640w, https:\/\/www.lasrosas.com.ar\/portal\/wp-content\/uploads\/6X5A1544-e1565979115755-1280x1920.jpg 1280w\" data-sizes=\"(max-width: 640px) 100vw, 640px\" src=\"data:image\/svg+xml;base64,PHN2ZyB3aWR0aD0iMSIgaGVpZ2h0PSIxIiB4bWxucz0iaHR0cDovL3d3dy53My5vcmcvMjAwMC9zdmciPjwvc3ZnPg==\" style=\"--smush-placeholder-width: 640px; --smush-placeholder-aspect-ratio: 640\/960;\" \/> <img decoding=\"async\" class=\"alignnone wp-image-17604 size-medium lazyload\" data-src=\"https:\/\/www.lasrosas.com.ar\/portal\/wp-content\/uploads\/6X5A1522-e1565979182146-640x960.jpg\" alt=\"\" width=\"640\" height=\"960\" data-srcset=\"https:\/\/www.lasrosas.com.ar\/portal\/wp-content\/uploads\/6X5A1522-e1565979182146-640x960.jpg 640w, https:\/\/www.lasrosas.com.ar\/portal\/wp-content\/uploads\/6X5A1522-e1565979182146-1280x1920.jpg 1280w\" data-sizes=\"(max-width: 640px) 100vw, 640px\" src=\"data:image\/svg+xml;base64,PHN2ZyB3aWR0aD0iMSIgaGVpZ2h0PSIxIiB4bWxucz0iaHR0cDovL3d3dy53My5vcmcvMjAwMC9zdmciPjwvc3ZnPg==\" style=\"--smush-placeholder-width: 640px; --smush-placeholder-aspect-ratio: 640\/960;\" \/><\/p>\n<!-- AddThis Advanced Settings generic via filter on the_content --><!-- AddThis Share Buttons generic via filter on the_content -->","protected":false},"excerpt":{"rendered":"<p>Presenta\u200b\u00a0una colecci\u00f3n ecl\u00e9ctica y colorida en donde se trabaj\u00f3 con texturas y formas inspiradas no solo en las obras de Matisse, sino adem\u00e1s en la propia versi\u00f3n de \u201ccollage\u201d. Se hizo hincapi\u00e9 en los contrastes, en los acentos de color y en las formas org\u00e1nicas siempre presentes en la marca, temporada tras temporada. La colecci\u00f3n [&hellip;]<!-- AddThis Advanced Settings generic via filter on get_the_excerpt --><!-- AddThis Share Buttons generic via filter on get_the_excerpt --><\/p>\n","protected":false},"author":6,"featured_media":17622,"comment_status":"closed","ping_status":"open","sticky":false,"template":"","format":"standard","meta":{"_acf_changed":false,"om_disable_all_campaigns":false,"_monsterinsights_skip_tracking":false,"_monsterinsights_sitenote_active":false,"_monsterinsights_sitenote_note":"","_monsterinsights_sitenote_category":0,"_uf_show_specific_survey":0,"_uf_disable_surveys":false,"footnotes":""},"categories":[30],"tags":[],"class_list":["post-17597","post","type-post","status-publish","format-standard","has-post-thumbnail","hentry","category-moda"],"acf":[],"aioseo_notices":[],"_links":{"self":[{"href":"https:\/\/www.lasrosas.com.ar\/portal\/wp-json\/wp\/v2\/posts\/17597","targetHints":{"allow":["GET"]}}],"collection":[{"href":"https:\/\/www.lasrosas.com.ar\/portal\/wp-json\/wp\/v2\/posts"}],"about":[{"href":"https:\/\/www.lasrosas.com.ar\/portal\/wp-json\/wp\/v2\/types\/post"}],"author":[{"embeddable":true,"href":"https:\/\/www.lasrosas.com.ar\/portal\/wp-json\/wp\/v2\/users\/6"}],"replies":[{"embeddable":true,"href":"https:\/\/www.lasrosas.com.ar\/portal\/wp-json\/wp\/v2\/comments?post=17597"}],"version-history":[{"count":0,"href":"https:\/\/www.lasrosas.com.ar\/portal\/wp-json\/wp\/v2\/posts\/17597\/revisions"}],"wp:featuredmedia":[{"embeddable":true,"href":"https:\/\/www.lasrosas.com.ar\/portal\/wp-json\/wp\/v2\/media\/17622"}],"wp:attachment":[{"href":"https:\/\/www.lasrosas.com.ar\/portal\/wp-json\/wp\/v2\/media?parent=17597"}],"wp:term":[{"taxonomy":"category","embeddable":true,"href":"https:\/\/www.lasrosas.com.ar\/portal\/wp-json\/wp\/v2\/categories?post=17597"},{"taxonomy":"post_tag","embeddable":true,"href":"https:\/\/www.lasrosas.com.ar\/portal\/wp-json\/wp\/v2\/tags?post=17597"}],"curies":[{"name":"wp","href":"https:\/\/api.w.org\/{rel}","templated":true}]}}