{"id":17587,"date":"2019-08-16T13:20:50","date_gmt":"2019-08-16T16:20:50","guid":{"rendered":"https:\/\/www.lasrosas.com.ar\/portal\/?p=17587"},"modified":"2019-08-16T14:38:38","modified_gmt":"2019-08-16T17:38:38","slug":"sebastian-ortega-vendio-su-productora","status":"publish","type":"post","link":"https:\/\/www.lasrosas.com.ar\/portal\/sebastian-ortega-vendio-su-productora\/","title":{"rendered":"SEBASTIAN ORTEGA VENDI\u00d3 SU PRODUCTORA"},"content":{"rendered":"<h3>El exitoso productor de Underground, creadora de grandes \u00e9xitos, entre los cuales \u00abHistoria de un Clan\u00bb, \u00abEl Marginal\u00bb, comunic\u00f3 que va a estar a cargo de la direcci\u00f3n art\u00edstica, ya que\u00a0Telemundo compr\u00f3 la productora.<\/h3>\n<p>La compa\u00f1\u00eda asegur\u00f3 que esta alianza representa \u00abuna nueva era y es un gran salto en la evoluci\u00f3n art\u00edstica para todos los que formamos parte del equipo\u00bb. As\u00ed lo indic\u00f3 Marcos Santana, presidente de Telemundo Global Studios, quien agreg\u00f3 que \u201cla adquisici\u00f3n de Underground es una inversi\u00f3n estrat\u00e9gica para ayudar a NBCUniversal Telemundo Enterprises a satisfacer la creciente demanda de contenido en espa\u00f1ol de alta calidad y vanguardista, no solo en los Estados Unidos, sino tambi\u00e9n en todo el mundo\u00bb.<\/p>\n<p>En di\u00e1logo con la revista internacional Variety, Santana adelant\u00f3 que generar\u00e1n contenido no s\u00f3lo para las se\u00f1ales de NBCUniversal Telemundo y para plataformas de streaming\u00bb, en alusi\u00f3n a Netflix, Amazon Prime y Apple TV Plus, entre otras.<\/p>\n<p><img decoding=\"async\" class=\"alignnone size-medium wp-image-17588 lazyload\" data-src=\"https:\/\/www.lasrosas.com.ar\/portal\/wp-content\/uploads\/2498411-960x540.jpg\" alt=\"\" width=\"960\" height=\"540\" data-srcset=\"https:\/\/www.lasrosas.com.ar\/portal\/wp-content\/uploads\/2498411-960x540.jpg 960w, https:\/\/www.lasrosas.com.ar\/portal\/wp-content\/uploads\/2498411-1920x1080.jpg 1920w, https:\/\/www.lasrosas.com.ar\/portal\/wp-content\/uploads\/2498411.jpg 2000w\" data-sizes=\"(max-width: 960px) 100vw, 960px\" src=\"data:image\/svg+xml;base64,PHN2ZyB3aWR0aD0iMSIgaGVpZ2h0PSIxIiB4bWxucz0iaHR0cDovL3d3dy53My5vcmcvMjAwMC9zdmciPjwvc3ZnPg==\" style=\"--smush-placeholder-width: 960px; --smush-placeholder-aspect-ratio: 960\/540;\" \/><\/p>\n<p>C\u00e9sar Conde, directivo de Telemundo, tambi\u00e9n se expres\u00f3. \u00abLe damos una c\u00e1lida bienvenida a al equipo de Underground, que se unir\u00e1n a\u00a0Telemundo\u00bb, coment\u00f3 en Twitter.<\/p>\n<p>En 2018, Ortega ya hab\u00eda hecho un acuerdo con Telemundo, cuando vendi\u00f3 los derechos de El Marginal para que realicen la remake, titulada El recluso.<\/p>\n<p>Adem\u00e1s, en octubre, la productora internacional comenz\u00f3 una versi\u00f3n de 100 d\u00edas para enamorarse. \u00abEsta uni\u00f3n representa una nueva era y un salto en la evoluci\u00f3n art\u00edstica de todos nosotros\u00bb, coment\u00f3 Ortega.<\/p>\n<!-- AddThis Advanced Settings generic via filter on the_content --><!-- AddThis Share Buttons generic via filter on the_content -->","protected":false},"excerpt":{"rendered":"<p>El exitoso productor de Underground, creadora de grandes \u00e9xitos, entre los cuales \u00abHistoria de un Clan\u00bb, \u00abEl Marginal\u00bb, comunic\u00f3 que va a estar a cargo de la direcci\u00f3n art\u00edstica, ya que\u00a0Telemundo compr\u00f3 la productora. La compa\u00f1\u00eda asegur\u00f3 que esta alianza representa \u00abuna nueva era y es un gran salto en la evoluci\u00f3n art\u00edstica para todos [&hellip;]<!-- AddThis Advanced Settings generic via filter on get_the_excerpt --><!-- AddThis Share Buttons generic via filter on get_the_excerpt --><\/p>\n","protected":false},"author":6,"featured_media":17588,"comment_status":"closed","ping_status":"open","sticky":false,"template":"","format":"standard","meta":{"_acf_changed":false,"om_disable_all_campaigns":false,"_monsterinsights_skip_tracking":false,"_monsterinsights_sitenote_active":false,"_monsterinsights_sitenote_note":"","_monsterinsights_sitenote_category":0,"_uf_show_specific_survey":0,"_uf_disable_surveys":false,"footnotes":""},"categories":[100],"tags":[],"class_list":["post-17587","post","type-post","status-publish","format-standard","has-post-thumbnail","hentry","category-noticias"],"acf":[],"aioseo_notices":[],"_links":{"self":[{"href":"https:\/\/www.lasrosas.com.ar\/portal\/wp-json\/wp\/v2\/posts\/17587","targetHints":{"allow":["GET"]}}],"collection":[{"href":"https:\/\/www.lasrosas.com.ar\/portal\/wp-json\/wp\/v2\/posts"}],"about":[{"href":"https:\/\/www.lasrosas.com.ar\/portal\/wp-json\/wp\/v2\/types\/post"}],"author":[{"embeddable":true,"href":"https:\/\/www.lasrosas.com.ar\/portal\/wp-json\/wp\/v2\/users\/6"}],"replies":[{"embeddable":true,"href":"https:\/\/www.lasrosas.com.ar\/portal\/wp-json\/wp\/v2\/comments?post=17587"}],"version-history":[{"count":0,"href":"https:\/\/www.lasrosas.com.ar\/portal\/wp-json\/wp\/v2\/posts\/17587\/revisions"}],"wp:featuredmedia":[{"embeddable":true,"href":"https:\/\/www.lasrosas.com.ar\/portal\/wp-json\/wp\/v2\/media\/17588"}],"wp:attachment":[{"href":"https:\/\/www.lasrosas.com.ar\/portal\/wp-json\/wp\/v2\/media?parent=17587"}],"wp:term":[{"taxonomy":"category","embeddable":true,"href":"https:\/\/www.lasrosas.com.ar\/portal\/wp-json\/wp\/v2\/categories?post=17587"},{"taxonomy":"post_tag","embeddable":true,"href":"https:\/\/www.lasrosas.com.ar\/portal\/wp-json\/wp\/v2\/tags?post=17587"}],"curies":[{"name":"wp","href":"https:\/\/api.w.org\/{rel}","templated":true}]}}