{"id":17418,"date":"2019-08-09T13:30:15","date_gmt":"2019-08-09T16:30:15","guid":{"rendered":"https:\/\/www.lasrosas.com.ar\/portal\/?p=17418"},"modified":"2019-08-09T13:30:15","modified_gmt":"2019-08-09T16:30:15","slug":"reebok-y-victoria-beckham-revelan-su-coleccion-fw19","status":"publish","type":"post","link":"https:\/\/www.lasrosas.com.ar\/portal\/reebok-y-victoria-beckham-revelan-su-coleccion-fw19\/","title":{"rendered":"REEBOK Y VICTORIA BECKHAM REVELAN SU  COLECCI\u00d3N FW19"},"content":{"rendered":"<h4>Buenos Aires, XX de agosto de 2019 \u2013 Reebok, en colaboraci\u00f3n con la dise\u00f1adora Victoria Beckham,<br \/>\nlanzan la segunda colecci\u00f3n en lo que va del a\u00f1o luego del \u00e9xito de la primera c\u00e1psula que hizo vibrar al<br \/>\nmundo fashionista cuya inspiraci\u00f3n denota de Londres, pa\u00eds de origen de la dise\u00f1adora, y la cultura de la<br \/>\njuventud londinense.<\/h4>\n<p>&nbsp;<\/p>\n<p>Las piezas de la colecci\u00f3n, equipadas con beneficios de alto rendimiento y una confecci\u00f3n impecable<br \/>\nest\u00e1n inspiradas en la en\u00e9rgica rutina de ejercicios que la dise\u00f1adora realiza a diario y van desde<br \/>\nprendas de vestir y calzado hasta accesorios unisex. El estilo de la c\u00e1psula resulta la evoluci\u00f3n de<br \/>\nsofisticadas prendas deportivas y, asimismo, producto de su incre\u00edble trayectoria como bailarina. Los<br \/>\nabrigos unisex de la colecci\u00f3n se inclinan hacia el estilo urbano mientras que otras prendas de alto<br \/>\nrendimiento c\u00f3mo los sostenes trasl\u00facidos, panties y tops con hombros al descubierto cuentan con tintes<br \/>\ntrendy para poder entrenar con una vestimenta fashionista que integra una una paleta de colores<br \/>\nmoderna: tierra y ne\u00f3n, combinada con tonos m\u00e1s militares como el caqui y el azul marino.<br \/>\nLas prendas de exteriores, como los rompevientos, bomber jackets y anoraks, est\u00e1n cargadas de<br \/>\ngr\u00e1ficos y logos llamativos, como una forma de rendir homenaje a la moda de finales de los 80 e inicios<br \/>\nde los 90. El calzado de la colecci\u00f3n se trata del modelo inspirado en el Bolton Sock de los 90 que<br \/>\ncombina una din\u00e1mica paleta de colores como el caqui, negro, amarillo ne\u00f3n y azul marino. La<br \/>\nproducci\u00f3n de contenido de la colecci\u00f3n Reebok x Victoria Beckham FW19 son resultado de la visi\u00f3n<br \/>\ncreativa del fot\u00f3grafo Mario Sorrenti y el estilista Alastair McKimm, figuras claves del mundo de la<br \/>\nmoda.<\/p>\n<p>&nbsp;<\/p>\n<p>&nbsp;<\/p>\n<p><img decoding=\"async\" class=\"alignnone size-medium wp-image-17423 lazyload\" data-src=\"https:\/\/www.lasrosas.com.ar\/portal\/wp-content\/uploads\/Reebok-x-Victoria-Beckham-5-720x960.jpg\" alt=\"\" width=\"720\" height=\"960\" data-srcset=\"https:\/\/www.lasrosas.com.ar\/portal\/wp-content\/uploads\/Reebok-x-Victoria-Beckham-5-720x960.jpg 720w, https:\/\/www.lasrosas.com.ar\/portal\/wp-content\/uploads\/Reebok-x-Victoria-Beckham-5-1441x1920.jpg 1441w, https:\/\/www.lasrosas.com.ar\/portal\/wp-content\/uploads\/Reebok-x-Victoria-Beckham-5.jpg 1975w\" data-sizes=\"(max-width: 720px) 100vw, 720px\" src=\"data:image\/svg+xml;base64,PHN2ZyB3aWR0aD0iMSIgaGVpZ2h0PSIxIiB4bWxucz0iaHR0cDovL3d3dy53My5vcmcvMjAwMC9zdmciPjwvc3ZnPg==\" style=\"--smush-placeholder-width: 720px; --smush-placeholder-aspect-ratio: 720\/960;\" \/><\/p>\n<p><img decoding=\"async\" class=\"alignnone size-medium wp-image-17424 lazyload\" data-src=\"https:\/\/www.lasrosas.com.ar\/portal\/wp-content\/uploads\/Reebok-x-Victoria-Beckham-4-2-960x778.jpg\" alt=\"\" width=\"960\" height=\"778\" data-srcset=\"https:\/\/www.lasrosas.com.ar\/portal\/wp-content\/uploads\/Reebok-x-Victoria-Beckham-4-2-960x778.jpg 960w, https:\/\/www.lasrosas.com.ar\/portal\/wp-content\/uploads\/Reebok-x-Victoria-Beckham-4-2-1920x1556.jpg 1920w\" data-sizes=\"(max-width: 960px) 100vw, 960px\" src=\"data:image\/svg+xml;base64,PHN2ZyB3aWR0aD0iMSIgaGVpZ2h0PSIxIiB4bWxucz0iaHR0cDovL3d3dy53My5vcmcvMjAwMC9zdmciPjwvc3ZnPg==\" style=\"--smush-placeholder-width: 960px; --smush-placeholder-aspect-ratio: 960\/778;\" \/><br \/>\nLa dise\u00f1adora agrega: \u201cDise\u00f1\u00e9 cada una de las prendas para que todo el que las use se sienta seguro<br \/>\nde su estilo sin tener que sacrificar beneficios de alto rendimiento. Entrenar me hace sentir fuerte y<br \/>\nempoderada, y eso se refleja en toda la colecci\u00f3n&amp;quot;. Reebok y Victoria Beckham comparten la misi\u00f3n de<br \/>\nfusionar el rendimiento deportivo con el estilo.<br \/>\nKelly Hibler, Manager General de Reebok Classics,: \u201cEstamos muy emocionados con el lanzamiento de<br \/>\nnuestra segunda colaboraci\u00f3n con Victoria, dado el \u00e9xito y la gran aceptaci\u00f3n que tuvo nuestro primer<\/p>\n<p>rango. Unidos bajo la misi\u00f3n de apoyar y empoderar a nuestros consumidores en cada aspecto de sus<br \/>\nvidas, seguimos encontrando el equilibrio perfecto entre deporte y estilo&amp;quot;.<\/p>\n<p>Las colecci\u00f3n Reebok x Victoria Beckham FW19 estar\u00e1n disponibles a partir de agosto 2019<br \/>\nen\u00a0Reebok.com\/VictoriaBeckham\u00a0as\u00ed como en otros puntos de venta selectos a nivel mundial.<\/p>\n<!-- AddThis Advanced Settings generic via filter on the_content --><!-- AddThis Share Buttons generic via filter on the_content -->","protected":false},"excerpt":{"rendered":"<p>Buenos Aires, XX de agosto de 2019 \u2013 Reebok, en colaboraci\u00f3n con la dise\u00f1adora Victoria Beckham, lanzan la segunda colecci\u00f3n en lo que va del a\u00f1o luego del \u00e9xito de la primera c\u00e1psula que hizo vibrar al mundo fashionista cuya inspiraci\u00f3n denota de Londres, pa\u00eds de origen de la dise\u00f1adora, y la cultura de la [&hellip;]<!-- AddThis Advanced Settings generic via filter on get_the_excerpt --><!-- AddThis Share Buttons generic via filter on get_the_excerpt --><\/p>\n","protected":false},"author":6,"featured_media":17422,"comment_status":"closed","ping_status":"open","sticky":false,"template":"","format":"standard","meta":{"_acf_changed":false,"om_disable_all_campaigns":false,"_monsterinsights_skip_tracking":false,"_monsterinsights_sitenote_active":false,"_monsterinsights_sitenote_note":"","_monsterinsights_sitenote_category":0,"_uf_show_specific_survey":0,"_uf_disable_surveys":false,"footnotes":""},"categories":[30],"tags":[],"class_list":["post-17418","post","type-post","status-publish","format-standard","has-post-thumbnail","hentry","category-moda"],"acf":[],"aioseo_notices":[],"_links":{"self":[{"href":"https:\/\/www.lasrosas.com.ar\/portal\/wp-json\/wp\/v2\/posts\/17418","targetHints":{"allow":["GET"]}}],"collection":[{"href":"https:\/\/www.lasrosas.com.ar\/portal\/wp-json\/wp\/v2\/posts"}],"about":[{"href":"https:\/\/www.lasrosas.com.ar\/portal\/wp-json\/wp\/v2\/types\/post"}],"author":[{"embeddable":true,"href":"https:\/\/www.lasrosas.com.ar\/portal\/wp-json\/wp\/v2\/users\/6"}],"replies":[{"embeddable":true,"href":"https:\/\/www.lasrosas.com.ar\/portal\/wp-json\/wp\/v2\/comments?post=17418"}],"version-history":[{"count":0,"href":"https:\/\/www.lasrosas.com.ar\/portal\/wp-json\/wp\/v2\/posts\/17418\/revisions"}],"wp:featuredmedia":[{"embeddable":true,"href":"https:\/\/www.lasrosas.com.ar\/portal\/wp-json\/wp\/v2\/media\/17422"}],"wp:attachment":[{"href":"https:\/\/www.lasrosas.com.ar\/portal\/wp-json\/wp\/v2\/media?parent=17418"}],"wp:term":[{"taxonomy":"category","embeddable":true,"href":"https:\/\/www.lasrosas.com.ar\/portal\/wp-json\/wp\/v2\/categories?post=17418"},{"taxonomy":"post_tag","embeddable":true,"href":"https:\/\/www.lasrosas.com.ar\/portal\/wp-json\/wp\/v2\/tags?post=17418"}],"curies":[{"name":"wp","href":"https:\/\/api.w.org\/{rel}","templated":true}]}}