{"id":17282,"date":"2019-08-05T13:29:14","date_gmt":"2019-08-05T16:29:14","guid":{"rendered":"https:\/\/www.lasrosas.com.ar\/portal\/?p=17282"},"modified":"2019-08-05T13:29:14","modified_gmt":"2019-08-05T16:29:14","slug":"del-frio-al-calor-sofia-jujuy-y-juan-martin-del-potro","status":"publish","type":"post","link":"https:\/\/www.lasrosas.com.ar\/portal\/del-frio-al-calor-sofia-jujuy-y-juan-martin-del-potro\/","title":{"rendered":"DEL FRIO AL CALOR: SOF\u00cdA JUJUY Y JUAN MART\u00cdN DEL POTRO"},"content":{"rendered":"<h3><strong>La pareja esta disfrutando de unas segundas vacaciones\u00a0<\/strong><\/h3>\n<p>A semanas de haber confirmado su romance en <strong>Bariloch<\/strong>e, <strong>Juan Mart\u00edn del Potro<\/strong> y <strong>Sof\u00eda Jujuy<\/strong> dejaron el fr\u00edo atr\u00e1s y viajaron a un destino paradis\u00edaco.<\/p>\n<p>Las versiones de noviazgo comenzaron cuando la periodista viaj\u00f3 a <strong>Europa<\/strong> para ver Jugar a\u00a0<strong>Del Potro<\/strong>\u00a0y en la transmisi\u00f3n de ESPN fue vista dentro del p\u00fablico<strong>.\u00a0<\/strong><\/p>\n<p>Al regresar al pa\u00eds,\u00a0<strong>Sof\u00eda<\/strong>\u00a0tuvo una entrevista con el programa Los \u00c1ngeles de la ma\u00f1ana y revel\u00f3 estar saliendo con el tenista.\u00a0<strong>\u00abNo s\u00e9\u2026 Estamos conoci\u00e9ndonos, no s\u00e9 que pasar\u00e1 m\u00e1s adelante. Ahora lo acompa\u00f1\u00e9, disfrut\u00e9 de verlo, no s\u00e9 que pasar\u00e1 m\u00e1s adelante. Fui a pasarla bien, me vieron y ya est\u00e1\u00bb<\/strong><\/p>\n<p>M\u00e1s enamorados que nunca, la pareja se encuentra viviendo su mejor momento. El tenista subi\u00f3 una imagen en el agua y ella lo halag\u00f3. <em><strong>\u00abEl modelo m\u00e1s lindo, \u00a1fachuli, fachuli! Un aplauso para la PH (fot\u00f3grafa)\u00bb.<\/strong><\/em><\/p>\n<blockquote class=\"instagram-media\" style=\"background: #FFF; border: 0; border-radius: 3px; box-shadow: 0 0 1px 0 rgba(0,0,0,0.5),0 1px 10px 0 rgba(0,0,0,0.15); margin: 1px; max-width: 540px; min-width: 326px; padding: 0; width: calc(100% - 2px);\" data-instgrm-captioned=\"\" data-instgrm-permalink=\"https:\/\/www.instagram.com\/p\/B0wMockpAl4\/\" data-instgrm-version=\"12\">\n<div style=\"padding: 16px;\">\n<p>&nbsp;<\/p>\n<div style=\"display: flex; flex-direction: row; align-items: center;\">\n<div style=\"background-color: #f4f4f4; border-radius: 50%; flex-grow: 0; height: 40px; margin-right: 14px; width: 40px;\"><\/div>\n<div style=\"display: flex; flex-direction: column; flex-grow: 1; justify-content: center;\">\n<div style=\"background-color: #f4f4f4; border-radius: 4px; flex-grow: 0; height: 14px; margin-bottom: 6px; width: 100px;\"><\/div>\n<div style=\"background-color: #f4f4f4; border-radius: 4px; flex-grow: 0; height: 14px; width: 60px;\"><\/div>\n<\/div>\n<\/div>\n<div style=\"padding: 19% 0;\"><\/div>\n<div style=\"display: block; height: 50px; margin: 0 auto 12px; width: 50px;\"><\/div>\n<div style=\"padding-top: 8px;\">\n<div style=\"color: #3897f0; font-family: Arial,sans-serif; font-size: 14px; font-style: normal; font-weight: 550; line-height: 18px;\">Ver esta publicaci\u00f3n en Instagram<\/div>\n<\/div>\n<div style=\"padding: 12.5% 0;\"><\/div>\n<div style=\"display: flex; flex-direction: row; margin-bottom: 14px; align-items: center;\">\n<div>\n<div style=\"background-color: #f4f4f4; border-radius: 50%; height: 12.5px; width: 12.5px; transform: translateX(0px) translateY(7px);\"><\/div>\n<div style=\"background-color: #f4f4f4; height: 12.5px; transform: rotate(-45deg) translateX(3px) translateY(1px); width: 12.5px; flex-grow: 0; margin-right: 14px; margin-left: 2px;\"><\/div>\n<div style=\"background-color: #f4f4f4; border-radius: 50%; height: 12.5px; width: 12.5px; transform: translateX(9px) translateY(-18px);\"><\/div>\n<\/div>\n<div style=\"margin-left: 8px;\">\n<div style=\"background-color: #f4f4f4; border-radius: 50%; flex-grow: 0; height: 20px; width: 20px;\"><\/div>\n<div style=\"width: 0; height: 0; border-top: 2px solid transparent; border-left: 6px solid #f4f4f4; border-bottom: 2px solid transparent; transform: translateX(16px) translateY(-4px) rotate(30deg);\"><\/div>\n<\/div>\n<div style=\"margin-left: auto;\">\n<div style=\"width: 0px; border-top: 8px solid #F4F4F4; border-right: 8px solid transparent; transform: translateY(16px);\"><\/div>\n<div style=\"background-color: #f4f4f4; flex-grow: 0; height: 12px; width: 16px; transform: translateY(-4px);\"><\/div>\n<div style=\"width: 0; height: 0; border-top: 8px solid #F4F4F4; border-left: 8px solid transparent; transform: translateY(-4px) translateX(8px);\"><\/div>\n<\/div>\n<\/div>\n<p>&nbsp;<\/p>\n<p style=\"margin: 8px 0 0 0; padding: 0 4px;\"><a style=\"color: #000; font-family: Arial,sans-serif; font-size: 14px; font-style: normal; font-weight: normal; line-height: 17px; text-decoration: none; word-wrap: break-word;\" href=\"https:\/\/www.instagram.com\/p\/B0wMockpAl4\/\" target=\"_blank\" rel=\"noopener\">.Feliz Domingo.&#x2600;&#xfe0f; . . #Relax<\/a><\/p>\n<p style=\"color: #c9c8cd; font-family: Arial,sans-serif; font-size: 14px; line-height: 17px; margin-bottom: 0; margin-top: 8px; overflow: hidden; padding: 8px 0 7px; text-align: center; text-overflow: ellipsis; white-space: nowrap;\">Una publicaci\u00f3n compartida por <a style=\"color: #c9c8cd; font-family: Arial,sans-serif; font-size: 14px; font-style: normal; font-weight: normal; line-height: 17px;\" href=\"https:\/\/www.instagram.com\/delpotrojuan\/\" target=\"_blank\" rel=\"noopener\"> Juan Martin del Potro<\/a> (@delpotrojuan) el <time style=\"font-family: Arial,sans-serif; font-size: 14px; line-height: 17px;\" datetime=\"2019-08-04T19:02:40+00:00\">4 de Ago de 2019 a las 12:02 PDT<\/time><\/p>\n<\/div>\n<\/blockquote>\n<p><script async src=\"\/\/www.instagram.com\/embed.js\"><\/script><\/p>\n<p>&nbsp;<\/p>\n<!-- AddThis Advanced Settings generic via filter on the_content --><!-- AddThis Share Buttons generic via filter on the_content -->","protected":false},"excerpt":{"rendered":"<p>La pareja esta disfrutando de unas segundas vacaciones\u00a0 A semanas de haber confirmado su romance en Bariloche, Juan Mart\u00edn del Potro y Sof\u00eda Jujuy dejaron el fr\u00edo atr\u00e1s y viajaron a un destino paradis\u00edaco. Las versiones de noviazgo comenzaron cuando la periodista viaj\u00f3 a Europa para ver Jugar a\u00a0Del Potro\u00a0y en la transmisi\u00f3n de ESPN [&hellip;]<!-- AddThis Advanced Settings generic via filter on get_the_excerpt --><!-- AddThis Share Buttons generic via filter on get_the_excerpt --><\/p>\n","protected":false},"author":6,"featured_media":17283,"comment_status":"closed","ping_status":"open","sticky":false,"template":"","format":"standard","meta":{"_acf_changed":false,"om_disable_all_campaigns":false,"_monsterinsights_skip_tracking":false,"_monsterinsights_sitenote_active":false,"_monsterinsights_sitenote_note":"","_monsterinsights_sitenote_category":0,"_uf_show_specific_survey":0,"_uf_disable_surveys":false,"footnotes":""},"categories":[100],"tags":[],"class_list":["post-17282","post","type-post","status-publish","format-standard","has-post-thumbnail","hentry","category-noticias"],"acf":[],"aioseo_notices":[],"_links":{"self":[{"href":"https:\/\/www.lasrosas.com.ar\/portal\/wp-json\/wp\/v2\/posts\/17282","targetHints":{"allow":["GET"]}}],"collection":[{"href":"https:\/\/www.lasrosas.com.ar\/portal\/wp-json\/wp\/v2\/posts"}],"about":[{"href":"https:\/\/www.lasrosas.com.ar\/portal\/wp-json\/wp\/v2\/types\/post"}],"author":[{"embeddable":true,"href":"https:\/\/www.lasrosas.com.ar\/portal\/wp-json\/wp\/v2\/users\/6"}],"replies":[{"embeddable":true,"href":"https:\/\/www.lasrosas.com.ar\/portal\/wp-json\/wp\/v2\/comments?post=17282"}],"version-history":[{"count":0,"href":"https:\/\/www.lasrosas.com.ar\/portal\/wp-json\/wp\/v2\/posts\/17282\/revisions"}],"wp:featuredmedia":[{"embeddable":true,"href":"https:\/\/www.lasrosas.com.ar\/portal\/wp-json\/wp\/v2\/media\/17283"}],"wp:attachment":[{"href":"https:\/\/www.lasrosas.com.ar\/portal\/wp-json\/wp\/v2\/media?parent=17282"}],"wp:term":[{"taxonomy":"category","embeddable":true,"href":"https:\/\/www.lasrosas.com.ar\/portal\/wp-json\/wp\/v2\/categories?post=17282"},{"taxonomy":"post_tag","embeddable":true,"href":"https:\/\/www.lasrosas.com.ar\/portal\/wp-json\/wp\/v2\/tags?post=17282"}],"curies":[{"name":"wp","href":"https:\/\/api.w.org\/{rel}","templated":true}]}}