{"id":17270,"date":"2019-08-06T10:58:29","date_gmt":"2019-08-06T13:58:29","guid":{"rendered":"https:\/\/www.lasrosas.com.ar\/portal\/?p=17270"},"modified":"2019-08-06T10:58:29","modified_gmt":"2019-08-06T13:58:29","slug":"descendientes-3-un-avant-premiere-magico","status":"publish","type":"post","link":"https:\/\/www.lasrosas.com.ar\/portal\/descendientes-3-un-avant-premiere-magico\/","title":{"rendered":"DESCENDIENTES 3: UN AVANT PREMIERE M\u00c1GICO"},"content":{"rendered":"<h3><strong>Se realiz\u00f3 la proyecci\u00f3n oficial y exclusiva de la pel\u00edcula m\u00e1s esperada de Disney Channel<\/strong><\/h3>\n<p style=\"font-weight: 400;\">El s\u00e1bado 3 de agosto se realiz\u00f3 en el cine <strong>Hoyts de Dot Baires Shopping<\/strong>\u00a0\u00a0una proyecci\u00f3n exclusiva de\u00a0<strong><em>Descendientes 3<\/em><\/strong>.<\/p>\n<p style=\"font-weight: 400;\">La pel\u00edcula original de<strong> Disney Channel<\/strong> que contin\u00faa la saga de\u00a0<strong><em>Descendientes\u00a0<\/em><\/strong>estrenar\u00e1 el pr\u00f3ximo viernes 9 a las 20:00 por la pantalla del canal.<\/p>\n<p style=\"font-weight: 400;\">El evento cont\u00f3 con la presencia de\u00a0<strong>Mariano Martinez, Mica Viciconte, Gast\u00f3n Pauls, Kevsho, Gast\u00f3n Portal, Jos\u00e9 Mar\u00eda Listorti, Pachu Pe\u00f1a,\u00a0Walter Queijeiro, Magela Zanotta<\/strong>,\u00a0entre otros.<\/p>\n<p style=\"font-weight: 400;\"><strong>Mir\u00e1 la galer\u00eda de im\u00e1genes<\/strong><\/p>\n<p><img decoding=\"async\" class=\"alignnone size-medium wp-image-17292 lazyload\" data-src=\"https:\/\/www.lasrosas.com.ar\/portal\/wp-content\/uploads\/72-1-e1565099768516-639x960.jpg\" alt=\"\" width=\"639\" height=\"960\" data-srcset=\"https:\/\/www.lasrosas.com.ar\/portal\/wp-content\/uploads\/72-1-e1565099768516-639x960.jpg 639w, https:\/\/www.lasrosas.com.ar\/portal\/wp-content\/uploads\/72-1-e1565099768516-1278x1920.jpg 1278w\" data-sizes=\"(max-width: 639px) 100vw, 639px\" src=\"data:image\/svg+xml;base64,PHN2ZyB3aWR0aD0iMSIgaGVpZ2h0PSIxIiB4bWxucz0iaHR0cDovL3d3dy53My5vcmcvMjAwMC9zdmciPjwvc3ZnPg==\" style=\"--smush-placeholder-width: 639px; --smush-placeholder-aspect-ratio: 639\/960;\" \/><\/p>\n<p><img decoding=\"async\" class=\"alignnone size-medium wp-image-17291 lazyload\" data-src=\"https:\/\/www.lasrosas.com.ar\/portal\/wp-content\/uploads\/61-e1565099786920-639x960.jpg\" alt=\"\" width=\"639\" height=\"960\" data-srcset=\"https:\/\/www.lasrosas.com.ar\/portal\/wp-content\/uploads\/61-e1565099786920-639x960.jpg 639w, https:\/\/www.lasrosas.com.ar\/portal\/wp-content\/uploads\/61-e1565099786920-1278x1920.jpg 1278w\" data-sizes=\"(max-width: 639px) 100vw, 639px\" src=\"data:image\/svg+xml;base64,PHN2ZyB3aWR0aD0iMSIgaGVpZ2h0PSIxIiB4bWxucz0iaHR0cDovL3d3dy53My5vcmcvMjAwMC9zdmciPjwvc3ZnPg==\" style=\"--smush-placeholder-width: 639px; --smush-placeholder-aspect-ratio: 639\/960;\" \/><\/p>\n<p><img decoding=\"async\" class=\"alignnone size-medium wp-image-17290 lazyload\" data-src=\"https:\/\/www.lasrosas.com.ar\/portal\/wp-content\/uploads\/59-e1565099801305-639x960.jpg\" alt=\"\" width=\"639\" height=\"960\" data-srcset=\"https:\/\/www.lasrosas.com.ar\/portal\/wp-content\/uploads\/59-e1565099801305-639x960.jpg 639w, https:\/\/www.lasrosas.com.ar\/portal\/wp-content\/uploads\/59-e1565099801305-1278x1920.jpg 1278w\" data-sizes=\"(max-width: 639px) 100vw, 639px\" src=\"data:image\/svg+xml;base64,PHN2ZyB3aWR0aD0iMSIgaGVpZ2h0PSIxIiB4bWxucz0iaHR0cDovL3d3dy53My5vcmcvMjAwMC9zdmciPjwvc3ZnPg==\" style=\"--smush-placeholder-width: 639px; --smush-placeholder-aspect-ratio: 639\/960;\" \/><\/p>\n<p><img decoding=\"async\" class=\"alignnone size-medium wp-image-17289 lazyload\" data-src=\"https:\/\/www.lasrosas.com.ar\/portal\/wp-content\/uploads\/17-4-e1565099821792-639x960.jpg\" alt=\"\" width=\"639\" height=\"960\" data-srcset=\"https:\/\/www.lasrosas.com.ar\/portal\/wp-content\/uploads\/17-4-e1565099821792-639x960.jpg 639w, https:\/\/www.lasrosas.com.ar\/portal\/wp-content\/uploads\/17-4-e1565099821792-1278x1920.jpg 1278w\" data-sizes=\"(max-width: 639px) 100vw, 639px\" src=\"data:image\/svg+xml;base64,PHN2ZyB3aWR0aD0iMSIgaGVpZ2h0PSIxIiB4bWxucz0iaHR0cDovL3d3dy53My5vcmcvMjAwMC9zdmciPjwvc3ZnPg==\" style=\"--smush-placeholder-width: 639px; --smush-placeholder-aspect-ratio: 639\/960;\" \/><\/p>\n<p><img decoding=\"async\" class=\"alignnone size-medium wp-image-17288 lazyload\" data-src=\"https:\/\/www.lasrosas.com.ar\/portal\/wp-content\/uploads\/14-6-e1565099842721-639x960.jpg\" alt=\"\" width=\"639\" height=\"960\" data-srcset=\"https:\/\/www.lasrosas.com.ar\/portal\/wp-content\/uploads\/14-6-e1565099842721-639x960.jpg 639w, https:\/\/www.lasrosas.com.ar\/portal\/wp-content\/uploads\/14-6-e1565099842721-1278x1920.jpg 1278w\" data-sizes=\"(max-width: 639px) 100vw, 639px\" src=\"data:image\/svg+xml;base64,PHN2ZyB3aWR0aD0iMSIgaGVpZ2h0PSIxIiB4bWxucz0iaHR0cDovL3d3dy53My5vcmcvMjAwMC9zdmciPjwvc3ZnPg==\" style=\"--smush-placeholder-width: 639px; --smush-placeholder-aspect-ratio: 639\/960;\" \/><\/p>\n<p><img decoding=\"async\" class=\"alignnone size-medium wp-image-17286 lazyload\" data-src=\"https:\/\/www.lasrosas.com.ar\/portal\/wp-content\/uploads\/77-e1565099888263-639x960.jpg\" alt=\"\" width=\"639\" height=\"960\" data-srcset=\"https:\/\/www.lasrosas.com.ar\/portal\/wp-content\/uploads\/77-e1565099888263-639x960.jpg 639w, https:\/\/www.lasrosas.com.ar\/portal\/wp-content\/uploads\/77-e1565099888263-1278x1920.jpg 1278w\" data-sizes=\"(max-width: 639px) 100vw, 639px\" src=\"data:image\/svg+xml;base64,PHN2ZyB3aWR0aD0iMSIgaGVpZ2h0PSIxIiB4bWxucz0iaHR0cDovL3d3dy53My5vcmcvMjAwMC9zdmciPjwvc3ZnPg==\" style=\"--smush-placeholder-width: 639px; --smush-placeholder-aspect-ratio: 639\/960;\" \/><\/p>\n<!-- AddThis Advanced Settings generic via filter on the_content --><!-- AddThis Share Buttons generic via filter on the_content -->","protected":false},"excerpt":{"rendered":"<p>Se realiz\u00f3 la proyecci\u00f3n oficial y exclusiva de la pel\u00edcula m\u00e1s esperada de Disney Channel El s\u00e1bado 3 de agosto se realiz\u00f3 en el cine Hoyts de Dot Baires Shopping\u00a0\u00a0una proyecci\u00f3n exclusiva de\u00a0Descendientes 3. La pel\u00edcula original de Disney Channel que contin\u00faa la saga de\u00a0Descendientes\u00a0estrenar\u00e1 el pr\u00f3ximo viernes 9 a las 20:00 por la pantalla [&hellip;]<!-- AddThis Advanced Settings generic via filter on get_the_excerpt --><!-- AddThis Share Buttons generic via filter on get_the_excerpt --><\/p>\n","protected":false},"author":6,"featured_media":17287,"comment_status":"closed","ping_status":"open","sticky":false,"template":"","format":"standard","meta":{"_acf_changed":false,"om_disable_all_campaigns":false,"_monsterinsights_skip_tracking":false,"_monsterinsights_sitenote_active":false,"_monsterinsights_sitenote_note":"","_monsterinsights_sitenote_category":0,"_uf_show_specific_survey":0,"_uf_disable_surveys":false,"footnotes":""},"categories":[19],"tags":[],"class_list":["post-17270","post","type-post","status-publish","format-standard","has-post-thumbnail","hentry","category-eventos-sociales"],"acf":[],"aioseo_notices":[],"_links":{"self":[{"href":"https:\/\/www.lasrosas.com.ar\/portal\/wp-json\/wp\/v2\/posts\/17270","targetHints":{"allow":["GET"]}}],"collection":[{"href":"https:\/\/www.lasrosas.com.ar\/portal\/wp-json\/wp\/v2\/posts"}],"about":[{"href":"https:\/\/www.lasrosas.com.ar\/portal\/wp-json\/wp\/v2\/types\/post"}],"author":[{"embeddable":true,"href":"https:\/\/www.lasrosas.com.ar\/portal\/wp-json\/wp\/v2\/users\/6"}],"replies":[{"embeddable":true,"href":"https:\/\/www.lasrosas.com.ar\/portal\/wp-json\/wp\/v2\/comments?post=17270"}],"version-history":[{"count":0,"href":"https:\/\/www.lasrosas.com.ar\/portal\/wp-json\/wp\/v2\/posts\/17270\/revisions"}],"wp:featuredmedia":[{"embeddable":true,"href":"https:\/\/www.lasrosas.com.ar\/portal\/wp-json\/wp\/v2\/media\/17287"}],"wp:attachment":[{"href":"https:\/\/www.lasrosas.com.ar\/portal\/wp-json\/wp\/v2\/media?parent=17270"}],"wp:term":[{"taxonomy":"category","embeddable":true,"href":"https:\/\/www.lasrosas.com.ar\/portal\/wp-json\/wp\/v2\/categories?post=17270"},{"taxonomy":"post_tag","embeddable":true,"href":"https:\/\/www.lasrosas.com.ar\/portal\/wp-json\/wp\/v2\/tags?post=17270"}],"curies":[{"name":"wp","href":"https:\/\/api.w.org\/{rel}","templated":true}]}}