{"id":17261,"date":"2019-08-05T11:21:31","date_gmt":"2019-08-05T14:21:31","guid":{"rendered":"https:\/\/www.lasrosas.com.ar\/portal\/?p=17261"},"modified":"2019-08-05T11:22:04","modified_gmt":"2019-08-05T14:22:04","slug":"sorpresa-vero-lozano-revelo-que-estuvo-en-un-sauna-con-lenny-kravitz","status":"publish","type":"post","link":"https:\/\/www.lasrosas.com.ar\/portal\/sorpresa-vero-lozano-revelo-que-estuvo-en-un-sauna-con-lenny-kravitz\/","title":{"rendered":"\u00a1SORPRESA! VERO LOZANO REVEL\u00d3 QUE ESTUVO EN UN SAUNA CON LENNY KRAVITZ"},"content":{"rendered":"<h3><strong>La famosa conductora estuvo este fin de semana en Podemos Hablar<\/strong><\/h3>\n<p><strong>Ver\u00f3nica Lozano<\/strong> fue una de las invitadas del \u00faltimo programa <strong><em>PH Podemos Hablar<\/em><\/strong> conducido por <strong>Andy Kusnetzoff<\/strong>. Durante su participaci\u00f3n, confes\u00f3\u00a0haber compartido un sauna con el mism\u00edsimo <strong>Lenny Kravitz<\/strong>, pero que no fue una muy buena experiencia.<\/p>\n<p>La conductora revel\u00f3 que la actitud del cantante era completamente desinteresada y que se llev\u00f3 la impresi\u00f3n de que era demasiado cre\u00eddo.<\/p>\n<p><strong><em>Fuimos a ver a Lenny con Pao, una amiga que amo. Fue en 2004 y despu\u00e9s quien lo tra\u00eda a Argentina cuando termina el show nos invita a ir con un grupo de chicas y chicos al Hotel Faena&#8230;<\/em> Preguntan qui\u00e9n hablaba ingl\u00e9s y yo me ofrec\u00ed. Me dicen que estaba en el sauna y yo pens\u00e9 que me estaban jodiendo.\u00bb<\/strong>, arranc\u00f3 contando la conductora.<\/p>\n<p><em><strong>\u201cEntro, hab\u00eda mucho vapor y veo al fondo algo muy oscuro, chiquitito, con parte de la banda con chicos y chicas. Todos estaban en toalla, no en pelotas. Soy una cagona, voy pero no voy hasta el fondo&#8230; Cuando entramos dijo \u2018hi\u2019, pero estaba ah\u00ed onda que le chupaba un huev&#8230;En un momento dice \u2018\u00bfustedes pensaron que iban a terminar ac\u00e1?\u2019. \u00a1Se cre\u00eda mil y yo pensaba \u2018enano,\u00a0what are you thinking about?\u2019! Entonces a Paola y a otras personas que estaban ah\u00ed les digo \u2018es un papanatas modelo ca\u00f1\u00f3n\u2019.\u00bb, <\/strong><\/em>cont\u00f3 <strong>Vero<\/strong> en el programa.<\/p>\n<p>Mir\u00e1 el relato completo en el siguiente v\u00eddeo<\/p>\n<p><iframe data-src=\"https:\/\/www.youtube.com\/embed\/e58CB-_wf9s\" width=\"500\" height=\"392\" frameborder=\"0\" allowfullscreen=\"allowfullscreen\" src=\"data:image\/svg+xml;base64,PHN2ZyB3aWR0aD0iMSIgaGVpZ2h0PSIxIiB4bWxucz0iaHR0cDovL3d3dy53My5vcmcvMjAwMC9zdmciPjwvc3ZnPg==\" class=\"lazyload\" data-load-mode=\"1\"><\/iframe><\/p>\n<!-- AddThis Advanced Settings generic via filter on the_content --><!-- AddThis Share Buttons generic via filter on the_content -->","protected":false},"excerpt":{"rendered":"<p>La famosa conductora estuvo este fin de semana en Podemos Hablar Ver\u00f3nica Lozano fue una de las invitadas del \u00faltimo programa PH Podemos Hablar conducido por Andy Kusnetzoff. Durante su participaci\u00f3n, confes\u00f3\u00a0haber compartido un sauna con el mism\u00edsimo Lenny Kravitz, pero que no fue una muy buena experiencia. La conductora revel\u00f3 que la actitud del [&hellip;]<!-- AddThis Advanced Settings generic via filter on get_the_excerpt --><!-- AddThis Share Buttons generic via filter on get_the_excerpt --><\/p>\n","protected":false},"author":6,"featured_media":17262,"comment_status":"closed","ping_status":"open","sticky":false,"template":"","format":"standard","meta":{"_acf_changed":false,"om_disable_all_campaigns":false,"_monsterinsights_skip_tracking":false,"_monsterinsights_sitenote_active":false,"_monsterinsights_sitenote_note":"","_monsterinsights_sitenote_category":0,"_uf_show_specific_survey":0,"_uf_disable_surveys":false,"footnotes":""},"categories":[100],"tags":[],"class_list":["post-17261","post","type-post","status-publish","format-standard","has-post-thumbnail","hentry","category-noticias"],"acf":[],"aioseo_notices":[],"_links":{"self":[{"href":"https:\/\/www.lasrosas.com.ar\/portal\/wp-json\/wp\/v2\/posts\/17261","targetHints":{"allow":["GET"]}}],"collection":[{"href":"https:\/\/www.lasrosas.com.ar\/portal\/wp-json\/wp\/v2\/posts"}],"about":[{"href":"https:\/\/www.lasrosas.com.ar\/portal\/wp-json\/wp\/v2\/types\/post"}],"author":[{"embeddable":true,"href":"https:\/\/www.lasrosas.com.ar\/portal\/wp-json\/wp\/v2\/users\/6"}],"replies":[{"embeddable":true,"href":"https:\/\/www.lasrosas.com.ar\/portal\/wp-json\/wp\/v2\/comments?post=17261"}],"version-history":[{"count":0,"href":"https:\/\/www.lasrosas.com.ar\/portal\/wp-json\/wp\/v2\/posts\/17261\/revisions"}],"wp:featuredmedia":[{"embeddable":true,"href":"https:\/\/www.lasrosas.com.ar\/portal\/wp-json\/wp\/v2\/media\/17262"}],"wp:attachment":[{"href":"https:\/\/www.lasrosas.com.ar\/portal\/wp-json\/wp\/v2\/media?parent=17261"}],"wp:term":[{"taxonomy":"category","embeddable":true,"href":"https:\/\/www.lasrosas.com.ar\/portal\/wp-json\/wp\/v2\/categories?post=17261"},{"taxonomy":"post_tag","embeddable":true,"href":"https:\/\/www.lasrosas.com.ar\/portal\/wp-json\/wp\/v2\/tags?post=17261"}],"curies":[{"name":"wp","href":"https:\/\/api.w.org\/{rel}","templated":true}]}}