{"id":17067,"date":"2019-07-26T12:32:55","date_gmt":"2019-07-26T15:32:55","guid":{"rendered":"https:\/\/www.lasrosas.com.ar\/portal\/?p=17067"},"modified":"2019-07-26T12:33:12","modified_gmt":"2019-07-26T15:33:12","slug":"sofia-carson-lanza-nuevo-videoclip-para-el-rey-leon","status":"publish","type":"post","link":"https:\/\/www.lasrosas.com.ar\/portal\/sofia-carson-lanza-nuevo-videoclip-para-el-rey-leon\/","title":{"rendered":"SOF\u00cdA CARSON LANZA NUEVO VIDEOCLIP PARA \u00abEL REY LE\u00d3N\u00bb"},"content":{"rendered":"<h3><strong>Sof\u00eda Carson mostr\u00f3 en sus redes sociales su nueva canci\u00f3n para Disney<\/strong><\/h3>\n<p><img decoding=\"async\" class=\"alignnone size-medium wp-image-17070 lazyload\" data-src=\"https:\/\/www.lasrosas.com.ar\/portal\/wp-content\/uploads\/Sofia-Carson_El-Rey-Leon-2-960x640.jpg\" alt=\"\" width=\"960\" height=\"640\" data-srcset=\"https:\/\/www.lasrosas.com.ar\/portal\/wp-content\/uploads\/Sofia-Carson_El-Rey-Leon-2-960x640.jpg 960w, https:\/\/www.lasrosas.com.ar\/portal\/wp-content\/uploads\/Sofia-Carson_El-Rey-Leon-2.jpg 1800w\" data-sizes=\"(max-width: 960px) 100vw, 960px\" src=\"data:image\/svg+xml;base64,PHN2ZyB3aWR0aD0iMSIgaGVpZ2h0PSIxIiB4bWxucz0iaHR0cDovL3d3dy53My5vcmcvMjAwMC9zdmciPjwvc3ZnPg==\" style=\"--smush-placeholder-width: 960px; --smush-placeholder-aspect-ratio: 960\/640;\" \/><\/p>\n<p>Hace una semana llegaba a todas las salas de cine la nueva versi\u00f3n de la pel\u00edcula<strong> \u00abEl Rey Le\u00f3n\u00bb<\/strong> de <strong>Disney<\/strong>. La misma cuenta con la participaci\u00f3n especial de <strong>Beyonce<\/strong> en la voz de <strong>Nala.<\/strong><\/p>\n<p><strong>Sof\u00eda Carson<\/strong>, de 26 a\u00f1os, adem\u00e1s de ser una excelente actriz es una incre\u00edble cantante, y hoy present\u00f3 su videoclip en redes sociales para la pel\u00edcula <strong><em>\u00abEl Rey Le\u00f3n\u00bb<\/em><\/strong>.\u00a0<em><strong>\u00abCiclo sin fin\u00bb<\/strong><\/em> es un tributo a la famosa canci\u00f3n escrita por <strong>Sir Elton John.\u00a0<\/strong><\/p>\n<p><em><strong>\u00abSer la voz de la ic\u00f3nica canci\u00f3n \u201cCiclo sin F\u00edn\u201d de El Rey Le\u00f3n es un hermoso sue\u00f1o&#8230;..Me llena de orgullo profundo ser parte de la banda sonora de \u201cEl Rey Le\u00f3n\u201d y hoy es mi gran honor compartir con ustedes nuestro video. Gracias de coraz\u00f3n&#8230;.\u00bb<\/strong><\/em>, escribi\u00f3 la cantante en su cuenta de Instagram.<\/p>\n<h3><strong>Mir\u00e1 el videoclip<\/strong><\/h3>\n<p><iframe data-src=\"https:\/\/www.youtube.com\/embed\/Vwa1Ta8tw70\" width=\"500\" height=\"450\" frameborder=\"0\" allowfullscreen=\"allowfullscreen\" src=\"data:image\/svg+xml;base64,PHN2ZyB3aWR0aD0iMSIgaGVpZ2h0PSIxIiB4bWxucz0iaHR0cDovL3d3dy53My5vcmcvMjAwMC9zdmciPjwvc3ZnPg==\" data-load-mode=\"1\"><span data-mce-type=\"bookmark\" style=\"display: inline-block; width: 0px; overflow: hidden; line-height: 0;\" class=\"mce_SELRES_start lazyload\">\ufeff<\/span><span data-mce-type=\"bookmark\" style=\"display: inline-block; width: 0px; overflow: hidden; line-height: 0;\" class=\"mce_SELRES_start lazyload\">\ufeff<\/span><\/iframe><\/p>\n<!-- AddThis Advanced Settings generic via filter on the_content --><!-- AddThis Share Buttons generic via filter on the_content -->","protected":false},"excerpt":{"rendered":"<p>Sof\u00eda Carson mostr\u00f3 en sus redes sociales su nueva canci\u00f3n para Disney Hace una semana llegaba a todas las salas de cine la nueva versi\u00f3n de la pel\u00edcula \u00abEl Rey Le\u00f3n\u00bb de Disney. La misma cuenta con la participaci\u00f3n especial de Beyonce en la voz de Nala. Sof\u00eda Carson, de 26 a\u00f1os, adem\u00e1s de ser [&hellip;]<!-- AddThis Advanced Settings generic via filter on get_the_excerpt --><!-- AddThis Share Buttons generic via filter on get_the_excerpt --><\/p>\n","protected":false},"author":6,"featured_media":17069,"comment_status":"closed","ping_status":"open","sticky":false,"template":"","format":"standard","meta":{"_acf_changed":false,"om_disable_all_campaigns":false,"_monsterinsights_skip_tracking":false,"_monsterinsights_sitenote_active":false,"_monsterinsights_sitenote_note":"","_monsterinsights_sitenote_category":0,"_uf_show_specific_survey":0,"_uf_disable_surveys":false,"footnotes":""},"categories":[100],"tags":[],"class_list":["post-17067","post","type-post","status-publish","format-standard","has-post-thumbnail","hentry","category-noticias"],"acf":[],"aioseo_notices":[],"_links":{"self":[{"href":"https:\/\/www.lasrosas.com.ar\/portal\/wp-json\/wp\/v2\/posts\/17067","targetHints":{"allow":["GET"]}}],"collection":[{"href":"https:\/\/www.lasrosas.com.ar\/portal\/wp-json\/wp\/v2\/posts"}],"about":[{"href":"https:\/\/www.lasrosas.com.ar\/portal\/wp-json\/wp\/v2\/types\/post"}],"author":[{"embeddable":true,"href":"https:\/\/www.lasrosas.com.ar\/portal\/wp-json\/wp\/v2\/users\/6"}],"replies":[{"embeddable":true,"href":"https:\/\/www.lasrosas.com.ar\/portal\/wp-json\/wp\/v2\/comments?post=17067"}],"version-history":[{"count":0,"href":"https:\/\/www.lasrosas.com.ar\/portal\/wp-json\/wp\/v2\/posts\/17067\/revisions"}],"wp:featuredmedia":[{"embeddable":true,"href":"https:\/\/www.lasrosas.com.ar\/portal\/wp-json\/wp\/v2\/media\/17069"}],"wp:attachment":[{"href":"https:\/\/www.lasrosas.com.ar\/portal\/wp-json\/wp\/v2\/media?parent=17067"}],"wp:term":[{"taxonomy":"category","embeddable":true,"href":"https:\/\/www.lasrosas.com.ar\/portal\/wp-json\/wp\/v2\/categories?post=17067"},{"taxonomy":"post_tag","embeddable":true,"href":"https:\/\/www.lasrosas.com.ar\/portal\/wp-json\/wp\/v2\/tags?post=17067"}],"curies":[{"name":"wp","href":"https:\/\/api.w.org\/{rel}","templated":true}]}}