{"id":17044,"date":"2019-07-25T13:51:56","date_gmt":"2019-07-25T16:51:56","guid":{"rendered":"https:\/\/www.lasrosas.com.ar\/portal\/?p=17044"},"modified":"2019-07-29T12:17:36","modified_gmt":"2019-07-29T15:17:36","slug":"nicolas-furtado-y-una-fuerte-confesion-sobre-diosito","status":"publish","type":"post","link":"https:\/\/www.lasrosas.com.ar\/portal\/nicolas-furtado-y-una-fuerte-confesion-sobre-diosito\/","title":{"rendered":"NICOL\u00c1S FURTADO Y UNA FUERTE CONFESI\u00d3N SOBRE \u00abDIOSITO\u00bb"},"content":{"rendered":"<p style=\"text-align: right;\"><strong>Fotos y producci\u00f3n: Grupo Las Rosas<\/strong><\/p>\n<h3><strong>El actor uruguayo sorprendi\u00f3 a sus seguidores al confesar que su personaje deber\u00eda haber muerto en la primera temporada.<\/strong><\/h3>\n<p><img decoding=\"async\" class=\"alignnone size-medium wp-image-9504 lazyload\" data-src=\"https:\/\/www.lasrosas.com.ar\/portal\/wp-content\/uploads\/IMG_7778ret-960x640.jpg\" alt=\"\" width=\"960\" height=\"640\" data-srcset=\"https:\/\/www.lasrosas.com.ar\/portal\/wp-content\/uploads\/IMG_7778ret-960x640.jpg 960w, https:\/\/www.lasrosas.com.ar\/portal\/wp-content\/uploads\/IMG_7778ret.jpg 1475w\" data-sizes=\"(max-width: 960px) 100vw, 960px\" src=\"data:image\/svg+xml;base64,PHN2ZyB3aWR0aD0iMSIgaGVpZ2h0PSIxIiB4bWxucz0iaHR0cDovL3d3dy53My5vcmcvMjAwMC9zdmciPjwvc3ZnPg==\" style=\"--smush-placeholder-width: 960px; --smush-placeholder-aspect-ratio: 960\/640;\" \/><\/p>\n<p><strong>Nicol\u00e1s Furtado<\/strong> habl\u00f3 sobre su personaje en la serie <strong><em>\u00abEl Marginal\u00bb<\/em><\/strong> y confes\u00f3 que, en un principio, no se ten\u00eda pensado que estuviera durante las temporadas.<\/p>\n<p>El actor revel\u00f3 que <strong>\u00abDiosito\u00bb<\/strong> iba a morir en la primera temporada. <strong><em>\u00abDiosito\u2019 se mor\u00eda en el cap\u00edtulo siete en realidad,\u00a0y arranqu\u00e9 sabiendo que iba a llegar a la mitad de la serie\u00bb<\/em><\/strong> , dijo a <em>Moskita Muerta.<\/em><\/p>\n<p>\u00ab<strong style=\"font-style: italic;\">Cuando lo supe, que iba a durar hasta el cap\u00edtulo siete pens\u00e9 en sacarle todo el jugo posible,\u00a0siempre supe que depend\u00eda de m\u00ed darle lo mejor posible a mi personaje para que perdure.\u00bb,\u00a0<\/strong>agreg\u00f3 el uruguayo.<\/p>\n<p><img decoding=\"async\" class=\"alignnone size-medium wp-image-9499 lazyload\" data-src=\"https:\/\/www.lasrosas.com.ar\/portal\/wp-content\/uploads\/IMG_7866ret-960x640.jpg\" alt=\"\" width=\"960\" height=\"640\" data-srcset=\"https:\/\/www.lasrosas.com.ar\/portal\/wp-content\/uploads\/IMG_7866ret-960x640.jpg 960w, https:\/\/www.lasrosas.com.ar\/portal\/wp-content\/uploads\/IMG_7866ret.jpg 1475w\" data-sizes=\"(max-width: 960px) 100vw, 960px\" src=\"data:image\/svg+xml;base64,PHN2ZyB3aWR0aD0iMSIgaGVpZ2h0PSIxIiB4bWxucz0iaHR0cDovL3d3dy53My5vcmcvMjAwMC9zdmciPjwvc3ZnPg==\" style=\"--smush-placeholder-width: 960px; --smush-placeholder-aspect-ratio: 960\/640;\" \/><\/p>\n<p>Adem\u00e1s record\u00f3 como consigui\u00f3 interpretar a \u00abdiosito\u00bb,\u00a0<strong><em>\u00abEn el casting quise ir caracterizado, verme como un pibe que realmente luc\u00eda as\u00ed, los actores no quedamos por hacer un buen casting, quedamos por hacer el mejor casting\u00bb.<\/em><\/strong><\/p>\n<p>Este a\u00f1o, el actor presentar\u00e1 dos pel\u00edculas<em><strong>\u00a0\u00abUn amor de pel\u00edcula\u00bb<\/strong><\/em> junto a<strong> Natalie P\u00e9rez<\/strong> y <em><strong>\u00abPorno para principiantes\u00bb<\/strong><\/em> con <strong>Mart\u00edn Piroyanski.<\/strong><\/p>\n<p>&nbsp;<\/p>\n<!-- AddThis Advanced Settings generic via filter on the_content --><!-- AddThis Share Buttons generic via filter on the_content -->","protected":false},"excerpt":{"rendered":"<p>Fotos y producci\u00f3n: Grupo Las Rosas El actor uruguayo sorprendi\u00f3 a sus seguidores al confesar que su personaje deber\u00eda haber muerto en la primera temporada. Nicol\u00e1s Furtado habl\u00f3 sobre su personaje en la serie \u00abEl Marginal\u00bb y confes\u00f3 que, en un principio, no se ten\u00eda pensado que estuviera durante las temporadas. El actor revel\u00f3 que [&hellip;]<!-- AddThis Advanced Settings generic via filter on get_the_excerpt --><!-- AddThis Share Buttons generic via filter on get_the_excerpt --><\/p>\n","protected":false},"author":6,"featured_media":9506,"comment_status":"closed","ping_status":"open","sticky":false,"template":"","format":"standard","meta":{"_acf_changed":false,"om_disable_all_campaigns":false,"_monsterinsights_skip_tracking":false,"_monsterinsights_sitenote_active":false,"_monsterinsights_sitenote_note":"","_monsterinsights_sitenote_category":0,"_uf_show_specific_survey":0,"_uf_disable_surveys":false,"footnotes":""},"categories":[234,100],"tags":[],"class_list":["post-17044","post","type-post","status-publish","format-standard","has-post-thumbnail","hentry","category-trend","category-noticias"],"acf":[],"aioseo_notices":[],"_links":{"self":[{"href":"https:\/\/www.lasrosas.com.ar\/portal\/wp-json\/wp\/v2\/posts\/17044","targetHints":{"allow":["GET"]}}],"collection":[{"href":"https:\/\/www.lasrosas.com.ar\/portal\/wp-json\/wp\/v2\/posts"}],"about":[{"href":"https:\/\/www.lasrosas.com.ar\/portal\/wp-json\/wp\/v2\/types\/post"}],"author":[{"embeddable":true,"href":"https:\/\/www.lasrosas.com.ar\/portal\/wp-json\/wp\/v2\/users\/6"}],"replies":[{"embeddable":true,"href":"https:\/\/www.lasrosas.com.ar\/portal\/wp-json\/wp\/v2\/comments?post=17044"}],"version-history":[{"count":0,"href":"https:\/\/www.lasrosas.com.ar\/portal\/wp-json\/wp\/v2\/posts\/17044\/revisions"}],"wp:featuredmedia":[{"embeddable":true,"href":"https:\/\/www.lasrosas.com.ar\/portal\/wp-json\/wp\/v2\/media\/9506"}],"wp:attachment":[{"href":"https:\/\/www.lasrosas.com.ar\/portal\/wp-json\/wp\/v2\/media?parent=17044"}],"wp:term":[{"taxonomy":"category","embeddable":true,"href":"https:\/\/www.lasrosas.com.ar\/portal\/wp-json\/wp\/v2\/categories?post=17044"},{"taxonomy":"post_tag","embeddable":true,"href":"https:\/\/www.lasrosas.com.ar\/portal\/wp-json\/wp\/v2\/tags?post=17044"}],"curies":[{"name":"wp","href":"https:\/\/api.w.org\/{rel}","templated":true}]}}