{"id":17034,"date":"2019-07-25T12:03:40","date_gmt":"2019-07-25T15:03:40","guid":{"rendered":"https:\/\/www.lasrosas.com.ar\/portal\/?p=17034"},"modified":"2019-07-29T12:17:55","modified_gmt":"2019-07-29T15:17:55","slug":"reebok-hace-lo-inesperado-en-su-nueva-campana-global","status":"publish","type":"post","link":"https:\/\/www.lasrosas.com.ar\/portal\/reebok-hace-lo-inesperado-en-su-nueva-campana-global\/","title":{"rendered":"REEBOK HACE LO INESPERADO EN SU NUEVA CAMPA\u00d1A GLOBAL"},"content":{"rendered":"<h3><strong>\u201cSport The Unexpected\u201d lleva al frente a los reconocidos artistas de la cultura del RAP y embajadores de la marca: Cardi B + Future.<\/strong><\/h3>\n\r\n\t\t<style type='text\/css'>\r\n\t\t\t#gallery-1 {\r\n\t\t\t\tmargin: auto;\r\n\t\t\t}\r\n\t\t\t#gallery-1 .gallery-item {\r\n\t\t\t\tfloat: left;\r\n\t\t\t\tmargin-top: 10px;\r\n\t\t\t\ttext-align: center;\r\n\t\t\t\twidth: 50%;\r\n\t\t\t}\r\n\t\t\t#gallery-1 img {\r\n\t\t\t\tborder: 2px solid #cfcfcf;\r\n\t\t\t}\r\n\t\t\t#gallery-1 .gallery-caption {\r\n\t\t\t\tmargin-left: 0;\r\n\t\t\t}\r\n\t\t<\/style>\r\n\t\t<!-- see gallery_shortcode() in wp-includes\/media.php -->\n\t\t<div id='gallery-1' class='gallery galleryid-17034 gallery-columns-2 gallery-size-full gallery1'><script type=\"text\/javascript\">\r\n\/\/ <![CDATA[\r\n\tjQuery(document).ready(function () {\r\n\t\tjQuery(\".gallery1 a\").attr(\"rel\",\"gallery1\");\t\r\n\t\tjQuery('a[rel=\"gallery1\"]').colorbox({maxWidth:\"95%\", maxHeight:\"95%\",title: function(){ return jQuery(this).children().attr(\"alt\"); }, });\r\n\t});\r\n\/\/ ]]>\r\n<\/script>\n<dl class=\"gallery-item\">\n<dt class=\"gallery-icon\">\r\n<a href=\"https:\/\/www.lasrosas.com.ar\/portal\/wp-content\/uploads\/Aztrek-96-m-Cardi-B-2-1920x1440.jpg\" title=\"\" rel=\"gallery1\"><img decoding=\"async\" data-src=\"https:\/\/www.lasrosas.com.ar\/portal\/wp-content\/uploads\/Aztrek-96-m-Cardi-B-2.jpg\" width=\"5973\" height=\"4480\" alt=\"\" src=\"data:image\/svg+xml;base64,PHN2ZyB3aWR0aD0iMSIgaGVpZ2h0PSIxIiB4bWxucz0iaHR0cDovL3d3dy53My5vcmcvMjAwMC9zdmciPjwvc3ZnPg==\" class=\"lazyload\" style=\"--smush-placeholder-width: 5973px; --smush-placeholder-aspect-ratio: 5973\/4480;\" \/><\/a>\r\n<\/dt><\/dl><dl class=\"gallery-item\">\n<dt class=\"gallery-icon\">\r\n<a href=\"https:\/\/www.lasrosas.com.ar\/portal\/wp-content\/uploads\/Aztrek-96-m-Cardi-B-4-1920x1440.jpg\" title=\"\" rel=\"gallery1\"><img decoding=\"async\" data-src=\"https:\/\/www.lasrosas.com.ar\/portal\/wp-content\/uploads\/Aztrek-96-m-Cardi-B-4.jpg\" width=\"5973\" height=\"4480\" alt=\"\" src=\"data:image\/svg+xml;base64,PHN2ZyB3aWR0aD0iMSIgaGVpZ2h0PSIxIiB4bWxucz0iaHR0cDovL3d3dy53My5vcmcvMjAwMC9zdmciPjwvc3ZnPg==\" class=\"lazyload\" style=\"--smush-placeholder-width: 5973px; --smush-placeholder-aspect-ratio: 5973\/4480;\" \/><\/a>\r\n<\/dt><\/dl><br style=\"clear: both\" \/>\r\n\t\t<\/div>\n\n<p><strong>Reebok<\/strong> lanza \u2018<strong>Sport the Unexpected\u2019,<\/strong> una audaz e irreverente campa\u00f1a que celebra a aquellas personas que desaf\u00edan lo convencional y el estatus quo. Para darle continuidad a evoluci\u00f3n de la ic\u00f3nica familia Aztrek, <strong>Reebok<\/strong> elige <em>#SportTheUnexpected<\/em> para manifestar su colecci\u00f3n como un <em>\u201cmust have\u201d<\/em> de la moda vintage y del estilo callejero, dedicada a todos aquellos que buscan definir su estilo bajo sus propias reglas.<\/p>\n<p>Para darle vida a la campa\u00f1a, <strong>Reebok<\/strong> cre\u00f3 una serie de \u00a0contenidos con los embajadores globales: <strong>Cardi B<\/strong> y <strong>Future<\/strong> quienes destilan la esencia de lo inesperado. De esta manera, <strong>Sport The Unexpected<\/strong> combina tanto productos de la l\u00ednea Classics como de la l\u00ednea Performance, entediendo que el consumidor de hoy prefiere matchear prendas Sporty en sus outfits diarios. <strong>Aztrek 96<\/strong> y <strong>Aztrek Double<\/strong> son las dos siluetas de Classic que la marca eligi\u00f3 para impulsar esta campa\u00f1a:<\/p>\n<h3><strong>Aztrek 96<\/strong><\/h3>\n<p>Un verdadero chunky shoe actualizado que encaja a la perfecci\u00f3n en la est\u00e9tica del streatwear de hoy. Aztrek 96 encarna el esp\u00edritu deportivo mediante superposiciones angulares y un logotipo vectorial m\u00e1s audaz, lo que le aporta notas t\u00edpicas de los a\u00f1os 90.<\/p>\n<p><img decoding=\"async\" class=\"alignnone size-medium wp-image-17039 lazyload\" data-src=\"https:\/\/www.lasrosas.com.ar\/portal\/wp-content\/uploads\/Reebok-Aztrek-96-1-960x960.jpg\" alt=\"\" width=\"960\" height=\"960\" data-srcset=\"https:\/\/www.lasrosas.com.ar\/portal\/wp-content\/uploads\/Reebok-Aztrek-96-1-960x960.jpg 960w, https:\/\/www.lasrosas.com.ar\/portal\/wp-content\/uploads\/Reebok-Aztrek-96-1.jpg 1080w\" data-sizes=\"(max-width: 960px) 100vw, 960px\" src=\"data:image\/svg+xml;base64,PHN2ZyB3aWR0aD0iMSIgaGVpZ2h0PSIxIiB4bWxucz0iaHR0cDovL3d3dy53My5vcmcvMjAwMC9zdmciPjwvc3ZnPg==\" style=\"--smush-placeholder-width: 960px; --smush-placeholder-aspect-ratio: 960\/960;\" \/><\/p>\n<h3><strong>Aztrek Double<\/strong><\/h3>\n<p>Esta silueta inspirada en el mundo fashionista captura la actitud l\u00fadica e ilimitada de su modelo predecesor \u2013 Aztrek &#8211; con una suela a\u00fan m\u00e1s gruesa, una entresuela exagerada y una comprobaci\u00f3n cruzada actualizada, lo que hace que cualquier look est\u00e9 listo para el futuro.<\/p>\n<p><strong>\u201c<em>Con esta campa\u00f1a Reebok se despega de lo convencional y estandarizado. Nos destacamos del mont\u00f3n ofreciendo un punto de vista distinto sobre la vida y el deporte\u201d<\/em><\/strong>afirma<strong> Morina Pesenti Sr BRAND Communications Manager Reebok Argentina. <em>\u201dQueremos brindarle a nuestros consumidores una opci\u00f3n distinta dentro de la categor\u00eda por eso introducimos estas dos nuevas siluetas. Por eso, con \u2018Sport The Unexpected\u2019 queremos que se arriesguen a lo inesperado<\/em>\u00ab.<\/strong><\/p>\n<!-- AddThis Advanced Settings generic via filter on the_content --><!-- AddThis Share Buttons generic via filter on the_content -->","protected":false},"excerpt":{"rendered":"<p>\u201cSport The Unexpected\u201d lleva al frente a los reconocidos artistas de la cultura del RAP y embajadores de la marca: Cardi B + Future. Reebok lanza \u2018Sport the Unexpected\u2019, una audaz e irreverente campa\u00f1a que celebra a aquellas personas que desaf\u00edan lo convencional y el estatus quo. Para darle continuidad a evoluci\u00f3n de la ic\u00f3nica [&hellip;]<!-- AddThis Advanced Settings generic via filter on get_the_excerpt --><!-- AddThis Share Buttons generic via filter on get_the_excerpt --><\/p>\n","protected":false},"author":6,"featured_media":17035,"comment_status":"closed","ping_status":"open","sticky":false,"template":"","format":"standard","meta":{"_acf_changed":false,"om_disable_all_campaigns":false,"_monsterinsights_skip_tracking":false,"_monsterinsights_sitenote_active":false,"_monsterinsights_sitenote_note":"","_monsterinsights_sitenote_category":0,"_uf_show_specific_survey":0,"_uf_disable_surveys":false,"footnotes":""},"categories":[234,26],"tags":[],"class_list":["post-17034","post","type-post","status-publish","format-standard","has-post-thumbnail","hentry","category-trend","category-negocios"],"acf":[],"aioseo_notices":[],"_links":{"self":[{"href":"https:\/\/www.lasrosas.com.ar\/portal\/wp-json\/wp\/v2\/posts\/17034","targetHints":{"allow":["GET"]}}],"collection":[{"href":"https:\/\/www.lasrosas.com.ar\/portal\/wp-json\/wp\/v2\/posts"}],"about":[{"href":"https:\/\/www.lasrosas.com.ar\/portal\/wp-json\/wp\/v2\/types\/post"}],"author":[{"embeddable":true,"href":"https:\/\/www.lasrosas.com.ar\/portal\/wp-json\/wp\/v2\/users\/6"}],"replies":[{"embeddable":true,"href":"https:\/\/www.lasrosas.com.ar\/portal\/wp-json\/wp\/v2\/comments?post=17034"}],"version-history":[{"count":0,"href":"https:\/\/www.lasrosas.com.ar\/portal\/wp-json\/wp\/v2\/posts\/17034\/revisions"}],"wp:featuredmedia":[{"embeddable":true,"href":"https:\/\/www.lasrosas.com.ar\/portal\/wp-json\/wp\/v2\/media\/17035"}],"wp:attachment":[{"href":"https:\/\/www.lasrosas.com.ar\/portal\/wp-json\/wp\/v2\/media?parent=17034"}],"wp:term":[{"taxonomy":"category","embeddable":true,"href":"https:\/\/www.lasrosas.com.ar\/portal\/wp-json\/wp\/v2\/categories?post=17034"},{"taxonomy":"post_tag","embeddable":true,"href":"https:\/\/www.lasrosas.com.ar\/portal\/wp-json\/wp\/v2\/tags?post=17034"}],"curies":[{"name":"wp","href":"https:\/\/api.w.org\/{rel}","templated":true}]}}