{"id":16996,"date":"2019-07-23T13:20:43","date_gmt":"2019-07-23T16:20:43","guid":{"rendered":"https:\/\/www.lasrosas.com.ar\/portal\/?p=16996"},"modified":"2019-07-23T13:20:43","modified_gmt":"2019-07-23T16:20:43","slug":"llega-en-octubre-inolvidable-heidi","status":"publish","type":"post","link":"https:\/\/www.lasrosas.com.ar\/portal\/llega-en-octubre-inolvidable-heidi\/","title":{"rendered":"LLEGA EN OCTUBRE \u00abINOLVIDABLE HEIDI\u00bb"},"content":{"rendered":"<h3><strong>Una pel\u00edcula juvenil que promete ser un \u00e9xito mundial\u00a0<\/strong><\/h3>\n<p style=\"font-weight: 400;\"><strong>\u00abInolvidable Heidi\u00bb<\/strong>\u00a0llega a los cines en el mes de octubre. La pel\u00edcula, inspirada en el suceso juvenil a nivel mundial\u00a0que cuenta con dos temporadas:\u00a0<strong>\u00abHeidi, bienvenida a casa\u00bb<\/strong>\u00a0y\u00a0<strong>\u00abHeidi, bienvenida al show\u00bb<\/strong>\u00a0es una comedia rom\u00e1ntica que habla de la magia de poder vivir el primer amor dos veces.<\/p>\n<p style=\"font-weight: 400;\">Con la direcci\u00f3n de\u00a0<strong>Marcela Citterio y Andres Valencia\u00a0<\/strong>y la producci\u00f3n de\u00a0<strong>Javier Francia,<\/strong>\u00a0de\u00a0<strong>Alianzas Producciones\u00a0<\/strong>que junto a\u00a0<strong>Mondo TV.\u00a0Iberoam\u00e9rica<\/strong>\u00a0hacen que\u00a0\u00abHeidi\u00bb corone su \u00e9xito llegando a la pantalla grande.<\/p>\n<p style=\"font-weight: 400;\">El film fue rodado en Colombia el a\u00f1o pasado y transportar\u00e1 al espectador a lugares desconocidos con visuales incre\u00edbles y paisajes alucinantes. Protagonizada por\u00a0<strong>Chiara Francia<\/strong>\u00a0y\u00a0<strong>Julian Cerati<\/strong>, sobrino del famoso cantante argentino,\u00a0y la participaci\u00f3n especial de Mercedes Lambre,\u00a0<strong>\u00abInolvidable Heidi\u00bb<\/strong>\u00a0mantiene la esencia de la serie present\u00e1ndoles a los fan\u00e1ticos una \u00abtercera oportunidad\u00bb.<\/p>\n<p><img decoding=\"async\" class=\"alignnone size-medium wp-image-16998 lazyload\" data-src=\"https:\/\/www.lasrosas.com.ar\/portal\/wp-content\/uploads\/INOLVIDABLE-HEIDI-682x960.jpg\" alt=\"\" width=\"682\" height=\"960\" data-srcset=\"https:\/\/www.lasrosas.com.ar\/portal\/wp-content\/uploads\/INOLVIDABLE-HEIDI-682x960.jpg 682w, https:\/\/www.lasrosas.com.ar\/portal\/wp-content\/uploads\/INOLVIDABLE-HEIDI.jpg 892w\" data-sizes=\"(max-width: 682px) 100vw, 682px\" src=\"data:image\/svg+xml;base64,PHN2ZyB3aWR0aD0iMSIgaGVpZ2h0PSIxIiB4bWxucz0iaHR0cDovL3d3dy53My5vcmcvMjAwMC9zdmciPjwvc3ZnPg==\" style=\"--smush-placeholder-width: 682px; --smush-placeholder-aspect-ratio: 682\/960;\" \/><\/p>\n<p><strong>SINOPSIS<\/strong><\/p>\n<div>Heidi (Chiara Francia), es monta\u00f1a, viento, libertad. Franco (Juli\u00e1n Cerati), es ciudad, smog, presiones. Sin embargo, cuando se conocen, la flecha de Cupido se dispara para enamorarlos a primera vista. Claro que lo que ellos no saben es que son v\u00edctimas de un hechizo mortal: si se separan, uno de ellos va a morir. \u00bfPodr\u00e1n ellos, a fuerza de amor, romper ese hechizo? Y si el precio es perder la memoria, olvidarse, no ser ni siquiera un recuerdo\u2026<\/div>\n<div>\u00bfPodr\u00e1n vivir ese primer amor, dos veces?<\/div>\n<!-- AddThis Advanced Settings generic via filter on the_content --><!-- AddThis Share Buttons generic via filter on the_content -->","protected":false},"excerpt":{"rendered":"<p>Una pel\u00edcula juvenil que promete ser un \u00e9xito mundial\u00a0 \u00abInolvidable Heidi\u00bb\u00a0llega a los cines en el mes de octubre. La pel\u00edcula, inspirada en el suceso juvenil a nivel mundial\u00a0que cuenta con dos temporadas:\u00a0\u00abHeidi, bienvenida a casa\u00bb\u00a0y\u00a0\u00abHeidi, bienvenida al show\u00bb\u00a0es una comedia rom\u00e1ntica que habla de la magia de poder vivir el primer amor dos veces. [&hellip;]<!-- AddThis Advanced Settings generic via filter on get_the_excerpt --><!-- AddThis Share Buttons generic via filter on get_the_excerpt --><\/p>\n","protected":false},"author":6,"featured_media":17000,"comment_status":"closed","ping_status":"open","sticky":false,"template":"","format":"standard","meta":{"_acf_changed":false,"om_disable_all_campaigns":false,"_monsterinsights_skip_tracking":false,"_monsterinsights_sitenote_active":false,"_monsterinsights_sitenote_note":"","_monsterinsights_sitenote_category":0,"_uf_show_specific_survey":0,"_uf_disable_surveys":false,"footnotes":""},"categories":[100],"tags":[],"class_list":["post-16996","post","type-post","status-publish","format-standard","has-post-thumbnail","hentry","category-noticias"],"acf":[],"aioseo_notices":[],"_links":{"self":[{"href":"https:\/\/www.lasrosas.com.ar\/portal\/wp-json\/wp\/v2\/posts\/16996","targetHints":{"allow":["GET"]}}],"collection":[{"href":"https:\/\/www.lasrosas.com.ar\/portal\/wp-json\/wp\/v2\/posts"}],"about":[{"href":"https:\/\/www.lasrosas.com.ar\/portal\/wp-json\/wp\/v2\/types\/post"}],"author":[{"embeddable":true,"href":"https:\/\/www.lasrosas.com.ar\/portal\/wp-json\/wp\/v2\/users\/6"}],"replies":[{"embeddable":true,"href":"https:\/\/www.lasrosas.com.ar\/portal\/wp-json\/wp\/v2\/comments?post=16996"}],"version-history":[{"count":0,"href":"https:\/\/www.lasrosas.com.ar\/portal\/wp-json\/wp\/v2\/posts\/16996\/revisions"}],"wp:featuredmedia":[{"embeddable":true,"href":"https:\/\/www.lasrosas.com.ar\/portal\/wp-json\/wp\/v2\/media\/17000"}],"wp:attachment":[{"href":"https:\/\/www.lasrosas.com.ar\/portal\/wp-json\/wp\/v2\/media?parent=16996"}],"wp:term":[{"taxonomy":"category","embeddable":true,"href":"https:\/\/www.lasrosas.com.ar\/portal\/wp-json\/wp\/v2\/categories?post=16996"},{"taxonomy":"post_tag","embeddable":true,"href":"https:\/\/www.lasrosas.com.ar\/portal\/wp-json\/wp\/v2\/tags?post=16996"}],"curies":[{"name":"wp","href":"https:\/\/api.w.org\/{rel}","templated":true}]}}