{"id":16762,"date":"2019-07-16T11:28:12","date_gmt":"2019-07-16T14:28:12","guid":{"rendered":"https:\/\/www.lasrosas.com.ar\/portal\/?p=16762"},"modified":"2019-07-16T11:28:12","modified_gmt":"2019-07-16T14:28:12","slug":"agustina-cherri-luce-su-pancita-de-embarazada-en-mexico","status":"publish","type":"post","link":"https:\/\/www.lasrosas.com.ar\/portal\/agustina-cherri-luce-su-pancita-de-embarazada-en-mexico\/","title":{"rendered":"AGUSTINA CHERRI LUCE SU PANCITA DE EMBARAZADA EN M\u00c9XICO"},"content":{"rendered":"<h3><strong>La actriz viaj\u00f3 a Canc\u00fan para disfrutar de unas vacaciones en familia.<\/strong><\/h3>\n<p><strong>Agustina Cherri<\/strong> se encuentra transitando el s\u00e9ptimo mes de embarazo de su primer hija junto a su pareja <strong>Tom\u00e1s \u00abPepo\u00bb Vera.\u00a0<\/strong>La actriz es madre de <strong>Muna<\/strong> y <strong>Nilo<\/strong>, fruto de su relaci\u00f3n con el famoso actor <strong>Gast\u00f3n Pauls.\u00a0<\/strong><\/p>\n<p>Desde de las playas paradis\u00edacas de <strong>Canc\u00fan<\/strong>, <strong>Agustina<\/strong> comparti\u00f3 una fotograf\u00eda de ella en bikini luciendo su pancita de embarazada. <strong><em>\u00abPalmera y sol, mi beba y yo\u00bb<\/em><\/strong>, escribi\u00f3 en su publicaci\u00f3n en <strong>Instagram.<\/strong><\/p>\n<p>La actriz conoci\u00f3 a su pareja en\u00a0el casamiento de\u00a0\u00a0<strong>Marcela Kloosterboer<\/strong>, en noviembre de 2014. Desde entonces, ambos se mostraron inseparables en sus redes sociales.<\/p>\n<p>En 2017, la actriz hab\u00eda manifestado su deseo de volver a ser madre,\u00a0<strong><em>\u00abHablamos mucho el tema de encargar un hijo juntos, porque \u00e9l\u00a0no es padre y tiene muchas ganas. Adem\u00e1s, veo lo bueno y generoso que es con mis chicos. Ser\u00eda muy ego\u00edsta de mi parte sacarle esa posibilidad. Soy fan de la maternidad, y con mi nueva pareja me gustar\u00eda volver a ser madre\u2026\u00bb.<\/em><\/strong><\/p>\n<p><strong>Te mostramos la tierna postal<\/strong><\/p>\n<blockquote class=\"instagram-media\" style=\"background: #FFF; border: 0; border-radius: 3px; box-shadow: 0 0 1px 0 rgba(0,0,0,0.5),0 1px 10px 0 rgba(0,0,0,0.15); margin: 1px; max-width: 540px; min-width: 326px; padding: 0; width: calc(100% - 2px);\" data-instgrm-captioned=\"\" data-instgrm-permalink=\"https:\/\/www.instagram.com\/p\/Bz9R52Zgu3X\/\" data-instgrm-version=\"12\">\n<div style=\"padding: 16px;\">\n<p>&nbsp;<\/p>\n<div style=\"display: flex; flex-direction: row; align-items: center;\">\n<div style=\"background-color: #f4f4f4; border-radius: 50%; flex-grow: 0; height: 40px; margin-right: 14px; width: 40px;\"><\/div>\n<div style=\"display: flex; flex-direction: column; flex-grow: 1; justify-content: center;\">\n<div style=\"background-color: #f4f4f4; border-radius: 4px; flex-grow: 0; height: 14px; margin-bottom: 6px; width: 100px;\"><\/div>\n<div style=\"background-color: #f4f4f4; border-radius: 4px; flex-grow: 0; height: 14px; width: 60px;\"><\/div>\n<\/div>\n<\/div>\n<div style=\"padding: 19% 0;\"><\/div>\n<div style=\"display: block; height: 50px; margin: 0 auto 12px; width: 50px;\"><\/div>\n<div style=\"padding-top: 8px;\">\n<div style=\"color: #3897f0; font-family: Arial,sans-serif; font-size: 14px; font-style: normal; font-weight: 550; line-height: 18px;\">Ver esta publicaci\u00f3n en Instagram<\/div>\n<\/div>\n<div style=\"padding: 12.5% 0;\"><\/div>\n<div style=\"display: flex; flex-direction: row; margin-bottom: 14px; align-items: center;\">\n<div>\n<div style=\"background-color: #f4f4f4; border-radius: 50%; height: 12.5px; width: 12.5px; transform: translateX(0px) translateY(7px);\"><\/div>\n<div style=\"background-color: #f4f4f4; height: 12.5px; transform: rotate(-45deg) translateX(3px) translateY(1px); width: 12.5px; flex-grow: 0; margin-right: 14px; margin-left: 2px;\"><\/div>\n<div style=\"background-color: #f4f4f4; border-radius: 50%; height: 12.5px; width: 12.5px; transform: translateX(9px) translateY(-18px);\"><\/div>\n<\/div>\n<div style=\"margin-left: 8px;\">\n<div style=\"background-color: #f4f4f4; border-radius: 50%; flex-grow: 0; height: 20px; width: 20px;\"><\/div>\n<div style=\"width: 0; height: 0; border-top: 2px solid transparent; border-left: 6px solid #f4f4f4; border-bottom: 2px solid transparent; transform: translateX(16px) translateY(-4px) rotate(30deg);\"><\/div>\n<\/div>\n<div style=\"margin-left: auto;\">\n<div style=\"width: 0px; border-top: 8px solid #F4F4F4; border-right: 8px solid transparent; transform: translateY(16px);\"><\/div>\n<div style=\"background-color: #f4f4f4; flex-grow: 0; height: 12px; width: 16px; transform: translateY(-4px);\"><\/div>\n<div style=\"width: 0; height: 0; border-top: 8px solid #F4F4F4; border-left: 8px solid transparent; transform: translateY(-4px) translateX(8px);\"><\/div>\n<\/div>\n<\/div>\n<p>&nbsp;<\/p>\n<p style=\"margin: 8px 0 0 0; padding: 0 4px;\"><a style=\"color: #000; font-family: Arial,sans-serif; font-size: 14px; font-style: normal; font-weight: normal; line-height: 17px; text-decoration: none; word-wrap: break-word;\" href=\"https:\/\/www.instagram.com\/p\/Bz9R52Zgu3X\/\" target=\"_blank\" rel=\"noopener\">Palmera y sol, mi beba y yo. . . . @paradisuscancun @fplusfc #whereyouwanttobe #fplusfc<\/a><\/p>\n<p style=\"color: #c9c8cd; font-family: Arial,sans-serif; font-size: 14px; line-height: 17px; margin-bottom: 0; margin-top: 8px; overflow: hidden; padding: 8px 0 7px; text-align: center; text-overflow: ellipsis; white-space: nowrap;\">Una publicaci\u00f3n compartida por <a style=\"color: #c9c8cd; font-family: Arial,sans-serif; font-size: 14px; font-style: normal; font-weight: normal; line-height: 17px;\" href=\"https:\/\/www.instagram.com\/agustinacherriok\/\" target=\"_blank\" rel=\"noopener\"> Agustina Cherri<\/a> (@agustinacherriok) el <time style=\"font-family: Arial,sans-serif; font-size: 14px; line-height: 17px;\" datetime=\"2019-07-16T00:27:28+00:00\">15 de Jul de 2019 a las 5:27 PDT<\/time><\/p>\n<\/div>\n<\/blockquote>\n<p><script async src=\"\/\/www.instagram.com\/embed.js\"><\/script><br \/>\n&nbsp;<\/p>\n<p>&nbsp;<\/p>\n<!-- AddThis Advanced Settings generic via filter on the_content --><!-- AddThis Share Buttons generic via filter on the_content -->","protected":false},"excerpt":{"rendered":"<p>La actriz viaj\u00f3 a Canc\u00fan para disfrutar de unas vacaciones en familia. Agustina Cherri se encuentra transitando el s\u00e9ptimo mes de embarazo de su primer hija junto a su pareja Tom\u00e1s \u00abPepo\u00bb Vera.\u00a0La actriz es madre de Muna y Nilo, fruto de su relaci\u00f3n con el famoso actor Gast\u00f3n Pauls.\u00a0 Desde de las playas paradis\u00edacas [&hellip;]<!-- AddThis Advanced Settings generic via filter on get_the_excerpt --><!-- AddThis Share Buttons generic via filter on get_the_excerpt --><\/p>\n","protected":false},"author":6,"featured_media":16763,"comment_status":"closed","ping_status":"open","sticky":false,"template":"","format":"standard","meta":{"_acf_changed":false,"om_disable_all_campaigns":false,"_monsterinsights_skip_tracking":false,"_monsterinsights_sitenote_active":false,"_monsterinsights_sitenote_note":"","_monsterinsights_sitenote_category":0,"_uf_show_specific_survey":0,"_uf_disable_surveys":false,"footnotes":""},"categories":[100],"tags":[],"class_list":["post-16762","post","type-post","status-publish","format-standard","has-post-thumbnail","hentry","category-noticias"],"acf":[],"aioseo_notices":[],"_links":{"self":[{"href":"https:\/\/www.lasrosas.com.ar\/portal\/wp-json\/wp\/v2\/posts\/16762","targetHints":{"allow":["GET"]}}],"collection":[{"href":"https:\/\/www.lasrosas.com.ar\/portal\/wp-json\/wp\/v2\/posts"}],"about":[{"href":"https:\/\/www.lasrosas.com.ar\/portal\/wp-json\/wp\/v2\/types\/post"}],"author":[{"embeddable":true,"href":"https:\/\/www.lasrosas.com.ar\/portal\/wp-json\/wp\/v2\/users\/6"}],"replies":[{"embeddable":true,"href":"https:\/\/www.lasrosas.com.ar\/portal\/wp-json\/wp\/v2\/comments?post=16762"}],"version-history":[{"count":0,"href":"https:\/\/www.lasrosas.com.ar\/portal\/wp-json\/wp\/v2\/posts\/16762\/revisions"}],"wp:featuredmedia":[{"embeddable":true,"href":"https:\/\/www.lasrosas.com.ar\/portal\/wp-json\/wp\/v2\/media\/16763"}],"wp:attachment":[{"href":"https:\/\/www.lasrosas.com.ar\/portal\/wp-json\/wp\/v2\/media?parent=16762"}],"wp:term":[{"taxonomy":"category","embeddable":true,"href":"https:\/\/www.lasrosas.com.ar\/portal\/wp-json\/wp\/v2\/categories?post=16762"},{"taxonomy":"post_tag","embeddable":true,"href":"https:\/\/www.lasrosas.com.ar\/portal\/wp-json\/wp\/v2\/tags?post=16762"}],"curies":[{"name":"wp","href":"https:\/\/api.w.org\/{rel}","templated":true}]}}