{"id":16681,"date":"2019-07-12T12:26:49","date_gmt":"2019-07-12T15:26:49","guid":{"rendered":"https:\/\/www.lasrosas.com.ar\/portal\/?p=16681"},"modified":"2019-07-12T12:26:58","modified_gmt":"2019-07-12T15:26:58","slug":"diego-reinhold-el-elegido-de-lia-jelin-para-no-a-la-guita","status":"publish","type":"post","link":"https:\/\/www.lasrosas.com.ar\/portal\/diego-reinhold-el-elegido-de-lia-jelin-para-no-a-la-guita\/","title":{"rendered":"DIEGO REINHOLD: EL ELEGIDO DE L\u00cdA JELIN PARA \u201cNO A LA GUITA\u201d"},"content":{"rendered":"<h3><strong>Se va completando el elenco de \u201cNo a la guita\u201d, la nueva obra de la directora de Toc Toc, que subir\u00e1 a escena a mitad de agosto en el Multiteatro.\u00a0<\/strong><\/h3>\n<p><strong>Diego Reinhold<\/strong> vuelve a subirse el escenario en una obra escrita por <strong>Flavia Coste<\/strong> que fue \u00e9xito en <strong>Par\u00eds<\/strong> y que llega a la<strong> Argentina<\/strong> para sumarse como una de las comedias del 2019.<\/p>\n<p>En los pr\u00f3ximos d\u00edas se terminar\u00e1 de definir el elenco y comenzar\u00e1n los ensayos que ser\u00e1n arduos y de varias horas por d\u00eda para llegar c\u00f3modos a la fecha de estreno.<\/p>\n\r\n\t\t<style type='text\/css'>\r\n\t\t\t#gallery-1 {\r\n\t\t\t\tmargin: auto;\r\n\t\t\t}\r\n\t\t\t#gallery-1 .gallery-item {\r\n\t\t\t\tfloat: left;\r\n\t\t\t\tmargin-top: 10px;\r\n\t\t\t\ttext-align: center;\r\n\t\t\t\twidth: 50%;\r\n\t\t\t}\r\n\t\t\t#gallery-1 img {\r\n\t\t\t\tborder: 2px solid #cfcfcf;\r\n\t\t\t}\r\n\t\t\t#gallery-1 .gallery-caption {\r\n\t\t\t\tmargin-left: 0;\r\n\t\t\t}\r\n\t\t<\/style>\r\n\t\t<!-- see gallery_shortcode() in wp-includes\/media.php -->\n\t\t<div id='gallery-1' class='gallery galleryid-16681 gallery-columns-2 gallery-size-full gallery1'><script type=\"text\/javascript\">\r\n\/\/ <![CDATA[\r\n\tjQuery(document).ready(function () {\r\n\t\tjQuery(\".gallery1 a\").attr(\"rel\",\"gallery1\");\t\r\n\t\tjQuery('a[rel=\"gallery1\"]').colorbox({maxWidth:\"95%\", maxHeight:\"95%\",title: function(){ return jQuery(this).children().attr(\"alt\"); }, });\r\n\t});\r\n\/\/ ]]>\r\n<\/script>\n<dl class=\"gallery-item\">\n<dt class=\"gallery-icon\">\r\n<a href=\"https:\/\/www.lasrosas.com.ar\/portal\/wp-content\/uploads\/unnamed-12.jpg\" title=\"\" rel=\"gallery1\"><img decoding=\"async\" data-src=\"https:\/\/www.lasrosas.com.ar\/portal\/wp-content\/uploads\/unnamed-12.jpg\" width=\"968\" height=\"1452\" alt=\"\" src=\"data:image\/svg+xml;base64,PHN2ZyB3aWR0aD0iMSIgaGVpZ2h0PSIxIiB4bWxucz0iaHR0cDovL3d3dy53My5vcmcvMjAwMC9zdmciPjwvc3ZnPg==\" class=\"lazyload\" style=\"--smush-placeholder-width: 968px; --smush-placeholder-aspect-ratio: 968\/1452;\" \/><\/a>\r\n<\/dt><\/dl><dl class=\"gallery-item\">\n<dt class=\"gallery-icon\">\r\n<a href=\"https:\/\/www.lasrosas.com.ar\/portal\/wp-content\/uploads\/unnamed-1-6.jpg\" title=\"\" rel=\"gallery1\"><img decoding=\"async\" data-src=\"https:\/\/www.lasrosas.com.ar\/portal\/wp-content\/uploads\/unnamed-1-6.jpg\" width=\"968\" height=\"1452\" alt=\"\" src=\"data:image\/svg+xml;base64,PHN2ZyB3aWR0aD0iMSIgaGVpZ2h0PSIxIiB4bWxucz0iaHR0cDovL3d3dy53My5vcmcvMjAwMC9zdmciPjwvc3ZnPg==\" class=\"lazyload\" style=\"--smush-placeholder-width: 968px; --smush-placeholder-aspect-ratio: 968\/1452;\" \/><\/a>\r\n<\/dt><\/dl><br style=\"clear: both\" \/>\r\n\t\t<\/div>\n\n<p>La historia de \u00e9sta comedia plantea el siguiente dilema: si te atreves a decir \u00abno al dinero\u00bb, cuando la fortuna cae del cielo y la suma asciende a 162 millones, \u00bfc\u00f3mo reaccionar\u00edas? \u00bfTu esposa, tu madre y tu mejor amigo? \u2026<\/p>\n<p>El actor ya ley\u00f3 el libreto y firm\u00f3 contrato para ser uno de los cuatro protagonistas.<\/p>\n<p>Una comedia \u00e1gil, divertida y bien servida para cuatro actores talentosos.<\/p>\n<p>&nbsp;<\/p>\n<!-- AddThis Advanced Settings generic via filter on the_content --><!-- AddThis Share Buttons generic via filter on the_content -->","protected":false},"excerpt":{"rendered":"<p>Se va completando el elenco de \u201cNo a la guita\u201d, la nueva obra de la directora de Toc Toc, que subir\u00e1 a escena a mitad de agosto en el Multiteatro.\u00a0 Diego Reinhold vuelve a subirse el escenario en una obra escrita por Flavia Coste que fue \u00e9xito en Par\u00eds y que llega a la Argentina [&hellip;]<!-- AddThis Advanced Settings generic via filter on get_the_excerpt --><!-- AddThis Share Buttons generic via filter on get_the_excerpt --><\/p>\n","protected":false},"author":6,"featured_media":16682,"comment_status":"closed","ping_status":"open","sticky":false,"template":"","format":"standard","meta":{"_acf_changed":false,"om_disable_all_campaigns":false,"_monsterinsights_skip_tracking":false,"_monsterinsights_sitenote_active":false,"_monsterinsights_sitenote_note":"","_monsterinsights_sitenote_category":0,"_uf_show_specific_survey":0,"_uf_disable_surveys":false,"footnotes":""},"categories":[100],"tags":[],"class_list":["post-16681","post","type-post","status-publish","format-standard","has-post-thumbnail","hentry","category-noticias"],"acf":[],"aioseo_notices":[],"_links":{"self":[{"href":"https:\/\/www.lasrosas.com.ar\/portal\/wp-json\/wp\/v2\/posts\/16681","targetHints":{"allow":["GET"]}}],"collection":[{"href":"https:\/\/www.lasrosas.com.ar\/portal\/wp-json\/wp\/v2\/posts"}],"about":[{"href":"https:\/\/www.lasrosas.com.ar\/portal\/wp-json\/wp\/v2\/types\/post"}],"author":[{"embeddable":true,"href":"https:\/\/www.lasrosas.com.ar\/portal\/wp-json\/wp\/v2\/users\/6"}],"replies":[{"embeddable":true,"href":"https:\/\/www.lasrosas.com.ar\/portal\/wp-json\/wp\/v2\/comments?post=16681"}],"version-history":[{"count":0,"href":"https:\/\/www.lasrosas.com.ar\/portal\/wp-json\/wp\/v2\/posts\/16681\/revisions"}],"wp:featuredmedia":[{"embeddable":true,"href":"https:\/\/www.lasrosas.com.ar\/portal\/wp-json\/wp\/v2\/media\/16682"}],"wp:attachment":[{"href":"https:\/\/www.lasrosas.com.ar\/portal\/wp-json\/wp\/v2\/media?parent=16681"}],"wp:term":[{"taxonomy":"category","embeddable":true,"href":"https:\/\/www.lasrosas.com.ar\/portal\/wp-json\/wp\/v2\/categories?post=16681"},{"taxonomy":"post_tag","embeddable":true,"href":"https:\/\/www.lasrosas.com.ar\/portal\/wp-json\/wp\/v2\/tags?post=16681"}],"curies":[{"name":"wp","href":"https:\/\/api.w.org\/{rel}","templated":true}]}}