{"id":16448,"date":"2019-07-04T10:43:59","date_gmt":"2019-07-04T13:43:59","guid":{"rendered":"https:\/\/www.lasrosas.com.ar\/portal\/?p=16448"},"modified":"2019-07-04T10:44:33","modified_gmt":"2019-07-04T13:44:33","slug":"arranco-el-rodaje-de-la-sombra-del-gato-con-danni-trejo","status":"publish","type":"post","link":"https:\/\/www.lasrosas.com.ar\/portal\/arranco-el-rodaje-de-la-sombra-del-gato-con-danni-trejo\/","title":{"rendered":"ARRANC\u00d3 EL RODAJE DE \u00abLA SOMBRA DEL GATO\u00bb CON DANNY TREJO"},"content":{"rendered":"<h3 dir=\"ltr\"><strong>La pel\u00edcula argentina contar\u00e1 con la participaci\u00f3n del famoso actor Danny Trejo.<\/strong><\/h3>\n<p><img decoding=\"async\" class=\"alignnone size-full wp-image-16455 lazyload\" data-src=\"https:\/\/www.lasrosas.com.ar\/portal\/wp-content\/uploads\/prensa-2-julio-05.jpeg\" alt=\"\" width=\"709\" height=\"424\" src=\"data:image\/svg+xml;base64,PHN2ZyB3aWR0aD0iMSIgaGVpZ2h0PSIxIiB4bWxucz0iaHR0cDovL3d3dy53My5vcmcvMjAwMC9zdmciPjwvc3ZnPg==\" style=\"--smush-placeholder-width: 709px; --smush-placeholder-aspect-ratio: 709\/424;\" \/><\/p>\n<p dir=\"ltr\">Comenz\u00f3 el rodaje de <em><strong>\u201cLa sombra del gato\u201d<\/strong><\/em>, un film de caracter\u00edsticas fant\u00e1sticas. Con la participaci\u00f3n de grandes actores de nivel nacional e internacional. <strong>Maite Lanata, Miguel \u00c1ngel Sol\u00e1, Guillermo Zapata, M\u00f3nica Anton\u00f3pulos, Rita Cortese, Luis Mach\u00edn y Roberto Peloni<\/strong>, entre otros protagonizan el film. Tambi\u00e9n contara con la participaci\u00f3n del actor <strong>Dani Trejo<\/strong>, que a los 75 a\u00f1os y con m\u00e1s de treinta a\u00f1os en el mundo del cine de<strong> Hollywood<\/strong>, llega a nuestro pa\u00eds para sumarte\u00a0 a esta mega producci\u00f3n.<\/p>\n\r\n\t\t<style type='text\/css'>\r\n\t\t\t#gallery-1 {\r\n\t\t\t\tmargin: auto;\r\n\t\t\t}\r\n\t\t\t#gallery-1 .gallery-item {\r\n\t\t\t\tfloat: left;\r\n\t\t\t\tmargin-top: 10px;\r\n\t\t\t\ttext-align: center;\r\n\t\t\t\twidth: 33%;\r\n\t\t\t}\r\n\t\t\t#gallery-1 img {\r\n\t\t\t\tborder: 2px solid #cfcfcf;\r\n\t\t\t}\r\n\t\t\t#gallery-1 .gallery-caption {\r\n\t\t\t\tmargin-left: 0;\r\n\t\t\t}\r\n\t\t<\/style>\r\n\t\t<!-- see gallery_shortcode() in wp-includes\/media.php -->\n\t\t<div id='gallery-1' class='gallery galleryid-16448 gallery-columns-3 gallery-size-full gallery1'><script type=\"text\/javascript\">\r\n\/\/ <![CDATA[\r\n\tjQuery(document).ready(function () {\r\n\t\tjQuery(\".gallery1 a\").attr(\"rel\",\"gallery1\");\t\r\n\t\tjQuery('a[rel=\"gallery1\"]').colorbox({maxWidth:\"95%\", maxHeight:\"95%\",title: function(){ return jQuery(this).children().attr(\"alt\"); }, });\r\n\t});\r\n\/\/ ]]>\r\n<\/script>\n<dl class=\"gallery-item\">\n<dt class=\"gallery-icon\">\r\n<a href=\"https:\/\/www.lasrosas.com.ar\/portal\/wp-content\/uploads\/prensa-2-julio-06.jpeg\" title=\"\" rel=\"gallery1\"><img decoding=\"async\" data-src=\"https:\/\/www.lasrosas.com.ar\/portal\/wp-content\/uploads\/prensa-2-julio-06.jpeg\" width=\"709\" height=\"434\" alt=\"\" src=\"data:image\/svg+xml;base64,PHN2ZyB3aWR0aD0iMSIgaGVpZ2h0PSIxIiB4bWxucz0iaHR0cDovL3d3dy53My5vcmcvMjAwMC9zdmciPjwvc3ZnPg==\" class=\"lazyload\" style=\"--smush-placeholder-width: 709px; --smush-placeholder-aspect-ratio: 709\/434;\" \/><\/a>\r\n<\/dt><\/dl><dl class=\"gallery-item\">\n<dt class=\"gallery-icon\">\r\n<a href=\"https:\/\/www.lasrosas.com.ar\/portal\/wp-content\/uploads\/prensa-2-julio-12.jpeg\" title=\"\" rel=\"gallery1\"><img decoding=\"async\" data-src=\"https:\/\/www.lasrosas.com.ar\/portal\/wp-content\/uploads\/prensa-2-julio-12.jpeg\" width=\"709\" height=\"473\" alt=\"\" src=\"data:image\/svg+xml;base64,PHN2ZyB3aWR0aD0iMSIgaGVpZ2h0PSIxIiB4bWxucz0iaHR0cDovL3d3dy53My5vcmcvMjAwMC9zdmciPjwvc3ZnPg==\" class=\"lazyload\" style=\"--smush-placeholder-width: 709px; --smush-placeholder-aspect-ratio: 709\/473;\" \/><\/a>\r\n<\/dt><\/dl><dl class=\"gallery-item\">\n<dt class=\"gallery-icon\">\r\n<a href=\"https:\/\/www.lasrosas.com.ar\/portal\/wp-content\/uploads\/prensa-2-julio-02.jpg\" title=\"\" rel=\"gallery1\"><img decoding=\"async\" data-src=\"https:\/\/www.lasrosas.com.ar\/portal\/wp-content\/uploads\/prensa-2-julio-02.jpg\" width=\"709\" height=\"490\" alt=\"\" src=\"data:image\/svg+xml;base64,PHN2ZyB3aWR0aD0iMSIgaGVpZ2h0PSIxIiB4bWxucz0iaHR0cDovL3d3dy53My5vcmcvMjAwMC9zdmciPjwvc3ZnPg==\" class=\"lazyload\" style=\"--smush-placeholder-width: 709px; --smush-placeholder-aspect-ratio: 709\/490;\" \/><\/a>\r\n<\/dt><\/dl><br style=\"clear: both\" \/>\r\n\t\t<\/div>\n\n<p dir=\"ltr\">Esta pel\u00edcula ser\u00e1 dirigida por <strong>Jos\u00e9 Cicala<\/strong>, fot\u00f3grafo hace m\u00e1s de 25 a\u00f1os, reconocido en el medio por su inconfundible est\u00e9tica, creador de escenarios llenos de detalles e iluminaci\u00f3n exquisita.<\/p>\n<p dir=\"ltr\">Adem\u00e1s el gui\u00f3n esta realizado por <strong>Griselda Sanchez<\/strong>, que tambi\u00e9n act\u00faa en el film, y<strong> Guillermo Zapata<\/strong>, el prestigioso productor\u00a0 argentino que triunfa en Los \u00c1ngeles con proyecci\u00f3n internacional hace varios a\u00f1os.<\/p>\n<p dir=\"ltr\"><img decoding=\"async\" class=\"alignnone size-full wp-image-16452 lazyload\" data-src=\"https:\/\/www.lasrosas.com.ar\/portal\/wp-content\/uploads\/prensa-2-julio-03.jpg\" alt=\"\" width=\"709\" height=\"473\" src=\"data:image\/svg+xml;base64,PHN2ZyB3aWR0aD0iMSIgaGVpZ2h0PSIxIiB4bWxucz0iaHR0cDovL3d3dy53My5vcmcvMjAwMC9zdmciPjwvc3ZnPg==\" style=\"--smush-placeholder-width: 709px; --smush-placeholder-aspect-ratio: 709\/473;\" \/><\/p>\n<p dir=\"ltr\"><em><strong>SINOPSIS<\/strong><\/em><\/p>\n<p dir=\"ltr\">GATO vive con su hija adolescente EMMA y un peque\u00f1o grupo de gente, en una granja aislada, sin telefon\u00eda ni Internet. Pero EMMA, tentada por la curiosidad, consigue un tel\u00e9fono m\u00f3vil y lo activa, haci\u00e9ndose visible al mundo. Horas despu\u00e9s huye de la granja. GATO parte en su b\u00fasqueda acompa\u00f1ado por su amigo SOMBRA, con quien 17 a\u00f1os atr\u00e1s, estuvieron estuvieron a punto de ser captados por una secta. Juntos deber\u00e1n rescatar a EMMA que ha sido raptada por la misma organizaci\u00f3n para concretar un sangriento ritual.<\/p>\n<!-- AddThis Advanced Settings generic via filter on the_content --><!-- AddThis Share Buttons generic via filter on the_content -->","protected":false},"excerpt":{"rendered":"<p>La pel\u00edcula argentina contar\u00e1 con la participaci\u00f3n del famoso actor Danny Trejo. Comenz\u00f3 el rodaje de \u201cLa sombra del gato\u201d, un film de caracter\u00edsticas fant\u00e1sticas. Con la participaci\u00f3n de grandes actores de nivel nacional e internacional. Maite Lanata, Miguel \u00c1ngel Sol\u00e1, Guillermo Zapata, M\u00f3nica Anton\u00f3pulos, Rita Cortese, Luis Mach\u00edn y Roberto Peloni, entre otros protagonizan [&hellip;]<!-- AddThis Advanced Settings generic via filter on get_the_excerpt --><!-- AddThis Share Buttons generic via filter on get_the_excerpt --><\/p>\n","protected":false},"author":6,"featured_media":16450,"comment_status":"closed","ping_status":"open","sticky":false,"template":"","format":"standard","meta":{"_acf_changed":false,"om_disable_all_campaigns":false,"_monsterinsights_skip_tracking":false,"_monsterinsights_sitenote_active":false,"_monsterinsights_sitenote_note":"","_monsterinsights_sitenote_category":0,"_uf_show_specific_survey":0,"_uf_disable_surveys":false,"footnotes":""},"categories":[100],"tags":[],"class_list":["post-16448","post","type-post","status-publish","format-standard","has-post-thumbnail","hentry","category-noticias"],"acf":[],"aioseo_notices":[],"_links":{"self":[{"href":"https:\/\/www.lasrosas.com.ar\/portal\/wp-json\/wp\/v2\/posts\/16448","targetHints":{"allow":["GET"]}}],"collection":[{"href":"https:\/\/www.lasrosas.com.ar\/portal\/wp-json\/wp\/v2\/posts"}],"about":[{"href":"https:\/\/www.lasrosas.com.ar\/portal\/wp-json\/wp\/v2\/types\/post"}],"author":[{"embeddable":true,"href":"https:\/\/www.lasrosas.com.ar\/portal\/wp-json\/wp\/v2\/users\/6"}],"replies":[{"embeddable":true,"href":"https:\/\/www.lasrosas.com.ar\/portal\/wp-json\/wp\/v2\/comments?post=16448"}],"version-history":[{"count":0,"href":"https:\/\/www.lasrosas.com.ar\/portal\/wp-json\/wp\/v2\/posts\/16448\/revisions"}],"wp:featuredmedia":[{"embeddable":true,"href":"https:\/\/www.lasrosas.com.ar\/portal\/wp-json\/wp\/v2\/media\/16450"}],"wp:attachment":[{"href":"https:\/\/www.lasrosas.com.ar\/portal\/wp-json\/wp\/v2\/media?parent=16448"}],"wp:term":[{"taxonomy":"category","embeddable":true,"href":"https:\/\/www.lasrosas.com.ar\/portal\/wp-json\/wp\/v2\/categories?post=16448"},{"taxonomy":"post_tag","embeddable":true,"href":"https:\/\/www.lasrosas.com.ar\/portal\/wp-json\/wp\/v2\/tags?post=16448"}],"curies":[{"name":"wp","href":"https:\/\/api.w.org\/{rel}","templated":true}]}}