{"id":16389,"date":"2019-07-02T10:37:19","date_gmt":"2019-07-02T13:37:19","guid":{"rendered":"https:\/\/www.lasrosas.com.ar\/portal\/?p=16389"},"modified":"2019-07-02T10:37:46","modified_gmt":"2019-07-02T13:37:46","slug":"con-el-invierno-regresan-casos-de-bronquiolitis","status":"publish","type":"post","link":"https:\/\/www.lasrosas.com.ar\/portal\/con-el-invierno-regresan-casos-de-bronquiolitis\/","title":{"rendered":"CON EL INVIERNO REGRESAN LOS CASOS DE BRONQUIOLITIS"},"content":{"rendered":"<p style=\"text-align: right;\"><strong>Por Mosc\u00fa Agencia<\/strong><\/p>\n<h3><strong>Durante el invierno las enfermedades respiratorias representan la principal causa de internaci\u00f3n y consulta m\u00e9dica. Muchas son las\u00a0afecciones respiratorias\u00a0que pueden desarrollarse durante los\u00a0meses m\u00e1s fr\u00edos: la Bronquiolitis es una de ellas.<\/strong><\/h3>\n<p>\u201cSe trata de una enfermedad respiratoria infecciosa que afecta a los ni\u00f1os menores de 2 a\u00f1os, principalmente a los beb\u00e9s que tienen menos de 6 meses\u201d, describe la\u00a0<strong>Dra Valeria El Haj, Directora M\u00e9dica de vittal.<\/strong><\/p>\n<p>Los virus que causan la enfermedad se transmiten de una persona afectada a otra, a trav\u00e9s del contacto directo con las manos contaminadas con secreciones nasales o con las gotitas generadas al toser o estornudar, por eso, es de central importancia el lavado de manos y la correcta higienizaci\u00f3n durante todo el d\u00eda.<\/p>\n<p>\u201cLa\u00a0<strong>B<\/strong><strong>ronquiolitis<\/strong>\u00a0es una enfermedad com\u00fan pero puede ser grave en algunos casos\u201d, aclara la Dra El Haj.<\/p>\n<p><strong>Algunos de los s\u00edntomas que se presentan frecuentemente son:<\/strong><\/p>\n<ul>\n<li>Tos<\/li>\n<li>Fatiga<\/li>\n<li>Fiebre<\/li>\n<li>Mucosidad<\/li>\n<li>Respiraci\u00f3n muy r\u00e1pida, ruidosa y con silbidos en el pecho<\/li>\n<li>Hundimiento del tejido entre las costillas por el esfuerzo respiratorio<\/li>\n<li>Cansancio<\/li>\n<li>Color azulado en la piel, u\u00f1as o labios, producto de la falta de ox\u00edgeno<\/li>\n<\/ul>\n<p>Por \u00faltimo, concluye la\u00a0<strong>Dra El Haj, de vittal<\/strong>: \u201cSi los ni\u00f1os presentan s\u00edntomas hay que llevarlos r\u00e1pidamente al m\u00e9dico, quien indicar\u00e1 las medidas a seguir y se podr\u00e1 tratar la enfermedad a tiempo\u201d.<\/p>\n<!-- AddThis Advanced Settings generic via filter on the_content --><!-- AddThis Share Buttons generic via filter on the_content -->","protected":false},"excerpt":{"rendered":"<p>Por Mosc\u00fa Agencia Durante el invierno las enfermedades respiratorias representan la principal causa de internaci\u00f3n y consulta m\u00e9dica. Muchas son las\u00a0afecciones respiratorias\u00a0que pueden desarrollarse durante los\u00a0meses m\u00e1s fr\u00edos: la Bronquiolitis es una de ellas. \u201cSe trata de una enfermedad respiratoria infecciosa que afecta a los ni\u00f1os menores de 2 a\u00f1os, principalmente a los beb\u00e9s que [&hellip;]<!-- AddThis Advanced Settings generic via filter on get_the_excerpt --><!-- AddThis Share Buttons generic via filter on get_the_excerpt --><\/p>\n","protected":false},"author":6,"featured_media":16390,"comment_status":"closed","ping_status":"open","sticky":false,"template":"","format":"standard","meta":{"_acf_changed":false,"om_disable_all_campaigns":false,"_monsterinsights_skip_tracking":false,"_monsterinsights_sitenote_active":false,"_monsterinsights_sitenote_note":"","_monsterinsights_sitenote_category":0,"_uf_show_specific_survey":0,"_uf_disable_surveys":false,"footnotes":""},"categories":[376],"tags":[],"class_list":["post-16389","post","type-post","status-publish","format-standard","has-post-thumbnail","hentry","category-lifestyle"],"acf":[],"aioseo_notices":[],"_links":{"self":[{"href":"https:\/\/www.lasrosas.com.ar\/portal\/wp-json\/wp\/v2\/posts\/16389","targetHints":{"allow":["GET"]}}],"collection":[{"href":"https:\/\/www.lasrosas.com.ar\/portal\/wp-json\/wp\/v2\/posts"}],"about":[{"href":"https:\/\/www.lasrosas.com.ar\/portal\/wp-json\/wp\/v2\/types\/post"}],"author":[{"embeddable":true,"href":"https:\/\/www.lasrosas.com.ar\/portal\/wp-json\/wp\/v2\/users\/6"}],"replies":[{"embeddable":true,"href":"https:\/\/www.lasrosas.com.ar\/portal\/wp-json\/wp\/v2\/comments?post=16389"}],"version-history":[{"count":0,"href":"https:\/\/www.lasrosas.com.ar\/portal\/wp-json\/wp\/v2\/posts\/16389\/revisions"}],"wp:featuredmedia":[{"embeddable":true,"href":"https:\/\/www.lasrosas.com.ar\/portal\/wp-json\/wp\/v2\/media\/16390"}],"wp:attachment":[{"href":"https:\/\/www.lasrosas.com.ar\/portal\/wp-json\/wp\/v2\/media?parent=16389"}],"wp:term":[{"taxonomy":"category","embeddable":true,"href":"https:\/\/www.lasrosas.com.ar\/portal\/wp-json\/wp\/v2\/categories?post=16389"},{"taxonomy":"post_tag","embeddable":true,"href":"https:\/\/www.lasrosas.com.ar\/portal\/wp-json\/wp\/v2\/tags?post=16389"}],"curies":[{"name":"wp","href":"https:\/\/api.w.org\/{rel}","templated":true}]}}