{"id":16324,"date":"2019-06-27T12:36:50","date_gmt":"2019-06-27T15:36:50","guid":{"rendered":"https:\/\/www.lasrosas.com.ar\/portal\/?p=16324"},"modified":"2019-06-27T12:37:14","modified_gmt":"2019-06-27T15:37:14","slug":"bmw-serie-3-el-mas-codiciado-de-los-autos","status":"publish","type":"post","link":"https:\/\/www.lasrosas.com.ar\/portal\/bmw-serie-3-el-mas-codiciado-de-los-autos\/","title":{"rendered":"BMW SERIE 3: EL M\u00c1S CODICIADO DE LOS AUTOS"},"content":{"rendered":"<h3><strong>Auto Munich, una de las concesionarias m\u00e1s importantes de C\u00f3rdoba, volvi\u00f3 a dar de qu\u00e9 hablar. La presentaci\u00f3n del \u00faltimo modelo de BMW Serie 3, fue hecha en una celebraci\u00f3n que incluy\u00f3 invitados especiales, buena m\u00fasica y un excelente ambiente para disfrutar entre amigos.<\/strong><\/h3>\n<p><img decoding=\"async\" class=\"alignnone size-medium wp-image-16329 lazyload\" data-src=\"https:\/\/www.lasrosas.com.ar\/portal\/wp-content\/uploads\/bmw-5-960x640.jpg\" alt=\"\" width=\"960\" height=\"640\" data-srcset=\"https:\/\/www.lasrosas.com.ar\/portal\/wp-content\/uploads\/bmw-5-960x640.jpg 960w, https:\/\/www.lasrosas.com.ar\/portal\/wp-content\/uploads\/bmw-5-1920x1280.jpg 1920w\" data-sizes=\"(max-width: 960px) 100vw, 960px\" src=\"data:image\/svg+xml;base64,PHN2ZyB3aWR0aD0iMSIgaGVpZ2h0PSIxIiB4bWxucz0iaHR0cDovL3d3dy53My5vcmcvMjAwMC9zdmciPjwvc3ZnPg==\" style=\"--smush-placeholder-width: 960px; --smush-placeholder-aspect-ratio: 960\/640;\" \/><\/p>\n<p>El evento se realiz\u00f3 en <strong>Villa Vistello<\/strong>, una casona con aires europeos, antigua e ideal para el agasajo a semejante auto. La invitaci\u00f3n inclu\u00eda comprender el concepto de la reuni\u00f3n: pasar un buen momento, entre amigos, para vivir uno de los lanzamientos m\u00e1s esperados por los fan\u00e1ticos de la marca alemana.<\/p>\n<p>En el medio de un ambiente relajado, al ritmo de la gran banda <strong><em>\u201cPhilharmonie\u201d<\/em><\/strong>, con un show en vivo que cautiv\u00f3 la atenci\u00f3n de todos, se exhibieron seis <strong>BMW Serie 3<\/strong>, de distintas \u00e9pocas, demostrando que la familia <strong>BMW<\/strong>, trasciende el tiempo y las generaciones. Cada modelo, ubicado en un lugar estrat\u00e9gico de <strong>Villa Vistello<\/strong>, aportaba el encanto, a trav\u00e9s de sus detalles, de los a\u00f1os en que fueron lanzados, permiti\u00e9ndonos un recorrido en la historia de la marca.<\/p>\n\r\n\t\t<style type='text\/css'>\r\n\t\t\t#gallery-1 {\r\n\t\t\t\tmargin: auto;\r\n\t\t\t}\r\n\t\t\t#gallery-1 .gallery-item {\r\n\t\t\t\tfloat: left;\r\n\t\t\t\tmargin-top: 10px;\r\n\t\t\t\ttext-align: center;\r\n\t\t\t\twidth: 33%;\r\n\t\t\t}\r\n\t\t\t#gallery-1 img {\r\n\t\t\t\tborder: 2px solid #cfcfcf;\r\n\t\t\t}\r\n\t\t\t#gallery-1 .gallery-caption {\r\n\t\t\t\tmargin-left: 0;\r\n\t\t\t}\r\n\t\t<\/style>\r\n\t\t<!-- see gallery_shortcode() in wp-includes\/media.php -->\n\t\t<div id='gallery-1' class='gallery galleryid-16324 gallery-columns-3 gallery-size-full gallery1'><script type=\"text\/javascript\">\r\n\/\/ <![CDATA[\r\n\tjQuery(document).ready(function () {\r\n\t\tjQuery(\".gallery1 a\").attr(\"rel\",\"gallery1\");\t\r\n\t\tjQuery('a[rel=\"gallery1\"]').colorbox({maxWidth:\"95%\", maxHeight:\"95%\",title: function(){ return jQuery(this).children().attr(\"alt\"); }, });\r\n\t});\r\n\/\/ ]]>\r\n<\/script>\n<dl class=\"gallery-item\">\n<dt class=\"gallery-icon\">\r\n<a href=\"https:\/\/www.lasrosas.com.ar\/portal\/wp-content\/uploads\/bmw-4-1920x1280.jpg\" title=\"\" rel=\"gallery1\"><img decoding=\"async\" data-src=\"https:\/\/www.lasrosas.com.ar\/portal\/wp-content\/uploads\/bmw-4.jpg\" width=\"5652\" height=\"3768\" alt=\"\" src=\"data:image\/svg+xml;base64,PHN2ZyB3aWR0aD0iMSIgaGVpZ2h0PSIxIiB4bWxucz0iaHR0cDovL3d3dy53My5vcmcvMjAwMC9zdmciPjwvc3ZnPg==\" class=\"lazyload\" style=\"--smush-placeholder-width: 5652px; --smush-placeholder-aspect-ratio: 5652\/3768;\" \/><\/a>\r\n<\/dt><\/dl><dl class=\"gallery-item\">\n<dt class=\"gallery-icon\">\r\n<a href=\"https:\/\/www.lasrosas.com.ar\/portal\/wp-content\/uploads\/bmw-3-1920x1280.jpg\" title=\"\" rel=\"gallery1\"><img decoding=\"async\" data-src=\"https:\/\/www.lasrosas.com.ar\/portal\/wp-content\/uploads\/bmw-3.jpg\" width=\"6192\" height=\"4128\" alt=\"\" src=\"data:image\/svg+xml;base64,PHN2ZyB3aWR0aD0iMSIgaGVpZ2h0PSIxIiB4bWxucz0iaHR0cDovL3d3dy53My5vcmcvMjAwMC9zdmciPjwvc3ZnPg==\" class=\"lazyload\" style=\"--smush-placeholder-width: 6192px; --smush-placeholder-aspect-ratio: 6192\/4128;\" \/><\/a>\r\n<\/dt><\/dl><dl class=\"gallery-item\">\n<dt class=\"gallery-icon\">\r\n<a href=\"https:\/\/www.lasrosas.com.ar\/portal\/wp-content\/uploads\/bmw-2-1920x1280.jpg\" title=\"\" rel=\"gallery1\"><img decoding=\"async\" data-src=\"https:\/\/www.lasrosas.com.ar\/portal\/wp-content\/uploads\/bmw-2.jpg\" width=\"6192\" height=\"4128\" alt=\"\" src=\"data:image\/svg+xml;base64,PHN2ZyB3aWR0aD0iMSIgaGVpZ2h0PSIxIiB4bWxucz0iaHR0cDovL3d3dy53My5vcmcvMjAwMC9zdmciPjwvc3ZnPg==\" class=\"lazyload\" style=\"--smush-placeholder-width: 6192px; --smush-placeholder-aspect-ratio: 6192\/4128;\" \/><\/a>\r\n<\/dt><\/dl><br style=\"clear: both\" \/>\r\n\t\t<\/div>\n\n<p>En el centro, estaba el verdadero protagonista: el <strong>BMW Serie 3 2019<\/strong>, un auto pensado para sorprender a cualquiera, con una est\u00e9tica deportiva pero elegante, con nuevas incorporaciones a su sistema que lo hacen r\u00e1pido, seguro y confortable, una verdadera superaci\u00f3n a lo que ya conocemos de la firma. Adem\u00e1s, tuvimos la posibilidad de hacer un<strong> <em>Test Drive<\/em> <\/strong>y sentir de verdad lo que es manejarlo.<\/p>\n<p>Quienes asistimos, entre invitados especiales, reconocidos personajes de C\u00f3rdoba y miembros de la prensa, llegamos a la conclusi\u00f3n de que se trat\u00f3 de uno de los mejores encuentros de<strong> BMW Auto Munich<\/strong>, por el servicio, las sorpresas, y el concepto que manejaron durante toda noche: la uni\u00f3n del pasado, el presente y el futuro, concentrados en el Sed\u00e1n que promete ser el m\u00e1s codiciado del mercado automotriz.<\/p>\n\r\n\t\t<style type='text\/css'>\r\n\t\t\t#gallery-2 {\r\n\t\t\t\tmargin: auto;\r\n\t\t\t}\r\n\t\t\t#gallery-2 .gallery-item {\r\n\t\t\t\tfloat: left;\r\n\t\t\t\tmargin-top: 10px;\r\n\t\t\t\ttext-align: center;\r\n\t\t\t\twidth: 50%;\r\n\t\t\t}\r\n\t\t\t#gallery-2 img {\r\n\t\t\t\tborder: 2px solid #cfcfcf;\r\n\t\t\t}\r\n\t\t\t#gallery-2 .gallery-caption {\r\n\t\t\t\tmargin-left: 0;\r\n\t\t\t}\r\n\t\t<\/style>\r\n\t\t<!-- see gallery_shortcode() in wp-includes\/media.php -->\n\t\t<div id='gallery-2' class='gallery galleryid-16324 gallery-columns-2 gallery-size-full gallery1'><script type=\"text\/javascript\">\r\n\/\/ <![CDATA[\r\n\tjQuery(document).ready(function () {\r\n\t\tjQuery(\".gallery1 a\").attr(\"rel\",\"gallery1\");\t\r\n\t\tjQuery('a[rel=\"gallery1\"]').colorbox({maxWidth:\"95%\", maxHeight:\"95%\",title: function(){ return jQuery(this).children().attr(\"alt\"); }, });\r\n\t});\r\n\/\/ ]]>\r\n<\/script>\n<dl class=\"gallery-item\">\n<dt class=\"gallery-icon\">\r\n<a href=\"https:\/\/www.lasrosas.com.ar\/portal\/wp-content\/uploads\/bmw-1920x1280.jpg\" title=\"\" rel=\"gallery1\"><img decoding=\"async\" data-src=\"https:\/\/www.lasrosas.com.ar\/portal\/wp-content\/uploads\/bmw.jpg\" width=\"6192\" height=\"4128\" alt=\"\" src=\"data:image\/svg+xml;base64,PHN2ZyB3aWR0aD0iMSIgaGVpZ2h0PSIxIiB4bWxucz0iaHR0cDovL3d3dy53My5vcmcvMjAwMC9zdmciPjwvc3ZnPg==\" class=\"lazyload\" style=\"--smush-placeholder-width: 6192px; --smush-placeholder-aspect-ratio: 6192\/4128;\" \/><\/a>\r\n<\/dt><\/dl><dl class=\"gallery-item\">\n<dt class=\"gallery-icon\">\r\n<a href=\"https:\/\/www.lasrosas.com.ar\/portal\/wp-content\/uploads\/bmw-1-1920x1280.jpg\" title=\"\" rel=\"gallery1\"><img decoding=\"async\" data-src=\"https:\/\/www.lasrosas.com.ar\/portal\/wp-content\/uploads\/bmw-1.jpg\" width=\"6192\" height=\"4128\" alt=\"\" src=\"data:image\/svg+xml;base64,PHN2ZyB3aWR0aD0iMSIgaGVpZ2h0PSIxIiB4bWxucz0iaHR0cDovL3d3dy53My5vcmcvMjAwMC9zdmciPjwvc3ZnPg==\" class=\"lazyload\" style=\"--smush-placeholder-width: 6192px; --smush-placeholder-aspect-ratio: 6192\/4128;\" \/><\/a>\r\n<\/dt><\/dl><br style=\"clear: both\" \/>\r\n\t\t<\/div>\n\n<ul>\n<li><strong><u>Organizaci\u00f3n y Producci\u00f3n:<\/u><\/strong> Grupo Las Rosas\/ @grupolasrosas<\/li>\n<li><strong><u>Producci\u00f3n Art\u00edstica: <\/u><\/strong>Romance\/ @romance_eventos<\/li>\n<li><strong><u>Conducci\u00f3n: <\/u><\/strong>Carolina Samam\u00e9\/ @carosamame<\/li>\n<li><strong><u>Sonido e Iluminaci\u00f3n: <\/u><\/strong>Fernando Berberian\/ @fernandoberberianproducciones<\/li>\n<li><strong><u>Fotos: <\/u><\/strong>Franco Cappelli\/ @phfrancocappelli<\/li>\n<li><strong><u>Video: <\/u><\/strong><strong>Alejandro Tuzzi\/ @alejandrotuzzi<\/strong><\/li>\n<li><strong><u>Banda: <\/u><\/strong>Philharmonie\/ @philharmonie_ensamble<\/li>\n<li><strong><u>Locaci\u00f3n: <\/u><\/strong>Villa Vistello\/ @villavistello<\/li>\n<li><strong><u>Agradecimientos: <\/u><\/strong><\/li>\n<li>Becavion\/ @becavion<\/li>\n<li>Big Box\/ @bigbox_ar<\/li>\n<li>El Burgu\u00e9s\/ @elburguesba<\/li>\n<li>Vesna\/ @vesnaoficial<\/li>\n<\/ul>\n<!-- AddThis Advanced Settings generic via filter on the_content --><!-- AddThis Share Buttons generic via filter on the_content -->","protected":false},"excerpt":{"rendered":"<p>Auto Munich, una de las concesionarias m\u00e1s importantes de C\u00f3rdoba, volvi\u00f3 a dar de qu\u00e9 hablar. La presentaci\u00f3n del \u00faltimo modelo de BMW Serie 3, fue hecha en una celebraci\u00f3n que incluy\u00f3 invitados especiales, buena m\u00fasica y un excelente ambiente para disfrutar entre amigos. El evento se realiz\u00f3 en Villa Vistello, una casona con aires [&hellip;]<!-- AddThis Advanced Settings generic via filter on get_the_excerpt --><!-- AddThis Share Buttons generic via filter on get_the_excerpt --><\/p>\n","protected":false},"author":6,"featured_media":16330,"comment_status":"closed","ping_status":"open","sticky":false,"template":"","format":"standard","meta":{"_acf_changed":false,"om_disable_all_campaigns":false,"_monsterinsights_skip_tracking":false,"_monsterinsights_sitenote_active":false,"_monsterinsights_sitenote_note":"","_monsterinsights_sitenote_category":0,"_uf_show_specific_survey":0,"_uf_disable_surveys":false,"footnotes":""},"categories":[240,234],"tags":[],"class_list":["post-16324","post","type-post","status-publish","format-standard","has-post-thumbnail","hentry","category-gc1","category-trend"],"acf":[],"aioseo_notices":[],"_links":{"self":[{"href":"https:\/\/www.lasrosas.com.ar\/portal\/wp-json\/wp\/v2\/posts\/16324","targetHints":{"allow":["GET"]}}],"collection":[{"href":"https:\/\/www.lasrosas.com.ar\/portal\/wp-json\/wp\/v2\/posts"}],"about":[{"href":"https:\/\/www.lasrosas.com.ar\/portal\/wp-json\/wp\/v2\/types\/post"}],"author":[{"embeddable":true,"href":"https:\/\/www.lasrosas.com.ar\/portal\/wp-json\/wp\/v2\/users\/6"}],"replies":[{"embeddable":true,"href":"https:\/\/www.lasrosas.com.ar\/portal\/wp-json\/wp\/v2\/comments?post=16324"}],"version-history":[{"count":0,"href":"https:\/\/www.lasrosas.com.ar\/portal\/wp-json\/wp\/v2\/posts\/16324\/revisions"}],"wp:featuredmedia":[{"embeddable":true,"href":"https:\/\/www.lasrosas.com.ar\/portal\/wp-json\/wp\/v2\/media\/16330"}],"wp:attachment":[{"href":"https:\/\/www.lasrosas.com.ar\/portal\/wp-json\/wp\/v2\/media?parent=16324"}],"wp:term":[{"taxonomy":"category","embeddable":true,"href":"https:\/\/www.lasrosas.com.ar\/portal\/wp-json\/wp\/v2\/categories?post=16324"},{"taxonomy":"post_tag","embeddable":true,"href":"https:\/\/www.lasrosas.com.ar\/portal\/wp-json\/wp\/v2\/tags?post=16324"}],"curies":[{"name":"wp","href":"https:\/\/api.w.org\/{rel}","templated":true}]}}