{"id":16309,"date":"2019-06-27T11:08:38","date_gmt":"2019-06-27T14:08:38","guid":{"rendered":"https:\/\/www.lasrosas.com.ar\/portal\/?p=16309"},"modified":"2019-06-27T11:08:38","modified_gmt":"2019-06-27T14:08:38","slug":"almundo-celebra-el-dia-internacional-del-orgullo-lgbt","status":"publish","type":"post","link":"https:\/\/www.lasrosas.com.ar\/portal\/almundo-celebra-el-dia-internacional-del-orgullo-lgbt\/","title":{"rendered":"ALMUNDO CELEBRA EL D\u00cdA INTERNACIONAL DEL ORGULLO LGBT"},"content":{"rendered":"<h3><strong>La agencia de viajes Almundo conmemora el D\u00eda Internacional del Orgullo LGBT con ofertas incre\u00edbles.<\/strong><\/h3>\n<p>Un 28 de junio de 1959 ocurri\u00f3 en <strong>Estados Unidos<\/strong> un hecho que cambiar\u00eda la historia para siempre: se llevaron adelante una serie de manifestaciones espont\u00e1neas en contra de la persecuci\u00f3n a las minor\u00edas sexuales. Desde entonces, esta fecha se celebra en todo el mundo como una fiesta que reivindica a la libertad y el respeto por sobre todas las cosas.<\/p>\n<p>En este sentido, <strong>Almundo<\/strong>, fiel a su <strong><em>ADN<\/em><\/strong>, contin\u00faa ofreciendo alternativas para todos los p\u00fablicos a trav\u00e9s de su propuesta <strong><em>#AlMundoAColores<\/em><\/strong>. Esta iniciativa consta de una serie de productos especiales con ofertas 100% exclusivas para la comunidad <strong>LGBT<\/strong>, adem\u00e1s de tips y recomendaciones para disfrutar al m\u00e1ximo los destinos.<\/p>\n<p>Cada a\u00f1o, las distintas expresiones del<strong> Orgullo LGBT<\/strong> suman m\u00e1s y m\u00e1s adeptos en distintas ciudades alrededor del mundo. En<strong> Europa<\/strong>, <strong>Estados Unidos<\/strong> y <strong>Am\u00e9rica Latina<\/strong> durante junio y julio, <strong>Almundo<\/strong> recomienda a los viajeros que adem\u00e1s de disfrutar de sus destinos elegidos para pasar sus vacaciones, tambi\u00e9n puedan sumarse a los festejos y celebraciones caracter\u00edsticas de esta fecha:<\/p>\n<p><img decoding=\"async\" class=\"alignnone size-medium wp-image-16311 lazyload\" data-src=\"https:\/\/www.lasrosas.com.ar\/portal\/wp-content\/uploads\/madrid-960x720.jpg\" alt=\"\" width=\"960\" height=\"720\" data-srcset=\"https:\/\/www.lasrosas.com.ar\/portal\/wp-content\/uploads\/madrid-960x720.jpg 960w, https:\/\/www.lasrosas.com.ar\/portal\/wp-content\/uploads\/madrid-640x480.jpg 640w, https:\/\/www.lasrosas.com.ar\/portal\/wp-content\/uploads\/madrid-1920x1440.jpg 1920w\" data-sizes=\"(max-width: 960px) 100vw, 960px\" src=\"data:image\/svg+xml;base64,PHN2ZyB3aWR0aD0iMSIgaGVpZ2h0PSIxIiB4bWxucz0iaHR0cDovL3d3dy53My5vcmcvMjAwMC9zdmciPjwvc3ZnPg==\" style=\"--smush-placeholder-width: 960px; --smush-placeholder-aspect-ratio: 960\/720;\" \/><\/p>\n<p><strong>Madrid y Barcelona<\/strong><\/p>\n<p>En Madrid, por ejemplo, durante diez d\u00edas habr\u00e1 actividades que reunir\u00e1n a millones de personas. Los Expertos de<strong> Almundo<\/strong> recomiendan acudir a la capital espa\u00f1ola en esta fecha, ya que entre el 28 de junio y el 7 de julio de este a\u00f1o habr\u00e1 un programa de actividades sumamente interesantes, l\u00fadicas y divertidas; espect\u00e1culos, conciertos, exposiciones art\u00edsticas y conferencias. En este sentido, el 4 de julio se destaca la realizaci\u00f3n de la <strong>Carrera de Tacones, <\/strong>que propone a cada uno de los participantes vestirse a su gusto (desde ropa deportiva hasta sugerentes vestidos), pero utilizando tacos. En Barcelona, en tanto, la fiesta del Orgullo Gay dura 16 d\u00edas, desde el 15 hasta el 21 de junio. All\u00ed, habr\u00e1 conciertos, fiestas, desfiles y -sobretodo- mucho color.<\/p>\n<p><img decoding=\"async\" class=\"alignnone size-medium wp-image-16312 lazyload\" data-src=\"https:\/\/www.lasrosas.com.ar\/portal\/wp-content\/uploads\/new-york-960x720.jpg\" alt=\"\" width=\"960\" height=\"720\" data-srcset=\"https:\/\/www.lasrosas.com.ar\/portal\/wp-content\/uploads\/new-york-960x720.jpg 960w, https:\/\/www.lasrosas.com.ar\/portal\/wp-content\/uploads\/new-york-640x480.jpg 640w, https:\/\/www.lasrosas.com.ar\/portal\/wp-content\/uploads\/new-york-1920x1440.jpg 1920w\" data-sizes=\"(max-width: 960px) 100vw, 960px\" src=\"data:image\/svg+xml;base64,PHN2ZyB3aWR0aD0iMSIgaGVpZ2h0PSIxIiB4bWxucz0iaHR0cDovL3d3dy53My5vcmcvMjAwMC9zdmciPjwvc3ZnPg==\" style=\"--smush-placeholder-width: 960px; --smush-placeholder-aspect-ratio: 960\/720;\" \/><\/p>\n<p><strong>Nueva York y San Francisco<\/strong><\/p>\n<p>Del otro lado del<strong> Oc\u00e9ano Atl\u00e1ntico<\/strong>, en <strong>Estados Unidos<\/strong>, las ciudades de <strong>Nueva York<\/strong> y<strong> San Francisco<\/strong> tambi\u00e9n participar\u00e1n activamente de las celebraciones. Para quienes vayan a la <strong>Gran Manzana, Almundo<\/strong> recomienda asistir al desfile, que se llevar\u00e1 adelante el 30 de junio y del que participar\u00e1n m\u00e1s de 50 carrozas, m\u00fasica, baile y disfraces. Es una de las fiestas del Orgullo m\u00e1s importantes del mundo, que convoca a millones de participantes. En San Francisco, en tanto, la manifestaci\u00f3n ser\u00e1 el s\u00e1bado 29 y el domingo 30 de junio. Para ello, <strong>Almundo<\/strong> aconseja no perderse el desfile del domingo, lleno de m\u00fasica, color y alegr\u00eda, que se realizar\u00e1 en la calle <strong>Market<\/strong>, desde la calle Beale hasta la Octava.<\/p>\n<p><img decoding=\"async\" class=\"alignnone size-medium wp-image-16310 lazyload\" data-src=\"https:\/\/www.lasrosas.com.ar\/portal\/wp-content\/uploads\/brasil-960x720.jpg\" alt=\"\" width=\"960\" height=\"720\" data-srcset=\"https:\/\/www.lasrosas.com.ar\/portal\/wp-content\/uploads\/brasil-960x720.jpg 960w, https:\/\/www.lasrosas.com.ar\/portal\/wp-content\/uploads\/brasil-640x480.jpg 640w, https:\/\/www.lasrosas.com.ar\/portal\/wp-content\/uploads\/brasil-1920x1440.jpg 1920w\" data-sizes=\"(max-width: 960px) 100vw, 960px\" src=\"data:image\/svg+xml;base64,PHN2ZyB3aWR0aD0iMSIgaGVpZ2h0PSIxIiB4bWxucz0iaHR0cDovL3d3dy53My5vcmcvMjAwMC9zdmciPjwvc3ZnPg==\" style=\"--smush-placeholder-width: 960px; --smush-placeholder-aspect-ratio: 960\/720;\" \/><\/p>\n<p><strong>Am\u00e9rica Latina<\/strong><\/p>\n<p>Por otra parte, en Am\u00e9rica Latina, las fiestas en ciudades como <strong>San Pablo, Buenos Aires, Bogot\u00e1 o Ciudad de M\u00e9xico<\/strong> se convirtieron en un cl\u00e1sico desde hace varios a\u00f1os, donde los colores del arcoiris son principal bandera.<\/p>\n<p><strong><em>\u00ab#AlMundoAColores significa un paso importante hacia un mundo m\u00e1s inclusivo y muestra el compromiso de la empresa, que busca ofrecer la mayor cantidad de opciones de viajes para todas las personas. Es una enorme oportunidad para que todos los miembros de la comunidad encuentren diferentes productos para disfrutar al m\u00e1ximo sus viajes, gracias a una amplia variedad de destinos, paquetes y hospedajes\u00bb<\/em><\/strong>, asegur\u00f3 <strong>Francisco Vigo<\/strong>, Country Manager de Almundo.<\/p>\n<p>Cabe destacar que la propuesta <strong><em>#AlmundoAColores<\/em><\/strong> pone a disposici\u00f3n paquetes y promociones exclusivas en ciudades amigables con la Comunidad LGBT. En este sentido, se destaca el paquete<strong> Crazy Party Ibiza<\/strong>, de 8 d\u00edas y 5 noches de duraci\u00f3n, que incluye: vuelos de ida y vuelta entre <strong>Buenos Aires<\/strong> e <strong>Ibiza<\/strong>; y hospedaje en el <strong>Hotel Ryans La Marina.<\/strong><\/p>\n<!-- AddThis Advanced Settings generic via filter on the_content --><!-- AddThis Share Buttons generic via filter on the_content -->","protected":false},"excerpt":{"rendered":"<p>La agencia de viajes Almundo conmemora el D\u00eda Internacional del Orgullo LGBT con ofertas incre\u00edbles. Un 28 de junio de 1959 ocurri\u00f3 en Estados Unidos un hecho que cambiar\u00eda la historia para siempre: se llevaron adelante una serie de manifestaciones espont\u00e1neas en contra de la persecuci\u00f3n a las minor\u00edas sexuales. Desde entonces, esta fecha se [&hellip;]<!-- AddThis Advanced Settings generic via filter on get_the_excerpt --><!-- AddThis Share Buttons generic via filter on get_the_excerpt --><\/p>\n","protected":false},"author":6,"featured_media":16313,"comment_status":"closed","ping_status":"open","sticky":false,"template":"","format":"standard","meta":{"_acf_changed":false,"om_disable_all_campaigns":false,"_monsterinsights_skip_tracking":false,"_monsterinsights_sitenote_active":false,"_monsterinsights_sitenote_note":"","_monsterinsights_sitenote_category":0,"_uf_show_specific_survey":0,"_uf_disable_surveys":false,"footnotes":""},"categories":[26],"tags":[],"class_list":["post-16309","post","type-post","status-publish","format-standard","has-post-thumbnail","hentry","category-negocios"],"acf":[],"aioseo_notices":[],"_links":{"self":[{"href":"https:\/\/www.lasrosas.com.ar\/portal\/wp-json\/wp\/v2\/posts\/16309","targetHints":{"allow":["GET"]}}],"collection":[{"href":"https:\/\/www.lasrosas.com.ar\/portal\/wp-json\/wp\/v2\/posts"}],"about":[{"href":"https:\/\/www.lasrosas.com.ar\/portal\/wp-json\/wp\/v2\/types\/post"}],"author":[{"embeddable":true,"href":"https:\/\/www.lasrosas.com.ar\/portal\/wp-json\/wp\/v2\/users\/6"}],"replies":[{"embeddable":true,"href":"https:\/\/www.lasrosas.com.ar\/portal\/wp-json\/wp\/v2\/comments?post=16309"}],"version-history":[{"count":0,"href":"https:\/\/www.lasrosas.com.ar\/portal\/wp-json\/wp\/v2\/posts\/16309\/revisions"}],"wp:featuredmedia":[{"embeddable":true,"href":"https:\/\/www.lasrosas.com.ar\/portal\/wp-json\/wp\/v2\/media\/16313"}],"wp:attachment":[{"href":"https:\/\/www.lasrosas.com.ar\/portal\/wp-json\/wp\/v2\/media?parent=16309"}],"wp:term":[{"taxonomy":"category","embeddable":true,"href":"https:\/\/www.lasrosas.com.ar\/portal\/wp-json\/wp\/v2\/categories?post=16309"},{"taxonomy":"post_tag","embeddable":true,"href":"https:\/\/www.lasrosas.com.ar\/portal\/wp-json\/wp\/v2\/tags?post=16309"}],"curies":[{"name":"wp","href":"https:\/\/api.w.org\/{rel}","templated":true}]}}