{"id":16134,"date":"2019-06-24T16:24:26","date_gmt":"2019-06-24T19:24:26","guid":{"rendered":"https:\/\/www.lasrosas.com.ar\/portal\/?p=16134"},"modified":"2019-06-24T16:24:26","modified_gmt":"2019-06-24T19:24:26","slug":"patologias-de-invierno-como-evitar-contagiarse-de-las-enfermedades-mas-comunes","status":"publish","type":"post","link":"https:\/\/www.lasrosas.com.ar\/portal\/patologias-de-invierno-como-evitar-contagiarse-de-las-enfermedades-mas-comunes\/","title":{"rendered":"PATOLOG\u00cdAS DE INVIERNO: C\u00d3MO EVITAR CONTAGIARSE DE LAS ENFERMEDADES M\u00c1S COMUNES"},"content":{"rendered":"<p style=\"text-align: right;\"><strong>Por Mosc\u00fa Agencia\u00a0<\/strong><\/p>\n<h3 style=\"font-weight: 400;\"><strong>Con la llegada de la \u00e9poca invernal se intensifican las consultas por patolog\u00edas respiratorias, siendo las m\u00e1s frecuentes los resfr\u00edos, gripes, bronquitis, faringitis y neumon\u00edas.\u00a0Valeria El Haj, Directora M\u00e9dica de vittal, nos brinda algunos consejos para poder atravesar las bajas temperaturas de una forma saludable.<\/strong><\/h3>\n<p style=\"font-weight: 400;\">La llegada del invierno ya no solo significa que las bajas temperaturas reinar\u00e1n la rutina por los pr\u00f3ximos meses, sino que tambi\u00e9n empieza el per\u00edodo donde las enfermedades m\u00e1s comunes empiezan a proliferar.<\/p>\n<p style=\"font-weight: 400;\">En estos meses, la poblaci\u00f3n m\u00e1s vulnerable son los ni\u00f1os menores de 5 a\u00f1os y los adultos mayores. \u201cCabe destacar que la mayor\u00eda de las enfermedades invernales son causadas por virus, y otras por bacterias; a esto hay que sumar que los cuidados deben extremarse porque al ser respiratorias, son de f\u00e1cil contagio entre las personas\u201d, afirma la\u00a0<strong>Dra Valeria El Haj, Directora M\u00e9dica de vittal<\/strong>.<\/p>\n<p style=\"font-weight: 400;\">Seg\u00fan la Dra El Haj, las m\u00e1s frecuentes son:<\/p>\n<p style=\"font-weight: 400;\"><strong>Resfr\u00edo:\u00a0<\/strong>Su duraci\u00f3n es de 3 a 5 d\u00edas y provocan s\u00edntomas como congesti\u00f3n o secreci\u00f3n nasal, tos, estornudos, dolor de garganta, fiebre baja y dolores de cabeza.<\/p>\n<p style=\"font-weight: 400;\"><strong>Gripe:\u00a0<\/strong>Su duraci\u00f3n es entre 5 y 10 d\u00edas. Presenta s\u00edntomas similares al resfr\u00edo, pero m\u00e1s intensos con dolor muscular y fatiga.<\/p>\n<p style=\"font-weight: 400;\"><strong>Bronquitis<\/strong>: Puede ser una bronquitis aguda, o bien una bronquitis cr\u00f3nica que se agudiza en la \u00e9poca. Se presenta con tos persistente con expectoraci\u00f3n, fiebre, cansancio, decaimiento, dificultad para respirar y dolor en la parrilla costal.<\/p>\n<p style=\"font-weight: 400;\"><strong>Faringitis:\u00a0<\/strong>Se manifiesta con dolor de garganta intenso, fiebre, dolor de cabeza, dolor muscular e inflamaci\u00f3n ganglionar en el cuello.<\/p>\n<p style=\"font-weight: 400;\"><strong>Neumon\u00eda:\u00a0<\/strong>Es la principal causa de internaci\u00f3n en esta \u00e9poca del a\u00f1o. Presenta fiebre alta, dolor de espalda, tos con expectoraci\u00f3n y malestar general con presencia de dolores musculares.<\/p>\n<p style=\"font-weight: 400;\">Conociendo y detallando las enfermedades m\u00e1s recurrentes, es posible establecer las formas m\u00e1s recomendables para evitar el contagio y la propagaci\u00f3n de g\u00e9rmenes.<\/p>\n<ul>\n<li style=\"font-weight: 400;\">Ventilar la casa durante el d\u00eda, aproximadamente unos 20 minutos.<\/li>\n<li style=\"font-weight: 400;\">Cubrirse la boca al toser o estornudar usando el antebrazo.<\/li>\n<li style=\"font-weight: 400;\">Lavar de manera habitual las manos con agua y jab\u00f3n.<\/li>\n<li style=\"font-weight: 400;\">Evitar cambios de temperatura bruscos.<\/li>\n<li style=\"font-weight: 400;\">Vacunarse contra la influenza y el neumococo es la medida de prevenci\u00f3n m\u00e1s eficaz en aquellas personas vulnerables.<\/li>\n<li style=\"font-weight: 400;\">Evitar el contacto directo con personas contagiadas.<\/li>\n<li style=\"font-weight: 400;\">Consumir alimentos con alto porcentaje de vitamina C, como kiwi, c\u00edtricos, br\u00f3coli, espinaca, tomate y repollo, por mencionar algunas.<\/li>\n<li style=\"font-weight: 400;\">Utilizar pa\u00f1uelos descartables, ya que impiden que los riesgos de \u201creinfectar\u201d a trav\u00e9s de las manos.<\/li>\n<\/ul>\n<!-- AddThis Advanced Settings generic via filter on the_content --><!-- AddThis Share Buttons generic via filter on the_content -->","protected":false},"excerpt":{"rendered":"<p>Por Mosc\u00fa Agencia\u00a0 Con la llegada de la \u00e9poca invernal se intensifican las consultas por patolog\u00edas respiratorias, siendo las m\u00e1s frecuentes los resfr\u00edos, gripes, bronquitis, faringitis y neumon\u00edas.\u00a0Valeria El Haj, Directora M\u00e9dica de vittal, nos brinda algunos consejos para poder atravesar las bajas temperaturas de una forma saludable. La llegada del invierno ya no solo [&hellip;]<!-- AddThis Advanced Settings generic via filter on get_the_excerpt --><!-- AddThis Share Buttons generic via filter on get_the_excerpt --><\/p>\n","protected":false},"author":6,"featured_media":16135,"comment_status":"closed","ping_status":"open","sticky":false,"template":"","format":"standard","meta":{"_acf_changed":false,"om_disable_all_campaigns":false,"_monsterinsights_skip_tracking":false,"_monsterinsights_sitenote_active":false,"_monsterinsights_sitenote_note":"","_monsterinsights_sitenote_category":0,"_uf_show_specific_survey":0,"_uf_disable_surveys":false,"footnotes":""},"categories":[376],"tags":[],"class_list":["post-16134","post","type-post","status-publish","format-standard","has-post-thumbnail","hentry","category-lifestyle"],"acf":[],"aioseo_notices":[],"_links":{"self":[{"href":"https:\/\/www.lasrosas.com.ar\/portal\/wp-json\/wp\/v2\/posts\/16134","targetHints":{"allow":["GET"]}}],"collection":[{"href":"https:\/\/www.lasrosas.com.ar\/portal\/wp-json\/wp\/v2\/posts"}],"about":[{"href":"https:\/\/www.lasrosas.com.ar\/portal\/wp-json\/wp\/v2\/types\/post"}],"author":[{"embeddable":true,"href":"https:\/\/www.lasrosas.com.ar\/portal\/wp-json\/wp\/v2\/users\/6"}],"replies":[{"embeddable":true,"href":"https:\/\/www.lasrosas.com.ar\/portal\/wp-json\/wp\/v2\/comments?post=16134"}],"version-history":[{"count":0,"href":"https:\/\/www.lasrosas.com.ar\/portal\/wp-json\/wp\/v2\/posts\/16134\/revisions"}],"wp:featuredmedia":[{"embeddable":true,"href":"https:\/\/www.lasrosas.com.ar\/portal\/wp-json\/wp\/v2\/media\/16135"}],"wp:attachment":[{"href":"https:\/\/www.lasrosas.com.ar\/portal\/wp-json\/wp\/v2\/media?parent=16134"}],"wp:term":[{"taxonomy":"category","embeddable":true,"href":"https:\/\/www.lasrosas.com.ar\/portal\/wp-json\/wp\/v2\/categories?post=16134"},{"taxonomy":"post_tag","embeddable":true,"href":"https:\/\/www.lasrosas.com.ar\/portal\/wp-json\/wp\/v2\/tags?post=16134"}],"curies":[{"name":"wp","href":"https:\/\/api.w.org\/{rel}","templated":true}]}}