{"id":16016,"date":"2019-06-19T11:55:39","date_gmt":"2019-06-19T14:55:39","guid":{"rendered":"https:\/\/www.lasrosas.com.ar\/portal\/?p=16016"},"modified":"2019-06-19T14:02:32","modified_gmt":"2019-06-19T17:02:32","slug":"maria-magdalena-la-serie-colombiana-que-provoca","status":"publish","type":"post","link":"https:\/\/www.lasrosas.com.ar\/portal\/maria-magdalena-la-serie-colombiana-que-provoca\/","title":{"rendered":"\u201cMARIA MAGDALENA\u201d, LA SERIE COLOMBIANA QUE PROVOCA"},"content":{"rendered":"<p style=\"text-align: right;\"><strong>POR IGNACIO FERREYRA<\/strong><br \/>\n<strong>@nashinxcess<\/strong><\/p>\n<h3><strong>\u201cMar\u00eda Magdalena\u201d, el personaje b\u00edblico que todos conocemos, llega a la pantalla chica, de la mano de Sony Pictures y Dopamine, con una s\u00faper producci\u00f3n colombiana, que pone bajo la lupa a esta hist\u00f3rica mujer.<\/strong><\/h3>\n<p><strong>Netflix<\/strong> nos trae una propuesta diferente, si bien la serie ya se hab\u00eda emitido por <strong>TV Azteca<\/strong> para el p\u00fablico mexicano, llega al resto de latinoam\u00e9rica bajo el grande del streaming.<\/p>\n<p><strong>Maria Magdalena<\/strong> (protagonizada por <strong>Mar\u00eda Fernanda Yepes<\/strong>), nos muestra la vida de una mujer, que, a diferencia de sus otras versiones, es parte de la \u201crealeza\u201d de la \u00e9poca; qui\u00e9n es obligada a contraer matrimonio con Ur (<strong>Claudio Cata\u00f1o<\/strong>) que solo busca quedarse con la fortuna de qui\u00e9n ser\u00e1 su esposa y su suegro.<\/p>\n<p>Afortunadamente ella logra escapar de este compromiso pero luego tiene el infortunio de conocer al oficial romano: <strong>Cayo Valerio<\/strong> (<strong>Luis Roberto Guzm\u00e1n<\/strong>) de quien se enamora perdidamente. Luego, para seguir su mala racha, es vendida a un prost\u00edbulo donde suceden varios acontecimientos que la llevan a situaciones extremadamente peligrosas hasta conocer a Jes\u00fas.<\/p>\n<p>Si bien podemos caer en la mala pasada de no consumir la serie por ser un tema al que ya la mayor\u00eda de la sociedad est\u00e1 un poco alejado, deber\u00edan darle una oportunidad, ya que este personaje es diferente y destaca atributos de empoderamiento y feminismo muy bien logrados para la \u00e9poca en la que se desarrollan los sucesos.<\/p>\n<p><em><strong>#LoQueMasMeGusto<\/strong><\/em><br \/>\nEl personaje de \u201cMar\u00eda Magdalena\u201d es construido por encima de los hombres, y en un nivel intelectual mucho m\u00e1s alto que el de ellos.<\/p>\n<p><strong><em>#LoQueMenosMeGusto<\/em><\/strong><br \/>\nNo se la jugaron un poco m\u00e1s con la historia de amor entre la protagonista y Jes\u00fas.<\/p>\n<p><img decoding=\"async\" class=\"alignnone size-medium wp-image-16017 lazyload\" data-src=\"https:\/\/www.lasrosas.com.ar\/portal\/wp-content\/uploads\/COLUMNA-NACHO-FERREYRA-1-648x960.jpg\" alt=\"\" width=\"648\" height=\"960\" data-srcset=\"https:\/\/www.lasrosas.com.ar\/portal\/wp-content\/uploads\/COLUMNA-NACHO-FERREYRA-1-648x960.jpg 648w, https:\/\/www.lasrosas.com.ar\/portal\/wp-content\/uploads\/COLUMNA-NACHO-FERREYRA-1-1296x1920.jpg 1296w, https:\/\/www.lasrosas.com.ar\/portal\/wp-content\/uploads\/COLUMNA-NACHO-FERREYRA-1.jpg 1500w\" data-sizes=\"(max-width: 648px) 100vw, 648px\" src=\"data:image\/svg+xml;base64,PHN2ZyB3aWR0aD0iMSIgaGVpZ2h0PSIxIiB4bWxucz0iaHR0cDovL3d3dy53My5vcmcvMjAwMC9zdmciPjwvc3ZnPg==\" style=\"--smush-placeholder-width: 648px; --smush-placeholder-aspect-ratio: 648\/960;\" \/><\/p>\n<p><strong>#EstrenosDestacados<\/strong><br \/>\n\u201cI am Mother\u201d.<br \/>\n\u201cDark\u201d- Temporada 2.<\/p>\n<p>AGRADECIMIENTOS:<br \/>\n&#8211; Valeria Sul\/ @val.sul<br \/>\n&#8211; Ro Digliodo\/ @rodigliodomakeupp<br \/>\n&#8211; Divinorum\/ @tiendadivinorum<\/p>\n<!-- AddThis Advanced Settings generic via filter on the_content --><!-- AddThis Share Buttons generic via filter on the_content -->","protected":false},"excerpt":{"rendered":"<p>POR IGNACIO FERREYRA @nashinxcess \u201cMar\u00eda Magdalena\u201d, el personaje b\u00edblico que todos conocemos, llega a la pantalla chica, de la mano de Sony Pictures y Dopamine, con una s\u00faper producci\u00f3n colombiana, que pone bajo la lupa a esta hist\u00f3rica mujer. Netflix nos trae una propuesta diferente, si bien la serie ya se hab\u00eda emitido por TV [&hellip;]<!-- AddThis Advanced Settings generic via filter on get_the_excerpt --><!-- AddThis Share Buttons generic via filter on get_the_excerpt --><\/p>\n","protected":false},"author":6,"featured_media":16018,"comment_status":"closed","ping_status":"open","sticky":false,"template":"","format":"standard","meta":{"_acf_changed":false,"om_disable_all_campaigns":false,"_monsterinsights_skip_tracking":false,"_monsterinsights_sitenote_active":false,"_monsterinsights_sitenote_note":"","_monsterinsights_sitenote_category":0,"_uf_show_specific_survey":0,"_uf_disable_surveys":false,"footnotes":""},"categories":[100],"tags":[],"class_list":["post-16016","post","type-post","status-publish","format-standard","has-post-thumbnail","hentry","category-noticias"],"acf":[],"aioseo_notices":[],"_links":{"self":[{"href":"https:\/\/www.lasrosas.com.ar\/portal\/wp-json\/wp\/v2\/posts\/16016","targetHints":{"allow":["GET"]}}],"collection":[{"href":"https:\/\/www.lasrosas.com.ar\/portal\/wp-json\/wp\/v2\/posts"}],"about":[{"href":"https:\/\/www.lasrosas.com.ar\/portal\/wp-json\/wp\/v2\/types\/post"}],"author":[{"embeddable":true,"href":"https:\/\/www.lasrosas.com.ar\/portal\/wp-json\/wp\/v2\/users\/6"}],"replies":[{"embeddable":true,"href":"https:\/\/www.lasrosas.com.ar\/portal\/wp-json\/wp\/v2\/comments?post=16016"}],"version-history":[{"count":0,"href":"https:\/\/www.lasrosas.com.ar\/portal\/wp-json\/wp\/v2\/posts\/16016\/revisions"}],"wp:featuredmedia":[{"embeddable":true,"href":"https:\/\/www.lasrosas.com.ar\/portal\/wp-json\/wp\/v2\/media\/16018"}],"wp:attachment":[{"href":"https:\/\/www.lasrosas.com.ar\/portal\/wp-json\/wp\/v2\/media?parent=16016"}],"wp:term":[{"taxonomy":"category","embeddable":true,"href":"https:\/\/www.lasrosas.com.ar\/portal\/wp-json\/wp\/v2\/categories?post=16016"},{"taxonomy":"post_tag","embeddable":true,"href":"https:\/\/www.lasrosas.com.ar\/portal\/wp-json\/wp\/v2\/tags?post=16016"}],"curies":[{"name":"wp","href":"https:\/\/api.w.org\/{rel}","templated":true}]}}