{"id":15945,"date":"2019-06-18T10:44:46","date_gmt":"2019-06-18T13:44:46","guid":{"rendered":"https:\/\/www.lasrosas.com.ar\/portal\/?p=15945"},"modified":"2019-06-18T10:44:46","modified_gmt":"2019-06-18T13:44:46","slug":"ficcionidades","status":"publish","type":"post","link":"https:\/\/www.lasrosas.com.ar\/portal\/ficcionidades\/","title":{"rendered":"FICCIONIDADES"},"content":{"rendered":"<p style=\"text-align: right;\"><strong>Por Bel\u00e9n Wonda<\/strong><\/p>\n<h3><strong>Se trata de la exposici\u00f3n que presenta Mar\u00eda Wonda Gallery,\u00a0 en el marco de \u201cC\u00f3rdoba Muestra\u201d, la primera Feria federal en C\u00f3rdoba de Arquitectura, Interiorismo y Dise\u00f1o, desarrollada \u00a0en el Castillo del Jockey y organizada por los Arquitectos Santiago Bertotti y Agustina Allende Posse.<\/strong><\/h3>\n<p><img decoding=\"async\" class=\"alignnone size-medium wp-image-15950 lazyload\" data-src=\"https:\/\/www.lasrosas.com.ar\/portal\/wp-content\/uploads\/BELEN-WONDA-2-960x640.jpg\" alt=\"\" width=\"960\" height=\"640\" data-srcset=\"https:\/\/www.lasrosas.com.ar\/portal\/wp-content\/uploads\/BELEN-WONDA-2-960x640.jpg 960w, https:\/\/www.lasrosas.com.ar\/portal\/wp-content\/uploads\/BELEN-WONDA-2-1920x1280.jpg 1920w\" data-sizes=\"(max-width: 960px) 100vw, 960px\" src=\"data:image\/svg+xml;base64,PHN2ZyB3aWR0aD0iMSIgaGVpZ2h0PSIxIiB4bWxucz0iaHR0cDovL3d3dy53My5vcmcvMjAwMC9zdmciPjwvc3ZnPg==\" style=\"--smush-placeholder-width: 960px; --smush-placeholder-aspect-ratio: 960\/640;\" \/><\/p>\n<p>Junto a la arquitecta <strong>Natalia S\u00e1nchez<\/strong>,\u00a0 se present\u00f3 una propuesta escenogr\u00e1fica, con el objetivo de elegir distintos materiales que construyan un espacio sin precedentes, en el que el protagonismo lo lleva la obra. Es un \u00e1mbito exquisito de intimidad y dramatismo, \u00a0donde el espectador\u00a0 puede interactuar con distintos lenguajes.<\/p>\n<p>La muestra colectiva, curada por el <em><strong>Arq. Pedro David Cufre<\/strong><\/em>, convoca m\u00e1s de ocho artistas de distintas provincias: <strong>Trinidad Caminos, Emanuel Celiz, Eliseo Miciu, Alejandro Pasquale, Ana Rizzi, Pablo Rocha, Nicol\u00e1s Walker y Silvio Tinello.<\/strong><\/p>\n<p>Todos hablan de pluralidad, siendo su curador \u00a0quien crea esta nueva palabra llamada <em><strong>\u201cFiccionidades\u201d<\/strong><\/em>. Formado por los t\u00e9rminos <strong><em>\u201cficci\u00f3n\u201d<\/em><\/strong> y <em><strong>\u201crealidad\u201d<\/strong><\/em>, es un concepto capaz de definir los resultados de los complejos procesos art\u00edsticos llevados adelante en las obras. Y si lo real es aquello que existe en el mundo que nos rodea, y lo ficcional, lo que predomina en la imaginaci\u00f3n, <em><strong>\u201cFiccionidades\u201d<\/strong><\/em> son aquello que surge del choque creativo entre ambos universos.<\/p>\n<p><img decoding=\"async\" class=\"alignnone size-medium wp-image-15951 lazyload\" data-src=\"https:\/\/www.lasrosas.com.ar\/portal\/wp-content\/uploads\/BELEN-WONDA-3-960x649.jpg\" alt=\"\" width=\"960\" height=\"649\" data-srcset=\"https:\/\/www.lasrosas.com.ar\/portal\/wp-content\/uploads\/BELEN-WONDA-3-960x649.jpg 960w, https:\/\/www.lasrosas.com.ar\/portal\/wp-content\/uploads\/BELEN-WONDA-3-1920x1299.jpg 1920w\" data-sizes=\"(max-width: 960px) 100vw, 960px\" src=\"data:image\/svg+xml;base64,PHN2ZyB3aWR0aD0iMSIgaGVpZ2h0PSIxIiB4bWxucz0iaHR0cDovL3d3dy53My5vcmcvMjAwMC9zdmciPjwvc3ZnPg==\" style=\"--smush-placeholder-width: 960px; --smush-placeholder-aspect-ratio: 960\/649;\" \/><\/p>\n<p><strong>\u201c\u2026Nuestra propuesta consisti\u00f3 en poner en di\u00e1logo distintos lenguajes, haciendo foco en una puesta escenogr\u00e1fica dotada de dramatismo e intimidad, tanto en lo expositivo como en lo conceptual, promoviendo esa interacci\u00f3n \u00fanica de \u2018p\u00fablico- obra\u2019 que requiere la contemporaneidad, construyendo un relato capaz de interpelarnos, no persuadiendo sino sugiriendo\u2026\u201d \u00a0<\/strong><\/p>\n<!-- AddThis Advanced Settings generic via filter on the_content --><!-- AddThis Share Buttons generic via filter on the_content -->","protected":false},"excerpt":{"rendered":"<p>Por Bel\u00e9n Wonda Se trata de la exposici\u00f3n que presenta Mar\u00eda Wonda Gallery,\u00a0 en el marco de \u201cC\u00f3rdoba Muestra\u201d, la primera Feria federal en C\u00f3rdoba de Arquitectura, Interiorismo y Dise\u00f1o, desarrollada \u00a0en el Castillo del Jockey y organizada por los Arquitectos Santiago Bertotti y Agustina Allende Posse. Junto a la arquitecta Natalia S\u00e1nchez,\u00a0 se present\u00f3 [&hellip;]<!-- AddThis Advanced Settings generic via filter on get_the_excerpt --><!-- AddThis Share Buttons generic via filter on get_the_excerpt --><\/p>\n","protected":false},"author":6,"featured_media":15949,"comment_status":"closed","ping_status":"open","sticky":false,"template":"","format":"standard","meta":{"_acf_changed":false,"om_disable_all_campaigns":false,"_monsterinsights_skip_tracking":false,"_monsterinsights_sitenote_active":false,"_monsterinsights_sitenote_note":"","_monsterinsights_sitenote_category":0,"_uf_show_specific_survey":0,"_uf_disable_surveys":false,"footnotes":""},"categories":[31],"tags":[],"class_list":["post-15945","post","type-post","status-publish","format-standard","has-post-thumbnail","hentry","category-arquitectura-decoracion"],"acf":[],"aioseo_notices":[],"_links":{"self":[{"href":"https:\/\/www.lasrosas.com.ar\/portal\/wp-json\/wp\/v2\/posts\/15945","targetHints":{"allow":["GET"]}}],"collection":[{"href":"https:\/\/www.lasrosas.com.ar\/portal\/wp-json\/wp\/v2\/posts"}],"about":[{"href":"https:\/\/www.lasrosas.com.ar\/portal\/wp-json\/wp\/v2\/types\/post"}],"author":[{"embeddable":true,"href":"https:\/\/www.lasrosas.com.ar\/portal\/wp-json\/wp\/v2\/users\/6"}],"replies":[{"embeddable":true,"href":"https:\/\/www.lasrosas.com.ar\/portal\/wp-json\/wp\/v2\/comments?post=15945"}],"version-history":[{"count":0,"href":"https:\/\/www.lasrosas.com.ar\/portal\/wp-json\/wp\/v2\/posts\/15945\/revisions"}],"wp:featuredmedia":[{"embeddable":true,"href":"https:\/\/www.lasrosas.com.ar\/portal\/wp-json\/wp\/v2\/media\/15949"}],"wp:attachment":[{"href":"https:\/\/www.lasrosas.com.ar\/portal\/wp-json\/wp\/v2\/media?parent=15945"}],"wp:term":[{"taxonomy":"category","embeddable":true,"href":"https:\/\/www.lasrosas.com.ar\/portal\/wp-json\/wp\/v2\/categories?post=15945"},{"taxonomy":"post_tag","embeddable":true,"href":"https:\/\/www.lasrosas.com.ar\/portal\/wp-json\/wp\/v2\/tags?post=15945"}],"curies":[{"name":"wp","href":"https:\/\/api.w.org\/{rel}","templated":true}]}}