{"id":15856,"date":"2019-06-13T12:51:58","date_gmt":"2019-06-13T15:51:58","guid":{"rendered":"https:\/\/www.lasrosas.com.ar\/portal\/?p=15856"},"modified":"2019-06-13T12:51:58","modified_gmt":"2019-06-13T15:51:58","slug":"la-importancia-de-tener-un-plan","status":"publish","type":"post","link":"https:\/\/www.lasrosas.com.ar\/portal\/la-importancia-de-tener-un-plan\/","title":{"rendered":"LA IMPORTANCIA DE TENER UN PLAN"},"content":{"rendered":"<p style=\"text-align: right;\"><strong>POR ALE TAVARONE<br \/>\n<\/strong><strong>Fotos: <\/strong><strong>Nattalina Severino<\/strong><\/p>\n<h3><strong>Estamos pasando por momentos dif\u00edciles. La incertidumbre ha generado una sociedad poco tolerante y con varios frentes de batalla a los cuales darles pelea. Pero en este contexto, lo importante es saber qu\u00e9 y c\u00f3mo tener un plan.<\/strong><\/h3>\n<p><img decoding=\"async\" class=\"alignnone size-medium wp-image-15858 lazyload\" data-src=\"https:\/\/www.lasrosas.com.ar\/portal\/wp-content\/uploads\/ALE-TAVARONE-1-960x720.jpg\" alt=\"\" width=\"960\" height=\"720\" data-srcset=\"https:\/\/www.lasrosas.com.ar\/portal\/wp-content\/uploads\/ALE-TAVARONE-1-960x720.jpg 960w, https:\/\/www.lasrosas.com.ar\/portal\/wp-content\/uploads\/ALE-TAVARONE-1-640x480.jpg 640w, https:\/\/www.lasrosas.com.ar\/portal\/wp-content\/uploads\/ALE-TAVARONE-1-1920x1440.jpg 1920w\" data-sizes=\"(max-width: 960px) 100vw, 960px\" src=\"data:image\/svg+xml;base64,PHN2ZyB3aWR0aD0iMSIgaGVpZ2h0PSIxIiB4bWxucz0iaHR0cDovL3d3dy53My5vcmcvMjAwMC9zdmciPjwvc3ZnPg==\" style=\"--smush-placeholder-width: 960px; --smush-placeholder-aspect-ratio: 960\/720;\" \/><\/p>\n<p>Personas pasando por problemas econ\u00f3micos, los cambios tecnol\u00f3gicos que modifican las reglas del juego todo el tiempo, la competencia laboral, las altas y bajas en las empresas y muchas otras situaciones, hacen que tengamos que luchar continuamente para mantenernos a flote. A todo esto, hay que agregarle que varios han tenido que tomar trabajos que no tienen nada que ver\u00a0 con sus proyectos originales y esto, en definitiva, \u00a0no trae ninguna satisfacci\u00f3n.<\/p>\n<p>En este contexto, la importancia de tener un plan radica en encontrar el ox\u00edgeno para la mente, la calma o simplemente el sentido a la vida. Hablo de tener un programa de fin de semana, o por qu\u00e9 no animarse a m\u00e1s \u00a0y tener un prop\u00f3sito de vida lo suficientemente atractivo como para ubicarnos por encima de los problemas de cada d\u00eda.<\/p>\n<p><img decoding=\"async\" class=\"alignnone size-medium wp-image-15859 lazyload\" data-src=\"https:\/\/www.lasrosas.com.ar\/portal\/wp-content\/uploads\/ALE-TAVARONE-2-960x720.jpg\" alt=\"\" width=\"960\" height=\"720\" data-srcset=\"https:\/\/www.lasrosas.com.ar\/portal\/wp-content\/uploads\/ALE-TAVARONE-2-960x720.jpg 960w, https:\/\/www.lasrosas.com.ar\/portal\/wp-content\/uploads\/ALE-TAVARONE-2-640x480.jpg 640w, https:\/\/www.lasrosas.com.ar\/portal\/wp-content\/uploads\/ALE-TAVARONE-2-1920x1440.jpg 1920w\" data-sizes=\"(max-width: 960px) 100vw, 960px\" src=\"data:image\/svg+xml;base64,PHN2ZyB3aWR0aD0iMSIgaGVpZ2h0PSIxIiB4bWxucz0iaHR0cDovL3d3dy53My5vcmcvMjAwMC9zdmciPjwvc3ZnPg==\" style=\"--smush-placeholder-width: 960px; --smush-placeholder-aspect-ratio: 960\/720;\" \/><\/p>\n<p>En mi caso, hace un a\u00f1o que tome una decisi\u00f3n: cambi\u00e9 mi trabajo de diez a\u00f1os de antig\u00fcedad; supongo que como a la mayor\u00eda, al principio con miedo, pero lo hice igual. Hoy, tengo El Plan, un deseo que voy caminando con altas y bajas, pero siempre para adelante, en el que cocino, viajo, disfruto con amigos y enfrento desaf\u00edos constantes.<\/p>\n<p><strong><em>\u201c\u2026 La importancia de tener un plan radica en encontrar el ox\u00edgeno para la mente, la calma o simplemente el sentido a la vida\u2026\u201d<\/em><\/strong><\/p>\n<p>Los invito a que miren el programa todos los domingos, a la medianoche, por Canal Doce y por mi canal de YouTube (Ale Tavarone- El Plan), y se animen a romper estructuras en el medio de tanta realidad.<\/p>\n<p>&nbsp;<\/p>\n<p>&nbsp;<\/p>\n<!-- AddThis Advanced Settings generic via filter on the_content --><!-- AddThis Share Buttons generic via filter on the_content -->","protected":false},"excerpt":{"rendered":"<p>POR ALE TAVARONE Fotos: Nattalina Severino Estamos pasando por momentos dif\u00edciles. La incertidumbre ha generado una sociedad poco tolerante y con varios frentes de batalla a los cuales darles pelea. Pero en este contexto, lo importante es saber qu\u00e9 y c\u00f3mo tener un plan. Personas pasando por problemas econ\u00f3micos, los cambios tecnol\u00f3gicos que modifican las [&hellip;]<!-- AddThis Advanced Settings generic via filter on get_the_excerpt --><!-- AddThis Share Buttons generic via filter on get_the_excerpt --><\/p>\n","protected":false},"author":6,"featured_media":15857,"comment_status":"closed","ping_status":"open","sticky":false,"template":"","format":"standard","meta":{"_acf_changed":false,"om_disable_all_campaigns":false,"_monsterinsights_skip_tracking":false,"_monsterinsights_sitenote_active":false,"_monsterinsights_sitenote_note":"","_monsterinsights_sitenote_category":0,"_uf_show_specific_survey":0,"_uf_disable_surveys":false,"footnotes":""},"categories":[376],"tags":[],"class_list":["post-15856","post","type-post","status-publish","format-standard","has-post-thumbnail","hentry","category-lifestyle"],"acf":[],"aioseo_notices":[],"_links":{"self":[{"href":"https:\/\/www.lasrosas.com.ar\/portal\/wp-json\/wp\/v2\/posts\/15856","targetHints":{"allow":["GET"]}}],"collection":[{"href":"https:\/\/www.lasrosas.com.ar\/portal\/wp-json\/wp\/v2\/posts"}],"about":[{"href":"https:\/\/www.lasrosas.com.ar\/portal\/wp-json\/wp\/v2\/types\/post"}],"author":[{"embeddable":true,"href":"https:\/\/www.lasrosas.com.ar\/portal\/wp-json\/wp\/v2\/users\/6"}],"replies":[{"embeddable":true,"href":"https:\/\/www.lasrosas.com.ar\/portal\/wp-json\/wp\/v2\/comments?post=15856"}],"version-history":[{"count":0,"href":"https:\/\/www.lasrosas.com.ar\/portal\/wp-json\/wp\/v2\/posts\/15856\/revisions"}],"wp:featuredmedia":[{"embeddable":true,"href":"https:\/\/www.lasrosas.com.ar\/portal\/wp-json\/wp\/v2\/media\/15857"}],"wp:attachment":[{"href":"https:\/\/www.lasrosas.com.ar\/portal\/wp-json\/wp\/v2\/media?parent=15856"}],"wp:term":[{"taxonomy":"category","embeddable":true,"href":"https:\/\/www.lasrosas.com.ar\/portal\/wp-json\/wp\/v2\/categories?post=15856"},{"taxonomy":"post_tag","embeddable":true,"href":"https:\/\/www.lasrosas.com.ar\/portal\/wp-json\/wp\/v2\/tags?post=15856"}],"curies":[{"name":"wp","href":"https:\/\/api.w.org\/{rel}","templated":true}]}}