{"id":15705,"date":"2019-06-10T15:47:10","date_gmt":"2019-06-10T18:47:10","guid":{"rendered":"https:\/\/www.lasrosas.com.ar\/portal\/?p=15705"},"modified":"2019-06-10T15:49:34","modified_gmt":"2019-06-10T18:49:34","slug":"los-mejores-looks-de-la-noche-de-los-martin-fierro","status":"publish","type":"post","link":"https:\/\/www.lasrosas.com.ar\/portal\/los-mejores-looks-de-la-noche-de-los-martin-fierro\/","title":{"rendered":"LOS MEJORES LOOKS DE LA NOCHE DE LOS MART\u00cdN FIERRO"},"content":{"rendered":"<p style=\"text-align: right;\"><strong>@priveargentina<\/strong><br \/>\n<strong>@carofranko<\/strong><br \/>\n<strong>@florsosadd<\/strong><\/p>\n<h3><strong>El evento m\u00e1s importante de la televisi\u00f3n argentina fue\u00a0la oportunidad ideal para que las estrellas desplieguen\u00a0todo su encanto. En esta noche inolvidable los famosos no defraudaron: \u201cA por todo\u201d fue el lema en la red carpet de los\u00a0Mart\u00edn Fierro.<\/strong><\/h3>\n<p>El negro fue el gran protagonista de la noche, aunque las transparencias, las espaldas pronunciadas y el metalizado estuvieron presentes.<\/p>\n<p><strong>Zaira Nara<\/strong> fue la primera en pisar la alfombra roja desplegada en el <strong>Hilton<\/strong> de <strong><em>Puerto Madero<\/em><\/strong>, dado que fue una de las condutoras de la red carpet junto con el <strong>Chino Leunis<\/strong>. <strong>Zaira<\/strong> llev\u00f3 un dise\u00f1o de <strong>Javier Saiach<\/strong>: un vestido negro con transparencias y encaje con terciopelo,\u00a0 mangas largas y una falda de tul plisado. Combinado con un clutch de<strong> Louis Vuitton<\/strong>. Sus compa\u00f1eras\u00a0<strong>Lizy Tagliani\u00a0<\/strong>y <strong>Agustina Casanova<\/strong>, tambi\u00e9n lucieron vestidos del mismo tono. Y no fueron las \u00fanicas que eligieron este color:<strong>\u00a0Tini Stoessel,\u00a0Soledad Pastorutti\u00a0,\u00a0Ana Mar\u00eda Picchio, Sof\u00eda Z\u00e1molo, Panam, Mar\u00eda Laura Santill\u00e1n, Nancy Duplaa, Julieta Ortega,<\/strong>\u00a0entre otras tambi\u00e9n optaron por este tono.<\/p>\n<p><img decoding=\"async\" class=\"alignnone size-medium wp-image-15707 lazyload\" data-src=\"https:\/\/www.lasrosas.com.ar\/portal\/wp-content\/uploads\/Z-NARA-640x960.jpg\" alt=\"\" width=\"640\" height=\"960\" data-srcset=\"https:\/\/www.lasrosas.com.ar\/portal\/wp-content\/uploads\/Z-NARA-640x960.jpg 640w, https:\/\/www.lasrosas.com.ar\/portal\/wp-content\/uploads\/Z-NARA.jpg 853w\" data-sizes=\"(max-width: 640px) 100vw, 640px\" src=\"data:image\/svg+xml;base64,PHN2ZyB3aWR0aD0iMSIgaGVpZ2h0PSIxIiB4bWxucz0iaHR0cDovL3d3dy53My5vcmcvMjAwMC9zdmciPjwvc3ZnPg==\" style=\"--smush-placeholder-width: 640px; --smush-placeholder-aspect-ratio: 640\/960;\" \/><\/p>\n<p><strong>Zaira Nara<\/strong> por\u00a0<strong> Javier Saiach,<\/strong><\/p>\n<p><img decoding=\"async\" class=\"alignnone size-medium wp-image-15708 lazyload\" data-src=\"https:\/\/www.lasrosas.com.ar\/portal\/wp-content\/uploads\/PAMPITA-791x960.jpg\" alt=\"\" width=\"791\" height=\"960\" data-srcset=\"https:\/\/www.lasrosas.com.ar\/portal\/wp-content\/uploads\/PAMPITA-791x960.jpg 791w, https:\/\/www.lasrosas.com.ar\/portal\/wp-content\/uploads\/PAMPITA-1582x1920.jpg 1582w, https:\/\/www.lasrosas.com.ar\/portal\/wp-content\/uploads\/PAMPITA.jpg 1920w\" data-sizes=\"(max-width: 791px) 100vw, 791px\" src=\"data:image\/svg+xml;base64,PHN2ZyB3aWR0aD0iMSIgaGVpZ2h0PSIxIiB4bWxucz0iaHR0cDovL3d3dy53My5vcmcvMjAwMC9zdmciPjwvc3ZnPg==\" style=\"--smush-placeholder-width: 791px; --smush-placeholder-aspect-ratio: 791\/960;\" \/><\/p>\n<p><strong>Pampita<\/strong> por <strong>Mar\u00eda Gorof.<\/strong><\/p>\n<p><img decoding=\"async\" class=\"alignnone size-medium wp-image-15709 lazyload\" data-src=\"https:\/\/www.lasrosas.com.ar\/portal\/wp-content\/uploads\/TINI-960x640.jpg\" alt=\"\" width=\"960\" height=\"640\" data-srcset=\"https:\/\/www.lasrosas.com.ar\/portal\/wp-content\/uploads\/TINI-960x640.jpg 960w, https:\/\/www.lasrosas.com.ar\/portal\/wp-content\/uploads\/TINI.jpg 1920w\" data-sizes=\"(max-width: 960px) 100vw, 960px\" src=\"data:image\/svg+xml;base64,PHN2ZyB3aWR0aD0iMSIgaGVpZ2h0PSIxIiB4bWxucz0iaHR0cDovL3d3dy53My5vcmcvMjAwMC9zdmciPjwvc3ZnPg==\" style=\"--smush-placeholder-width: 960px; --smush-placeholder-aspect-ratio: 960\/640;\" \/><\/p>\n<p><strong>Tini Stoessel<\/strong> por<strong> Giacobbe.<\/strong><\/p>\n<p><img decoding=\"async\" class=\"alignnone size-medium wp-image-15710 lazyload\" data-src=\"https:\/\/www.lasrosas.com.ar\/portal\/wp-content\/uploads\/ZAMOLO-540x960.jpg\" alt=\"\" width=\"540\" height=\"960\" data-srcset=\"https:\/\/www.lasrosas.com.ar\/portal\/wp-content\/uploads\/ZAMOLO-540x960.jpg 540w, https:\/\/www.lasrosas.com.ar\/portal\/wp-content\/uploads\/ZAMOLO.jpg 720w\" data-sizes=\"(max-width: 540px) 100vw, 540px\" src=\"data:image\/svg+xml;base64,PHN2ZyB3aWR0aD0iMSIgaGVpZ2h0PSIxIiB4bWxucz0iaHR0cDovL3d3dy53My5vcmcvMjAwMC9zdmciPjwvc3ZnPg==\" style=\"--smush-placeholder-width: 540px; --smush-placeholder-aspect-ratio: 540\/960;\" \/><\/p>\n<p><strong>Sof\u00eda Z\u00e1molo<\/strong> por <strong>Marcelo Pendola.<\/strong><\/p>\n<p><img decoding=\"async\" class=\"alignnone size-medium wp-image-15711 lazyload\" data-src=\"https:\/\/www.lasrosas.com.ar\/portal\/wp-content\/uploads\/CASANOVA-640x960.jpg\" alt=\"\" width=\"640\" height=\"960\" data-srcset=\"https:\/\/www.lasrosas.com.ar\/portal\/wp-content\/uploads\/CASANOVA-640x960.jpg 640w, https:\/\/www.lasrosas.com.ar\/portal\/wp-content\/uploads\/CASANOVA.jpg 853w\" data-sizes=\"(max-width: 640px) 100vw, 640px\" src=\"data:image\/svg+xml;base64,PHN2ZyB3aWR0aD0iMSIgaGVpZ2h0PSIxIiB4bWxucz0iaHR0cDovL3d3dy53My5vcmcvMjAwMC9zdmciPjwvc3ZnPg==\" style=\"--smush-placeholder-width: 640px; --smush-placeholder-aspect-ratio: 640\/960;\" \/><\/p>\n<p><strong>Agustina Casanova<\/strong> por <strong>Mariana Saud.<\/strong><\/p>\n<p><strong>Pampita Ardohain\u00a0<\/strong>tambi\u00e9n luci\u00f3 un vestido negro de corte sirena de <strong>Maria Gorof<\/strong>.<strong>\u00a0Susana Gim\u00e9nez\u00a0<\/strong> llev\u00f3 un dise\u00f1o exclusivo, tambi\u00e9n en negro, de <strong>Michael Kors.<\/strong><\/p>\n<p><img decoding=\"async\" class=\"alignnone size-medium wp-image-15712 lazyload\" data-src=\"https:\/\/www.lasrosas.com.ar\/portal\/wp-content\/uploads\/SUSANA-960x540.jpg\" alt=\"\" width=\"960\" height=\"540\" data-srcset=\"https:\/\/www.lasrosas.com.ar\/portal\/wp-content\/uploads\/SUSANA-960x540.jpg 960w, https:\/\/www.lasrosas.com.ar\/portal\/wp-content\/uploads\/SUSANA.jpg 1920w\" data-sizes=\"(max-width: 960px) 100vw, 960px\" src=\"data:image\/svg+xml;base64,PHN2ZyB3aWR0aD0iMSIgaGVpZ2h0PSIxIiB4bWxucz0iaHR0cDovL3d3dy53My5vcmcvMjAwMC9zdmciPjwvc3ZnPg==\" style=\"--smush-placeholder-width: 960px; --smush-placeholder-aspect-ratio: 960\/540;\" \/><\/p>\n<p><strong>Tet\u00e9 Coustarot<\/strong> eligi\u00f3 un vestido negro con capa rayada con detalles en blanco, dise\u00f1ado por <strong>Claudio Cosano.<\/strong><\/p>\n<p>Fueron pocas las famosas que optaron por el color en la gala de los Mart\u00edn Fierro: <strong>Julieta Nair Calvo<\/strong> luci\u00f3 vestido color borravino con un pronunciado escote en su espalda y <strong>Leticia Br\u00e9dice<\/strong> remat\u00f3 su vestido con una extravagante capa roja.<\/p>\n<p><img decoding=\"async\" class=\"alignnone size-medium wp-image-15713 lazyload\" data-src=\"https:\/\/www.lasrosas.com.ar\/portal\/wp-content\/uploads\/BREDICHE-960x640.jpg\" alt=\"\" width=\"960\" height=\"640\" data-srcset=\"https:\/\/www.lasrosas.com.ar\/portal\/wp-content\/uploads\/BREDICHE-960x640.jpg 960w, https:\/\/www.lasrosas.com.ar\/portal\/wp-content\/uploads\/BREDICHE.jpg 1280w\" data-sizes=\"(max-width: 960px) 100vw, 960px\" src=\"data:image\/svg+xml;base64,PHN2ZyB3aWR0aD0iMSIgaGVpZ2h0PSIxIiB4bWxucz0iaHR0cDovL3d3dy53My5vcmcvMjAwMC9zdmciPjwvc3ZnPg==\" style=\"--smush-placeholder-width: 960px; --smush-placeholder-aspect-ratio: 960\/640;\" \/><\/p>\n<p><strong>Leticia Br\u00e9dice<\/strong> por <strong>Ramirez de Negro.<\/strong><\/p>\n<p><img decoding=\"async\" class=\"alignnone size-medium wp-image-15714 lazyload\" data-src=\"https:\/\/www.lasrosas.com.ar\/portal\/wp-content\/uploads\/JULIETA-NAIR-CALVO-720x960.jpg\" alt=\"\" width=\"720\" height=\"960\" data-srcset=\"https:\/\/www.lasrosas.com.ar\/portal\/wp-content\/uploads\/JULIETA-NAIR-CALVO-720x960.jpg 720w, https:\/\/www.lasrosas.com.ar\/portal\/wp-content\/uploads\/JULIETA-NAIR-CALVO.jpg 960w\" data-sizes=\"(max-width: 720px) 100vw, 720px\" src=\"data:image\/svg+xml;base64,PHN2ZyB3aWR0aD0iMSIgaGVpZ2h0PSIxIiB4bWxucz0iaHR0cDovL3d3dy53My5vcmcvMjAwMC9zdmciPjwvc3ZnPg==\" style=\"--smush-placeholder-width: 720px; --smush-placeholder-aspect-ratio: 720\/960;\" \/><\/p>\n<p><strong>Julieta Nair Calvo<\/strong> por <strong>El Camar\u00edn.<\/strong><\/p>\n<p><strong>Marcela Ba\u00f1os<\/strong>, la conductora nominada por <strong>Pasi\u00f3n de S\u00e1bado, M\u00f3nica Anton\u00f3pulos\u00a0y Luc\u00eda Celasco<\/strong> eligieron el verde.<\/p>\n<p><img decoding=\"async\" class=\"alignnone size-medium wp-image-15715 lazyload\" data-src=\"https:\/\/www.lasrosas.com.ar\/portal\/wp-content\/uploads\/M-BANOS-720x960.jpg\" alt=\"\" width=\"720\" height=\"960\" data-srcset=\"https:\/\/www.lasrosas.com.ar\/portal\/wp-content\/uploads\/M-BANOS-720x960.jpg 720w, https:\/\/www.lasrosas.com.ar\/portal\/wp-content\/uploads\/M-BANOS.jpg 960w\" data-sizes=\"(max-width: 720px) 100vw, 720px\" src=\"data:image\/svg+xml;base64,PHN2ZyB3aWR0aD0iMSIgaGVpZ2h0PSIxIiB4bWxucz0iaHR0cDovL3d3dy53My5vcmcvMjAwMC9zdmciPjwvc3ZnPg==\" style=\"--smush-placeholder-width: 720px; --smush-placeholder-aspect-ratio: 720\/960;\" \/><\/p>\n<p><strong>Marcela Ba\u00f1os<\/strong> por <strong>Marcio Quiroga Mutt.<\/strong><\/p>\n<p><img decoding=\"async\" class=\"alignnone size-medium wp-image-15718 lazyload\" data-src=\"https:\/\/www.lasrosas.com.ar\/portal\/wp-content\/uploads\/M-ANTONOPULOS-720x960.jpg\" alt=\"\" width=\"720\" height=\"960\" data-srcset=\"https:\/\/www.lasrosas.com.ar\/portal\/wp-content\/uploads\/M-ANTONOPULOS-720x960.jpg 720w, https:\/\/www.lasrosas.com.ar\/portal\/wp-content\/uploads\/M-ANTONOPULOS.jpg 960w\" data-sizes=\"(max-width: 720px) 100vw, 720px\" src=\"data:image\/svg+xml;base64,PHN2ZyB3aWR0aD0iMSIgaGVpZ2h0PSIxIiB4bWxucz0iaHR0cDovL3d3dy53My5vcmcvMjAwMC9zdmciPjwvc3ZnPg==\" style=\"--smush-placeholder-width: 720px; --smush-placeholder-aspect-ratio: 720\/960;\" \/><\/p>\n<p><strong>M\u00f3nica Anton\u00f3pulos<\/strong> por <strong>Artemis Atelier.<\/strong><\/p>\n<p><img decoding=\"async\" class=\"alignnone size-medium wp-image-15716 lazyload\" data-src=\"https:\/\/www.lasrosas.com.ar\/portal\/wp-content\/uploads\/CELASCO-825x960.jpg\" alt=\"\" width=\"825\" height=\"960\" data-srcset=\"https:\/\/www.lasrosas.com.ar\/portal\/wp-content\/uploads\/CELASCO-825x960.jpg 825w, https:\/\/www.lasrosas.com.ar\/portal\/wp-content\/uploads\/CELASCO-1650x1920.jpg 1650w, https:\/\/www.lasrosas.com.ar\/portal\/wp-content\/uploads\/CELASCO.jpg 1920w\" data-sizes=\"(max-width: 825px) 100vw, 825px\" src=\"data:image\/svg+xml;base64,PHN2ZyB3aWR0aD0iMSIgaGVpZ2h0PSIxIiB4bWxucz0iaHR0cDovL3d3dy53My5vcmcvMjAwMC9zdmciPjwvc3ZnPg==\" style=\"--smush-placeholder-width: 825px; --smush-placeholder-aspect-ratio: 825\/960;\" \/><\/p>\n<p><strong>Luc\u00eda Celasco<\/strong> por <strong>The Attico.<\/strong><\/p>\n<p>Otras celebrities optaron por tonos m\u00e1s claros, con transparencias, pedrer\u00eda y hasta metalizados.<\/p>\n<p><img decoding=\"async\" class=\"alignnone size-medium wp-image-15719 lazyload\" data-src=\"https:\/\/www.lasrosas.com.ar\/portal\/wp-content\/uploads\/ACCARDI-640x960.jpg\" alt=\"\" width=\"640\" height=\"960\" data-srcset=\"https:\/\/www.lasrosas.com.ar\/portal\/wp-content\/uploads\/ACCARDI-640x960.jpg 640w, https:\/\/www.lasrosas.com.ar\/portal\/wp-content\/uploads\/ACCARDI.jpg 853w\" data-sizes=\"(max-width: 640px) 100vw, 640px\" src=\"data:image\/svg+xml;base64,PHN2ZyB3aWR0aD0iMSIgaGVpZ2h0PSIxIiB4bWxucz0iaHR0cDovL3d3dy53My5vcmcvMjAwMC9zdmciPjwvc3ZnPg==\" style=\"--smush-placeholder-width: 640px; --smush-placeholder-aspect-ratio: 640\/960;\" \/><\/p>\n<p><strong>Gimena Accardi<\/strong> por <strong>Mar\u00eda Gorof.<\/strong><\/p>\n<p><img decoding=\"async\" class=\"alignnone size-medium wp-image-15720 lazyload\" data-src=\"https:\/\/www.lasrosas.com.ar\/portal\/wp-content\/uploads\/PETTERSON-640x960.jpg\" alt=\"\" width=\"640\" height=\"960\" data-srcset=\"https:\/\/www.lasrosas.com.ar\/portal\/wp-content\/uploads\/PETTERSON-640x960.jpg 640w, https:\/\/www.lasrosas.com.ar\/portal\/wp-content\/uploads\/PETTERSON.jpg 853w\" data-sizes=\"(max-width: 640px) 100vw, 640px\" src=\"data:image\/svg+xml;base64,PHN2ZyB3aWR0aD0iMSIgaGVpZ2h0PSIxIiB4bWxucz0iaHR0cDovL3d3dy53My5vcmcvMjAwMC9zdmciPjwvc3ZnPg==\" style=\"--smush-placeholder-width: 640px; --smush-placeholder-aspect-ratio: 640\/960;\" \/><\/p>\n<p><strong>Carla Peterson<\/strong> por<strong> Gabriel Lage.<\/strong><\/p>\n<p><img decoding=\"async\" class=\"alignnone size-medium wp-image-15721 lazyload\" data-src=\"https:\/\/www.lasrosas.com.ar\/portal\/wp-content\/uploads\/CANDE-RUGGERI-720x960.jpg\" alt=\"\" width=\"720\" height=\"960\" data-srcset=\"https:\/\/www.lasrosas.com.ar\/portal\/wp-content\/uploads\/CANDE-RUGGERI-720x960.jpg 720w, https:\/\/www.lasrosas.com.ar\/portal\/wp-content\/uploads\/CANDE-RUGGERI.jpg 960w\" data-sizes=\"(max-width: 720px) 100vw, 720px\" src=\"data:image\/svg+xml;base64,PHN2ZyB3aWR0aD0iMSIgaGVpZ2h0PSIxIiB4bWxucz0iaHR0cDovL3d3dy53My5vcmcvMjAwMC9zdmciPjwvc3ZnPg==\" style=\"--smush-placeholder-width: 720px; --smush-placeholder-aspect-ratio: 720\/960;\" \/><\/p>\n<p><strong>Candela Ruggeri<\/strong> por <strong>Jorge Rey.<\/strong><\/p>\n<p><img decoding=\"async\" class=\"alignnone size-full wp-image-15722 lazyload\" data-src=\"https:\/\/www.lasrosas.com.ar\/portal\/wp-content\/uploads\/62268824_139482537122260_3299643818911790317_n1.jpg\" alt=\"\" width=\"853\" height=\"853\" src=\"data:image\/svg+xml;base64,PHN2ZyB3aWR0aD0iMSIgaGVpZ2h0PSIxIiB4bWxucz0iaHR0cDovL3d3dy53My5vcmcvMjAwMC9zdmciPjwvc3ZnPg==\" style=\"--smush-placeholder-width: 853px; --smush-placeholder-aspect-ratio: 853\/853;\" \/><\/p>\n<p><strong>Stefi Roitman<\/strong> por <strong>Laurencio Adot.<\/strong><\/p>\n<p>&nbsp;<\/p>\n<p>&nbsp;<\/p>\n<p>&nbsp;<\/p>\n<!-- AddThis Advanced Settings generic via filter on the_content --><!-- AddThis Share Buttons generic via filter on the_content -->","protected":false},"excerpt":{"rendered":"<p>@priveargentina @carofranko @florsosadd El evento m\u00e1s importante de la televisi\u00f3n argentina fue\u00a0la oportunidad ideal para que las estrellas desplieguen\u00a0todo su encanto. En esta noche inolvidable los famosos no defraudaron: \u201cA por todo\u201d fue el lema en la red carpet de los\u00a0Mart\u00edn Fierro. El negro fue el gran protagonista de la noche, aunque las transparencias, las [&hellip;]<!-- AddThis Advanced Settings generic via filter on get_the_excerpt --><!-- AddThis Share Buttons generic via filter on get_the_excerpt --><\/p>\n","protected":false},"author":6,"featured_media":15706,"comment_status":"closed","ping_status":"open","sticky":false,"template":"","format":"standard","meta":{"_acf_changed":false,"om_disable_all_campaigns":false,"_monsterinsights_skip_tracking":false,"_monsterinsights_sitenote_active":false,"_monsterinsights_sitenote_note":"","_monsterinsights_sitenote_category":0,"_uf_show_specific_survey":0,"_uf_disable_surveys":false,"footnotes":""},"categories":[100],"tags":[],"class_list":["post-15705","post","type-post","status-publish","format-standard","has-post-thumbnail","hentry","category-noticias"],"acf":[],"aioseo_notices":[],"_links":{"self":[{"href":"https:\/\/www.lasrosas.com.ar\/portal\/wp-json\/wp\/v2\/posts\/15705","targetHints":{"allow":["GET"]}}],"collection":[{"href":"https:\/\/www.lasrosas.com.ar\/portal\/wp-json\/wp\/v2\/posts"}],"about":[{"href":"https:\/\/www.lasrosas.com.ar\/portal\/wp-json\/wp\/v2\/types\/post"}],"author":[{"embeddable":true,"href":"https:\/\/www.lasrosas.com.ar\/portal\/wp-json\/wp\/v2\/users\/6"}],"replies":[{"embeddable":true,"href":"https:\/\/www.lasrosas.com.ar\/portal\/wp-json\/wp\/v2\/comments?post=15705"}],"version-history":[{"count":0,"href":"https:\/\/www.lasrosas.com.ar\/portal\/wp-json\/wp\/v2\/posts\/15705\/revisions"}],"wp:featuredmedia":[{"embeddable":true,"href":"https:\/\/www.lasrosas.com.ar\/portal\/wp-json\/wp\/v2\/media\/15706"}],"wp:attachment":[{"href":"https:\/\/www.lasrosas.com.ar\/portal\/wp-json\/wp\/v2\/media?parent=15705"}],"wp:term":[{"taxonomy":"category","embeddable":true,"href":"https:\/\/www.lasrosas.com.ar\/portal\/wp-json\/wp\/v2\/categories?post=15705"},{"taxonomy":"post_tag","embeddable":true,"href":"https:\/\/www.lasrosas.com.ar\/portal\/wp-json\/wp\/v2\/tags?post=15705"}],"curies":[{"name":"wp","href":"https:\/\/api.w.org\/{rel}","templated":true}]}}