{"id":15649,"date":"2019-06-05T14:45:40","date_gmt":"2019-06-05T17:45:40","guid":{"rendered":"https:\/\/www.lasrosas.com.ar\/portal\/?p=15649"},"modified":"2019-06-05T14:45:40","modified_gmt":"2019-06-05T17:45:40","slug":"por-una-educacion-en-sintonia-con-el-desarrollo-sustentable","status":"publish","type":"post","link":"https:\/\/www.lasrosas.com.ar\/portal\/por-una-educacion-en-sintonia-con-el-desarrollo-sustentable\/","title":{"rendered":"POR UNA EDUCACI\u00d3N EN SINTON\u00cdA CON EL DESARROLLO SUSTENTABLE"},"content":{"rendered":"<p style=\"text-align: right;\"><strong>Por Agencia Mosc\u00fa<\/strong><\/p>\n<h3><strong>Este mi\u00e9rcoles 5 de junio se celebra el D\u00eda Mundial del Medio Ambiente, con el objetivo de informar sobre la importancia de una conciencia ambiental y de llevar una vida sustentable que implique un menor deterioro de la calidad de vida de las generaciones actuales y futuras.<\/strong><\/h3>\n<p><img decoding=\"async\" class=\"alignnone size-medium wp-image-15652 lazyload\" data-src=\"https:\/\/www.lasrosas.com.ar\/portal\/wp-content\/uploads\/v2osk-116514-unsplash-960x572.jpg\" alt=\"\" width=\"960\" height=\"572\" data-srcset=\"https:\/\/www.lasrosas.com.ar\/portal\/wp-content\/uploads\/v2osk-116514-unsplash-960x572.jpg 960w, https:\/\/www.lasrosas.com.ar\/portal\/wp-content\/uploads\/v2osk-116514-unsplash-1920x1144.jpg 1920w\" data-sizes=\"(max-width: 960px) 100vw, 960px\" src=\"data:image\/svg+xml;base64,PHN2ZyB3aWR0aD0iMSIgaGVpZ2h0PSIxIiB4bWxucz0iaHR0cDovL3d3dy53My5vcmcvMjAwMC9zdmciPjwvc3ZnPg==\" style=\"--smush-placeholder-width: 960px; --smush-placeholder-aspect-ratio: 960\/572;\" \/><\/p>\n<p>La campa\u00f1a de este a\u00f1o est\u00e1 encabezada por el pa\u00eds anfitri\u00f3n, China, donde se realizar\u00e1n las celebraciones oficiales. El tema para el 2019 gira en torno a la <strong>contaminaci\u00f3n del aire<\/strong>, enmarcado en la Agenda del 2030 para el Desarrollo Sostenible. <em>\u201cLos ni\u00f1os y los j\u00f3venes son agentes fundamentales del cambio y encontrar\u00e1n en los nuevos objetivos, una plataforma para encauzar su infinita capacidad de activismo hacia la creaci\u00f3n de un mundo mejor\u201d<\/em>, afirman desde la ONU. Por su parte, <strong>Mar\u00eda Fernanda D\u00edaz, pedagoga y l\u00edder de desarrollo pedag\u00f3gico de Colegium<\/strong>, asegura que parte de la toma de conciencia tiene su origen en el contacto con el medio ambiente en el que los chicos y chicas viven. <em>\u201cEl ejercicio de apreciar la naturaleza y vivenciarla insta a los ni\u00f1os y adolescentes a valorarla, es por eso que invitar a los ni\u00f1os a que jueguen, corran e interact\u00faen y descubran las especies y caracter\u00edsticas del entorno natural es fundamental para lograr este objetivo\u201d,<\/em> afirma la especialista.<\/p>\n<p>En Argentina, la Ciudad de Buenos Aires apuesta por la educaci\u00f3n como inversi\u00f3n a futuro para un mundo menos contaminado. Es por esto que existe un Marco Curricular para la Educaci\u00f3n Ambiental donde se ha buscado introducir en la educaci\u00f3n actual nociones b\u00e1sicas sobre el cuidado del medio ambiente, ya sea a trav\u00e9s del <strong>reciclaje, cuidado del agua, y principalmente, por medio de la toma de conciencia. <\/strong><\/p>\n<p>A nivel mundial, ya en 1975 se cre\u00f3 el Programa Internacional de Educaci\u00f3n Ambiental (PIEA) bajo la conducci\u00f3n de la UNESCO y el Programa de Naciones Unidas para el Medio Ambiente (PNUMA). No es casual que la sede de este a\u00f1o para el festejo sea China: si hablamos de educaci\u00f3n, es pertinente destacar que all\u00ed se encuentra la\u00a0escuela secundaria Sing Yin, en Hong Kong,\u00a0que es considerada la <strong>escuela m\u00e1s ecol\u00f3gica a nivel <\/strong>mundial, seg\u00fan ha reconocido el Consejo de Edificios Ecol\u00f3gicos de Estados Unidos. Esta instituci\u00f3n cuenta con <strong>paneles solares<\/strong>, turbinas e\u00f3licas y techos verdes. Adem\u00e1s, tiene jardines bamb\u00fa, una granja org\u00e1nica, un acuario de corales y un espacio importante en el plan de estudios con un temario sobre las distintas aristas de la ecolog\u00eda.<\/p>\n<p>En nuestro pa\u00eds tambi\u00e9n existen experiencias del estilo, como la <strong>escuela Benito Lynch en Paso de las Carretas, Mendoza<\/strong>, que fue restaurada el a\u00f1o pasado y en la obra se adoptaron criterios de sustentabilidad. La escuela cuenta con paneles solares y todo un sistema de iluminaci\u00f3n bajo consumo. Tiene huerta y cloacas con sistemas de infiltraci\u00f3n\u00a0que evitan la contaminaci\u00f3n de las napas. Ver estas caracter\u00edsticas en la pr\u00e1ctica ayuda a transmitir mejor a los chicos los conceptos respecto del cuidado del medio ambiente.<\/p>\n<p>&nbsp;<\/p>\n<p>\u201cEnse\u00f1ar a los ni\u00f1os a valorar las cosas peque\u00f1as que conforman la naturaleza es una experiencia memorable y tiene grandes resultados en el futuro\u201d, concluye Mar\u00eda Fernanda D\u00edaz.<\/p>\n<!-- AddThis Advanced Settings generic via filter on the_content --><!-- AddThis Share Buttons generic via filter on the_content -->","protected":false},"excerpt":{"rendered":"<p>Por Agencia Mosc\u00fa Este mi\u00e9rcoles 5 de junio se celebra el D\u00eda Mundial del Medio Ambiente, con el objetivo de informar sobre la importancia de una conciencia ambiental y de llevar una vida sustentable que implique un menor deterioro de la calidad de vida de las generaciones actuales y futuras. La campa\u00f1a de este a\u00f1o [&hellip;]<!-- AddThis Advanced Settings generic via filter on get_the_excerpt --><!-- AddThis Share Buttons generic via filter on get_the_excerpt --><\/p>\n","protected":false},"author":6,"featured_media":15653,"comment_status":"closed","ping_status":"open","sticky":false,"template":"","format":"standard","meta":{"_acf_changed":false,"om_disable_all_campaigns":false,"_monsterinsights_skip_tracking":false,"_monsterinsights_sitenote_active":false,"_monsterinsights_sitenote_note":"","_monsterinsights_sitenote_category":0,"_uf_show_specific_survey":0,"_uf_disable_surveys":false,"footnotes":""},"categories":[376],"tags":[],"class_list":["post-15649","post","type-post","status-publish","format-standard","has-post-thumbnail","hentry","category-lifestyle"],"acf":[],"aioseo_notices":[],"_links":{"self":[{"href":"https:\/\/www.lasrosas.com.ar\/portal\/wp-json\/wp\/v2\/posts\/15649","targetHints":{"allow":["GET"]}}],"collection":[{"href":"https:\/\/www.lasrosas.com.ar\/portal\/wp-json\/wp\/v2\/posts"}],"about":[{"href":"https:\/\/www.lasrosas.com.ar\/portal\/wp-json\/wp\/v2\/types\/post"}],"author":[{"embeddable":true,"href":"https:\/\/www.lasrosas.com.ar\/portal\/wp-json\/wp\/v2\/users\/6"}],"replies":[{"embeddable":true,"href":"https:\/\/www.lasrosas.com.ar\/portal\/wp-json\/wp\/v2\/comments?post=15649"}],"version-history":[{"count":0,"href":"https:\/\/www.lasrosas.com.ar\/portal\/wp-json\/wp\/v2\/posts\/15649\/revisions"}],"wp:featuredmedia":[{"embeddable":true,"href":"https:\/\/www.lasrosas.com.ar\/portal\/wp-json\/wp\/v2\/media\/15653"}],"wp:attachment":[{"href":"https:\/\/www.lasrosas.com.ar\/portal\/wp-json\/wp\/v2\/media?parent=15649"}],"wp:term":[{"taxonomy":"category","embeddable":true,"href":"https:\/\/www.lasrosas.com.ar\/portal\/wp-json\/wp\/v2\/categories?post=15649"},{"taxonomy":"post_tag","embeddable":true,"href":"https:\/\/www.lasrosas.com.ar\/portal\/wp-json\/wp\/v2\/tags?post=15649"}],"curies":[{"name":"wp","href":"https:\/\/api.w.org\/{rel}","templated":true}]}}