{"id":15638,"date":"2019-06-04T12:05:14","date_gmt":"2019-06-04T15:05:14","guid":{"rendered":"https:\/\/www.lasrosas.com.ar\/portal\/?p=15638"},"modified":"2019-06-04T12:05:14","modified_gmt":"2019-06-04T15:05:14","slug":"dua-lipa-sera-la-nueva-imagen-del-perfume-ysl","status":"publish","type":"post","link":"https:\/\/www.lasrosas.com.ar\/portal\/dua-lipa-sera-la-nueva-imagen-del-perfume-ysl\/","title":{"rendered":"DUA LIPA SER\u00c1 LA NUEVA IMAGEN DEL PERFUME YSL"},"content":{"rendered":"<h3><strong>La cantante estuvo presente en el proceso de elaboraci\u00f3n de esta nueva fragancia.<\/strong><\/h3>\n<p><strong>Dua Lipa<\/strong> acaba de ser nombrada como la nueva embajadora del nuevo perfume femenino de la firma<strong> Yves Saint Laurent<\/strong>. La interprete de <em><strong>\u00abNew Rules\u00bb<\/strong><\/em> suma un nuevo proyecto a su carrera para este a\u00f1o.<\/p>\n<p>La cantante brit\u00e1nica anunci\u00f3 en su cuenta personal de Instagram la gran noticia.\u00a0<em><strong>\u00ab\u00a1El secreto m\u00e1s dif\u00edcil de guardar! Emocionada y orgullosa de poder decir, por fin, que soy la cara de la\u00a0nueva fragancia femenina de YSL. Gracias al incre\u00edble equipo de YSL Beauty por hacerme sentir como en casa, por permitirme jugar un peque\u00f1o papel en la elecci\u00f3n de la esencia final y por hacer realidad mis sue\u00f1os al trabajar con una marca que tanto amo\u00bb.<\/strong><\/em><\/p>\n<p>La artista mencion\u00f3 haber estado implicada en el proceso de elaboraci\u00f3n de este nuevo perfume que a\u00fan se desconoce cu\u00e1ndo saldr\u00e1. Por su parte, los fan\u00e1ticos ya est\u00e1n celebrando la noticia en redes sociales y est\u00e1n alertas a cualquier novedad sobre esta fragancia.<\/p>\n<blockquote class=\"instagram-media\" style=\"background: #FFF; border: 0; border-radius: 3px; box-shadow: 0 0 1px 0 rgba(0,0,0,0.5),0 1px 10px 0 rgba(0,0,0,0.15); margin: 1px; max-width: 540px; min-width: 326px; padding: 0; width: calc(100% - 2px);\" data-instgrm-captioned=\"\" data-instgrm-permalink=\"https:\/\/www.instagram.com\/p\/ByR2IROheAA\/\" data-instgrm-version=\"12\">\n<div style=\"padding: 16px;\">\n<p>&nbsp;<\/p>\n<div style=\"display: flex; flex-direction: row; align-items: center;\">\n<div style=\"background-color: #f4f4f4; border-radius: 50%; flex-grow: 0; height: 40px; margin-right: 14px; width: 40px;\"><\/div>\n<div style=\"display: flex; flex-direction: column; flex-grow: 1; justify-content: center;\">\n<div style=\"background-color: #f4f4f4; border-radius: 4px; flex-grow: 0; height: 14px; margin-bottom: 6px; width: 100px;\"><\/div>\n<div style=\"background-color: #f4f4f4; border-radius: 4px; flex-grow: 0; height: 14px; width: 60px;\"><\/div>\n<\/div>\n<\/div>\n<div style=\"padding: 19% 0;\"><\/div>\n<div style=\"display: block; height: 50px; margin: 0 auto 12px; width: 50px;\"><\/div>\n<div style=\"padding-top: 8px;\">\n<div style=\"color: #3897f0; font-family: Arial,sans-serif; font-size: 14px; font-style: normal; font-weight: 550; line-height: 18px;\">Ver esta publicaci\u00f3n en Instagram<\/div>\n<\/div>\n<div style=\"padding: 12.5% 0;\"><\/div>\n<div style=\"display: flex; flex-direction: row; margin-bottom: 14px; align-items: center;\">\n<div>\n<div style=\"background-color: #f4f4f4; border-radius: 50%; height: 12.5px; width: 12.5px; transform: translateX(0px) translateY(7px);\"><\/div>\n<div style=\"background-color: #f4f4f4; height: 12.5px; transform: rotate(-45deg) translateX(3px) translateY(1px); width: 12.5px; flex-grow: 0; margin-right: 14px; margin-left: 2px;\"><\/div>\n<div style=\"background-color: #f4f4f4; border-radius: 50%; height: 12.5px; width: 12.5px; transform: translateX(9px) translateY(-18px);\"><\/div>\n<\/div>\n<div style=\"margin-left: 8px;\">\n<div style=\"background-color: #f4f4f4; border-radius: 50%; flex-grow: 0; height: 20px; width: 20px;\"><\/div>\n<div style=\"width: 0; height: 0; border-top: 2px solid transparent; border-left: 6px solid #f4f4f4; border-bottom: 2px solid transparent; transform: translateX(16px) translateY(-4px) rotate(30deg);\"><\/div>\n<\/div>\n<div style=\"margin-left: auto;\">\n<div style=\"width: 0px; border-top: 8px solid #F4F4F4; border-right: 8px solid transparent; transform: translateY(16px);\"><\/div>\n<div style=\"background-color: #f4f4f4; flex-grow: 0; height: 12px; width: 16px; transform: translateY(-4px);\"><\/div>\n<div style=\"width: 0; height: 0; border-top: 8px solid #F4F4F4; border-left: 8px solid transparent; transform: translateY(-4px) translateX(8px);\"><\/div>\n<\/div>\n<\/div>\n<p>&nbsp;<\/p>\n<p style=\"margin: 8px 0 0 0; padding: 0 4px;\"><a style=\"color: #000; font-family: Arial,sans-serif; font-size: 14px; font-style: normal; font-weight: normal; line-height: 17px; text-decoration: none; word-wrap: break-word;\" href=\"https:\/\/www.instagram.com\/p\/ByR2IROheAA\/\" target=\"_blank\" rel=\"noopener\">The hardest secret to keep! So proud and excited to finally tell you all that I am the face of the new feminine fragrance by YSL &#x1f5a4; Thank you to the incredible @yslbeauty team for making me feel so at home, for allowing me to play a small role in helping choose the final scent and for making my dreams come true on working with a brand I love so much. So excited for you all to see the campaign that was shot by filmmaker and friend @nabil but for now here\u2019s a little behind the scenes shot&#8230; xx<\/a><\/p>\n<p style=\"color: #c9c8cd; font-family: Arial,sans-serif; font-size: 14px; line-height: 17px; margin-bottom: 0; margin-top: 8px; overflow: hidden; padding: 8px 0 7px; text-align: center; text-overflow: ellipsis; white-space: nowrap;\">Una publicaci\u00f3n compartida por <a style=\"color: #c9c8cd; font-family: Arial,sans-serif; font-size: 14px; font-style: normal; font-weight: normal; line-height: 17px;\" href=\"https:\/\/www.instagram.com\/dualipa\/\" target=\"_blank\" rel=\"noopener\"> Dua Lipa<\/a> (@dualipa) el <time style=\"font-family: Arial,sans-serif; font-size: 14px; line-height: 17px;\" datetime=\"2019-06-04T07:06:02+00:00\">4 de Jun de 2019 a las 12:06 PDT<\/time><\/p>\n<\/div>\n<\/blockquote>\n<p><script async src=\"\/\/www.instagram.com\/embed.js\"><\/script><\/p>\n<p>&nbsp;<\/p>\n<!-- AddThis Advanced Settings generic via filter on the_content --><!-- AddThis Share Buttons generic via filter on the_content -->","protected":false},"excerpt":{"rendered":"<p>La cantante estuvo presente en el proceso de elaboraci\u00f3n de esta nueva fragancia. Dua Lipa acaba de ser nombrada como la nueva embajadora del nuevo perfume femenino de la firma Yves Saint Laurent. La interprete de \u00abNew Rules\u00bb suma un nuevo proyecto a su carrera para este a\u00f1o. La cantante brit\u00e1nica anunci\u00f3 en su cuenta [&hellip;]<!-- AddThis Advanced Settings generic via filter on get_the_excerpt --><!-- AddThis Share Buttons generic via filter on get_the_excerpt --><\/p>\n","protected":false},"author":6,"featured_media":15643,"comment_status":"closed","ping_status":"open","sticky":false,"template":"","format":"standard","meta":{"_acf_changed":false,"om_disable_all_campaigns":false,"_monsterinsights_skip_tracking":false,"_monsterinsights_sitenote_active":false,"_monsterinsights_sitenote_note":"","_monsterinsights_sitenote_category":0,"_uf_show_specific_survey":0,"_uf_disable_surveys":false,"footnotes":""},"categories":[100],"tags":[],"class_list":["post-15638","post","type-post","status-publish","format-standard","has-post-thumbnail","hentry","category-noticias"],"acf":[],"aioseo_notices":[],"_links":{"self":[{"href":"https:\/\/www.lasrosas.com.ar\/portal\/wp-json\/wp\/v2\/posts\/15638","targetHints":{"allow":["GET"]}}],"collection":[{"href":"https:\/\/www.lasrosas.com.ar\/portal\/wp-json\/wp\/v2\/posts"}],"about":[{"href":"https:\/\/www.lasrosas.com.ar\/portal\/wp-json\/wp\/v2\/types\/post"}],"author":[{"embeddable":true,"href":"https:\/\/www.lasrosas.com.ar\/portal\/wp-json\/wp\/v2\/users\/6"}],"replies":[{"embeddable":true,"href":"https:\/\/www.lasrosas.com.ar\/portal\/wp-json\/wp\/v2\/comments?post=15638"}],"version-history":[{"count":0,"href":"https:\/\/www.lasrosas.com.ar\/portal\/wp-json\/wp\/v2\/posts\/15638\/revisions"}],"wp:featuredmedia":[{"embeddable":true,"href":"https:\/\/www.lasrosas.com.ar\/portal\/wp-json\/wp\/v2\/media\/15643"}],"wp:attachment":[{"href":"https:\/\/www.lasrosas.com.ar\/portal\/wp-json\/wp\/v2\/media?parent=15638"}],"wp:term":[{"taxonomy":"category","embeddable":true,"href":"https:\/\/www.lasrosas.com.ar\/portal\/wp-json\/wp\/v2\/categories?post=15638"},{"taxonomy":"post_tag","embeddable":true,"href":"https:\/\/www.lasrosas.com.ar\/portal\/wp-json\/wp\/v2\/tags?post=15638"}],"curies":[{"name":"wp","href":"https:\/\/api.w.org\/{rel}","templated":true}]}}