{"id":15577,"date":"2019-06-03T15:45:01","date_gmt":"2019-06-03T18:45:01","guid":{"rendered":"https:\/\/www.lasrosas.com.ar\/portal\/?p=15577"},"modified":"2019-06-03T15:45:01","modified_gmt":"2019-06-03T18:45:01","slug":"la-casa-de-papel-3-mira-el-trailer-completo","status":"publish","type":"post","link":"https:\/\/www.lasrosas.com.ar\/portal\/la-casa-de-papel-3-mira-el-trailer-completo\/","title":{"rendered":"LA CASA DE PAPEL 3: MIR\u00c1 EL TRAILER COMPLETO"},"content":{"rendered":"<h3><strong>La tercer temporada de La Casa de Papel se estrenar\u00e1 el pr\u00f3ximo 19 de julio en la plataforma streaming de Netflix.<\/strong><\/h3>\n<p><strong>Netflix<\/strong>\u00a0lanz\u00f3 el trailer oficial de la tercer temporada de la incre\u00edble serie espa\u00f1ola que arras\u00f3 en la plataforma audiovisual. En este nuevo v\u00eddeo se observa que pas\u00f3 con cada uno luego del robo millonario a la casa de la moneda.<\/p>\n<p>Hace varias semanas, la plataforma streaming anunci\u00f3 que el pr\u00f3ximo 19 de julio regresaba<em><strong>\u00a0\u00abLa Casa de Papel\u00bb<\/strong><\/em>, una de las series m\u00e1s vistas de habla hispana. En el primer teaser que comparti\u00f3\u00a0<strong>Netflix<\/strong>\u00a0se observa a los diferentes integrantes de la pandilla llevando una vida fant\u00e1stica en algunos lugares del mundo y ahora con este nuevo trailer podemos decir que no todo ha ido de maravilla ya que uno de ellos es capturado y depende de sus compa\u00f1eros para salir en libertad.<\/p>\n<p><strong>\u00a1Te mostramos el trailer!<\/strong><\/p>\n<p><iframe data-src=\"https:\/\/www.youtube.com\/embed\/TekFtuBBs1k\" width=\"697\" height=\"392\" frameborder=\"0\" allowfullscreen=\"allowfullscreen\" src=\"data:image\/svg+xml;base64,PHN2ZyB3aWR0aD0iMSIgaGVpZ2h0PSIxIiB4bWxucz0iaHR0cDovL3d3dy53My5vcmcvMjAwMC9zdmciPjwvc3ZnPg==\" class=\"lazyload\" data-load-mode=\"1\"><\/iframe><\/p>\n<!-- AddThis Advanced Settings generic via filter on the_content --><!-- AddThis Share Buttons generic via filter on the_content -->","protected":false},"excerpt":{"rendered":"<p>La tercer temporada de La Casa de Papel se estrenar\u00e1 el pr\u00f3ximo 19 de julio en la plataforma streaming de Netflix. Netflix\u00a0lanz\u00f3 el trailer oficial de la tercer temporada de la incre\u00edble serie espa\u00f1ola que arras\u00f3 en la plataforma audiovisual. En este nuevo v\u00eddeo se observa que pas\u00f3 con cada uno luego del robo millonario [&hellip;]<!-- AddThis Advanced Settings generic via filter on get_the_excerpt --><!-- AddThis Share Buttons generic via filter on get_the_excerpt --><\/p>\n","protected":false},"author":6,"featured_media":15578,"comment_status":"closed","ping_status":"open","sticky":false,"template":"","format":"standard","meta":{"_acf_changed":false,"om_disable_all_campaigns":false,"_monsterinsights_skip_tracking":false,"_monsterinsights_sitenote_active":false,"_monsterinsights_sitenote_note":"","_monsterinsights_sitenote_category":0,"_uf_show_specific_survey":0,"_uf_disable_surveys":false,"footnotes":""},"categories":[100],"tags":[],"class_list":["post-15577","post","type-post","status-publish","format-standard","has-post-thumbnail","hentry","category-noticias"],"acf":[],"aioseo_notices":[],"_links":{"self":[{"href":"https:\/\/www.lasrosas.com.ar\/portal\/wp-json\/wp\/v2\/posts\/15577","targetHints":{"allow":["GET"]}}],"collection":[{"href":"https:\/\/www.lasrosas.com.ar\/portal\/wp-json\/wp\/v2\/posts"}],"about":[{"href":"https:\/\/www.lasrosas.com.ar\/portal\/wp-json\/wp\/v2\/types\/post"}],"author":[{"embeddable":true,"href":"https:\/\/www.lasrosas.com.ar\/portal\/wp-json\/wp\/v2\/users\/6"}],"replies":[{"embeddable":true,"href":"https:\/\/www.lasrosas.com.ar\/portal\/wp-json\/wp\/v2\/comments?post=15577"}],"version-history":[{"count":0,"href":"https:\/\/www.lasrosas.com.ar\/portal\/wp-json\/wp\/v2\/posts\/15577\/revisions"}],"wp:featuredmedia":[{"embeddable":true,"href":"https:\/\/www.lasrosas.com.ar\/portal\/wp-json\/wp\/v2\/media\/15578"}],"wp:attachment":[{"href":"https:\/\/www.lasrosas.com.ar\/portal\/wp-json\/wp\/v2\/media?parent=15577"}],"wp:term":[{"taxonomy":"category","embeddable":true,"href":"https:\/\/www.lasrosas.com.ar\/portal\/wp-json\/wp\/v2\/categories?post=15577"},{"taxonomy":"post_tag","embeddable":true,"href":"https:\/\/www.lasrosas.com.ar\/portal\/wp-json\/wp\/v2\/tags?post=15577"}],"curies":[{"name":"wp","href":"https:\/\/api.w.org\/{rel}","templated":true}]}}