{"id":15357,"date":"2019-05-24T13:23:05","date_gmt":"2019-05-24T16:23:05","guid":{"rendered":"https:\/\/www.lasrosas.com.ar\/portal\/?p=15357"},"modified":"2019-05-24T13:23:05","modified_gmt":"2019-05-24T16:23:05","slug":"auto-munich-anuncia-la-llegada-del-nuevo-serie-3","status":"publish","type":"post","link":"https:\/\/www.lasrosas.com.ar\/portal\/auto-munich-anuncia-la-llegada-del-nuevo-serie-3\/","title":{"rendered":"AUTO MUNICH ANUNCIA LA LLEGADA DEL NUEVO SERIE 3"},"content":{"rendered":"<h3><strong>Se trata de la s\u00e9ptima generaci\u00f3n de la berlina deportiva hist\u00f3rica de la marca lanzado por primera vez al mercado en el a\u00f1o 1975 y que ya lleva vendidas m\u00e1s de 15 millones de unidades en todo el mundo.<\/strong><\/h3>\n<p><img decoding=\"async\" class=\"alignnone size-full wp-image-15358 lazyload\" data-src=\"https:\/\/www.lasrosas.com.ar\/portal\/wp-content\/uploads\/Nuevo-BMW-Serie-3-interior.jpg\" alt=\"\" width=\"1619\" height=\"1080\" data-srcset=\"https:\/\/www.lasrosas.com.ar\/portal\/wp-content\/uploads\/Nuevo-BMW-Serie-3-interior.jpg 1619w, https:\/\/www.lasrosas.com.ar\/portal\/wp-content\/uploads\/Nuevo-BMW-Serie-3-interior-960x640.jpg 960w\" data-sizes=\"(max-width: 1619px) 100vw, 1619px\" src=\"data:image\/svg+xml;base64,PHN2ZyB3aWR0aD0iMSIgaGVpZ2h0PSIxIiB4bWxucz0iaHR0cDovL3d3dy53My5vcmcvMjAwMC9zdmciPjwvc3ZnPg==\" style=\"--smush-placeholder-width: 1619px; --smush-placeholder-aspect-ratio: 1619\/1080;\" \/><\/p>\n<p>Este nuevo <strong>BMW serie 3<\/strong> estar\u00e1 disponible en una versi\u00f3n de lanzamiento:<strong> 330i SportLine.<\/strong><\/p>\n<p>En el compartimento motor cuenta con un impulsor 2.0 turbo de 258 hp de cuatro cilindros acompa\u00f1ado con una <strong>caja Steptronic Sport<\/strong> de ocho velocidades autom\u00e1tica con levas al volante.<\/p>\n<p>Las prestaciones son otro pilar de esta nueva unidad <strong>BMW.<\/strong> Es capaz de acelerar de 0 a 100 km\/h en 5.5 segundos y alcanzar una velocidad m\u00e1xima de 250 km\/h.<\/p>\n<p>El dise\u00f1o general nos hace apreciar cambios siderales. En esta ocasi\u00f3n,\u00a0 el exterior acusa un mayor su tama\u00f1o en respecto a su antecesora tanto en largo como en ancho. Se aprecian terminaciones m\u00e1s robustas y modernas. Las \u00f3pticas delanteras se mantienen en LED.<\/p>\n<p>Una vez adentro, nos daremos cuenta de su innovaci\u00f3n total. El<strong> BMW Live Cockpit Professional<\/strong> nos facilita la visi\u00f3n y lectura instrumental del veh\u00edculo, y se mantiene el software propio de la marca alemana<strong> IDRIVE<\/strong> para el manejo de funciones de multimedia y chequeos generales del veh\u00edculo.<\/p>\n<p>La conectividad mediante el<strong> Apple Car Play<\/strong> har\u00e1 de los tel\u00e9fonos m\u00f3viles, un socio ideal para el manejo.<\/p>\n<p>Un auto con historia, una marca con presencia: Un usuario \u00fanico<\/p>\n<p><strong>Precio y garant\u00eda:<\/strong><\/p>\n<ul>\n<li>BMW X3 xDrive 30i: U$S 86.900<\/li>\n<li>BMW X3 xDrive M40i: U$S 124.900<\/li>\n<li>Garant\u00eda de 3 a\u00f1os o 200.000 kil\u00f3metros<\/li>\n<\/ul>\n<p>&nbsp;<\/p>\n<p>&nbsp;<\/p>\n<p>&nbsp;<\/p>\n<!-- AddThis Advanced Settings generic via filter on the_content --><!-- AddThis Share Buttons generic via filter on the_content -->","protected":false},"excerpt":{"rendered":"<p>Se trata de la s\u00e9ptima generaci\u00f3n de la berlina deportiva hist\u00f3rica de la marca lanzado por primera vez al mercado en el a\u00f1o 1975 y que ya lleva vendidas m\u00e1s de 15 millones de unidades en todo el mundo. Este nuevo BMW serie 3 estar\u00e1 disponible en una versi\u00f3n de lanzamiento: 330i SportLine. En el [&hellip;]<!-- AddThis Advanced Settings generic via filter on get_the_excerpt --><!-- AddThis Share Buttons generic via filter on get_the_excerpt --><\/p>\n","protected":false},"author":6,"featured_media":15359,"comment_status":"closed","ping_status":"open","sticky":false,"template":"","format":"standard","meta":{"_acf_changed":false,"om_disable_all_campaigns":false,"_monsterinsights_skip_tracking":false,"_monsterinsights_sitenote_active":false,"_monsterinsights_sitenote_note":"","_monsterinsights_sitenote_category":0,"_uf_show_specific_survey":0,"_uf_disable_surveys":false,"footnotes":""},"categories":[234,26],"tags":[],"class_list":["post-15357","post","type-post","status-publish","format-standard","has-post-thumbnail","hentry","category-trend","category-negocios"],"acf":[],"aioseo_notices":[],"_links":{"self":[{"href":"https:\/\/www.lasrosas.com.ar\/portal\/wp-json\/wp\/v2\/posts\/15357","targetHints":{"allow":["GET"]}}],"collection":[{"href":"https:\/\/www.lasrosas.com.ar\/portal\/wp-json\/wp\/v2\/posts"}],"about":[{"href":"https:\/\/www.lasrosas.com.ar\/portal\/wp-json\/wp\/v2\/types\/post"}],"author":[{"embeddable":true,"href":"https:\/\/www.lasrosas.com.ar\/portal\/wp-json\/wp\/v2\/users\/6"}],"replies":[{"embeddable":true,"href":"https:\/\/www.lasrosas.com.ar\/portal\/wp-json\/wp\/v2\/comments?post=15357"}],"version-history":[{"count":0,"href":"https:\/\/www.lasrosas.com.ar\/portal\/wp-json\/wp\/v2\/posts\/15357\/revisions"}],"wp:featuredmedia":[{"embeddable":true,"href":"https:\/\/www.lasrosas.com.ar\/portal\/wp-json\/wp\/v2\/media\/15359"}],"wp:attachment":[{"href":"https:\/\/www.lasrosas.com.ar\/portal\/wp-json\/wp\/v2\/media?parent=15357"}],"wp:term":[{"taxonomy":"category","embeddable":true,"href":"https:\/\/www.lasrosas.com.ar\/portal\/wp-json\/wp\/v2\/categories?post=15357"},{"taxonomy":"post_tag","embeddable":true,"href":"https:\/\/www.lasrosas.com.ar\/portal\/wp-json\/wp\/v2\/tags?post=15357"}],"curies":[{"name":"wp","href":"https:\/\/api.w.org\/{rel}","templated":true}]}}