{"id":15306,"date":"2019-05-23T15:08:14","date_gmt":"2019-05-23T18:08:14","guid":{"rendered":"https:\/\/www.lasrosas.com.ar\/portal\/?p=15306"},"modified":"2019-05-23T15:09:18","modified_gmt":"2019-05-23T18:09:18","slug":"ds3-cafe-racer-homenaje-en-viejas-epocas","status":"publish","type":"post","link":"https:\/\/www.lasrosas.com.ar\/portal\/ds3-cafe-racer-homenaje-en-viejas-epocas\/","title":{"rendered":"DS3 CAF\u00c9 RACER: HOMENAJE A VIEJAS \u00c9POCAS"},"content":{"rendered":"<h3><strong>DS Automobiles y BMD Design se asociaron para crear el DS 3 CAF\u00c9 RACER, una edici\u00f3n limitada fuera de lo com\u00fan. Este auto de alta gama fue pensado para evocar todo lo que est\u00e1 bien: rock, motos, refinamiento y dise\u00f1o.<\/strong><\/h3>\n<p>El t\u00e9rmino<em><strong> \u201cCaf\u00e9 Racer\u201d<\/strong><\/em> se desarroll\u00f3 entre los motoqueros brit\u00e1nicos a comienzos de los a\u00f1os \u201960: recorr\u00edan con sus motos las calles de <strong>Londres<\/strong> a alta velocidad, de un caf\u00e9 a otro. Ten\u00edan la costumbre de personalizarlas para hacerlas lo m\u00e1s livianas posible, creando as\u00ed una est\u00e9tica que mezclaba lo radical con lo sobrio.<\/p>\n<p>Desde entonces, la tendencia se extendi\u00f3 por toda<strong> Europa<\/strong>, <strong>Jap\u00f3n<\/strong> y <strong>Am\u00e9rica<\/strong>. Hoy, en todo el mundo, esos artistas crean motocicletas fuera de lo com\u00fan, con un<br \/>\naspecto fuerte y noble a la vez, en honor, no s\u00f3lo a un pasado glorioso, sino tambi\u00e9n a un futuro prometedor.<\/p>\n\r\n\t\t<style type='text\/css'>\r\n\t\t\t#gallery-1 {\r\n\t\t\t\tmargin: auto;\r\n\t\t\t}\r\n\t\t\t#gallery-1 .gallery-item {\r\n\t\t\t\tfloat: left;\r\n\t\t\t\tmargin-top: 10px;\r\n\t\t\t\ttext-align: center;\r\n\t\t\t\twidth: 50%;\r\n\t\t\t}\r\n\t\t\t#gallery-1 img {\r\n\t\t\t\tborder: 2px solid #cfcfcf;\r\n\t\t\t}\r\n\t\t\t#gallery-1 .gallery-caption {\r\n\t\t\t\tmargin-left: 0;\r\n\t\t\t}\r\n\t\t<\/style>\r\n\t\t<!-- see gallery_shortcode() in wp-includes\/media.php -->\n\t\t<div id='gallery-1' class='gallery galleryid-15306 gallery-columns-2 gallery-size-full gallery1'><script type=\"text\/javascript\">\r\n\/\/ <![CDATA[\r\n\tjQuery(document).ready(function () {\r\n\t\tjQuery(\".gallery1 a\").attr(\"rel\",\"gallery1\");\t\r\n\t\tjQuery('a[rel=\"gallery1\"]').colorbox({maxWidth:\"95%\", maxHeight:\"95%\",title: function(){ return jQuery(this).children().attr(\"alt\"); }, });\r\n\t});\r\n\/\/ ]]>\r\n<\/script>\n<dl class=\"gallery-item\">\n<dt class=\"gallery-icon\">\r\n<a href=\"https:\/\/www.lasrosas.com.ar\/portal\/wp-content\/uploads\/LAS-ROSAS-DRIVES-1.jpg\" title=\"\" rel=\"gallery1\"><img decoding=\"async\" data-src=\"https:\/\/www.lasrosas.com.ar\/portal\/wp-content\/uploads\/LAS-ROSAS-DRIVES-1.jpg\" width=\"747\" height=\"561\" alt=\"\" src=\"data:image\/svg+xml;base64,PHN2ZyB3aWR0aD0iMSIgaGVpZ2h0PSIxIiB4bWxucz0iaHR0cDovL3d3dy53My5vcmcvMjAwMC9zdmciPjwvc3ZnPg==\" class=\"lazyload\" style=\"--smush-placeholder-width: 747px; --smush-placeholder-aspect-ratio: 747\/561;\" \/><\/a>\r\n<\/dt><\/dl><dl class=\"gallery-item\">\n<dt class=\"gallery-icon\">\r\n<a href=\"https:\/\/www.lasrosas.com.ar\/portal\/wp-content\/uploads\/LAS-ROSAS-DRIVES-4.jpg\" title=\"\" rel=\"gallery1\"><img decoding=\"async\" data-src=\"https:\/\/www.lasrosas.com.ar\/portal\/wp-content\/uploads\/LAS-ROSAS-DRIVES-4.jpg\" width=\"747\" height=\"561\" alt=\"\" src=\"data:image\/svg+xml;base64,PHN2ZyB3aWR0aD0iMSIgaGVpZ2h0PSIxIiB4bWxucz0iaHR0cDovL3d3dy53My5vcmcvMjAwMC9zdmciPjwvc3ZnPg==\" class=\"lazyload\" style=\"--smush-placeholder-width: 747px; --smush-placeholder-aspect-ratio: 747\/561;\" \/><\/a>\r\n<\/dt><\/dl><br style=\"clear: both\" \/>\r\n\t\t<\/div>\n\n<p>En el marco de este contexto hist\u00f3rico, <strong>DSAutomobiles<\/strong> lanz\u00f3 al mercado el <strong>DS 3 Caf\u00e9 Racer<\/strong>, una visi\u00f3n audaz de este universo, como homenaje a viejas \u00e9pocas, con verdaderas referencias de la herencia del automovilismo franc\u00e9s y brit\u00e1nico.<\/p>\n<p>De esta manera, a partir de la presentaci\u00f3n de este veh\u00edculo de alta gama, el estilo <em><strong>\u201cCaf\u00e9 Racer\u201d<\/strong> <\/em>se convirti\u00f3 en un sin\u00f3nimo de lujo mezclado con el toque rebelde<br \/>\ndel rock, una fusi\u00f3n ruda y vintage, que trascendi\u00f3 el mundo motoquero para instalarse como estilo de vida.<\/p>\n\r\n\t\t<style type='text\/css'>\r\n\t\t\t#gallery-2 {\r\n\t\t\t\tmargin: auto;\r\n\t\t\t}\r\n\t\t\t#gallery-2 .gallery-item {\r\n\t\t\t\tfloat: left;\r\n\t\t\t\tmargin-top: 10px;\r\n\t\t\t\ttext-align: center;\r\n\t\t\t\twidth: 50%;\r\n\t\t\t}\r\n\t\t\t#gallery-2 img {\r\n\t\t\t\tborder: 2px solid #cfcfcf;\r\n\t\t\t}\r\n\t\t\t#gallery-2 .gallery-caption {\r\n\t\t\t\tmargin-left: 0;\r\n\t\t\t}\r\n\t\t<\/style>\r\n\t\t<!-- see gallery_shortcode() in wp-includes\/media.php -->\n\t\t<div id='gallery-2' class='gallery galleryid-15306 gallery-columns-2 gallery-size-full gallery1'><script type=\"text\/javascript\">\r\n\/\/ <![CDATA[\r\n\tjQuery(document).ready(function () {\r\n\t\tjQuery(\".gallery1 a\").attr(\"rel\",\"gallery1\");\t\r\n\t\tjQuery('a[rel=\"gallery1\"]').colorbox({maxWidth:\"95%\", maxHeight:\"95%\",title: function(){ return jQuery(this).children().attr(\"alt\"); }, });\r\n\t});\r\n\/\/ ]]>\r\n<\/script>\n<dl class=\"gallery-item\">\n<dt class=\"gallery-icon\">\r\n<a href=\"https:\/\/www.lasrosas.com.ar\/portal\/wp-content\/uploads\/LAS-ROSAS-DRIVES-3.jpg\" title=\"\" rel=\"gallery1\"><img decoding=\"async\" data-src=\"https:\/\/www.lasrosas.com.ar\/portal\/wp-content\/uploads\/LAS-ROSAS-DRIVES-3.jpg\" width=\"747\" height=\"561\" alt=\"\" src=\"data:image\/svg+xml;base64,PHN2ZyB3aWR0aD0iMSIgaGVpZ2h0PSIxIiB4bWxucz0iaHR0cDovL3d3dy53My5vcmcvMjAwMC9zdmciPjwvc3ZnPg==\" class=\"lazyload\" style=\"--smush-placeholder-width: 747px; --smush-placeholder-aspect-ratio: 747\/561;\" \/><\/a>\r\n<\/dt><\/dl><dl class=\"gallery-item\">\n<dt class=\"gallery-icon\">\r\n<a href=\"https:\/\/www.lasrosas.com.ar\/portal\/wp-content\/uploads\/LAS-ROSAS-DRIVES-2.jpg\" title=\"\" rel=\"gallery1\"><img decoding=\"async\" data-src=\"https:\/\/www.lasrosas.com.ar\/portal\/wp-content\/uploads\/LAS-ROSAS-DRIVES-2.jpg\" width=\"747\" height=\"561\" alt=\"\" src=\"data:image\/svg+xml;base64,PHN2ZyB3aWR0aD0iMSIgaGVpZ2h0PSIxIiB4bWxucz0iaHR0cDovL3d3dy53My5vcmcvMjAwMC9zdmciPjwvc3ZnPg==\" class=\"lazyload\" style=\"--smush-placeholder-width: 747px; --smush-placeholder-aspect-ratio: 747\/561;\" \/><\/a>\r\n<\/dt><\/dl><br style=\"clear: both\" \/>\r\n\t\t<\/div>\n\n<p><strong>SEGURIDAD<\/strong><br \/>\n&#8211; Frenos ABS con repartidor electr\u00f3nico de frenado.<br \/>\n&#8211; Ayuda al frenado de urgencia.<br \/>\n&#8211; Control de estabilidad.<br \/>\n&#8211; Control de tracci\u00f3n.<br \/>\n&#8211; Detector de sub-inflado de neum\u00e1ticos.<br \/>\n&#8211; Seis airbags.<\/p>\n<p><strong>CONFORT<\/strong><br \/>\n&#8211; Direcci\u00f3n asistida el\u00e9ctrica variable.<br \/>\n&#8211; Sistema de navegaci\u00f3n GPS.<br \/>\n&#8211; Encendido autom\u00e1tico de luces.<br \/>\n&#8211; Sensor de lluvia.<br \/>\n&#8211; Limitador y regulador de velocidad.<br \/>\n&#8211; Asientos delanteros calefaccionados<\/p>\n<p><img decoding=\"async\" class=\"alignnone size-full wp-image-15311 lazyload\" data-src=\"https:\/\/www.lasrosas.com.ar\/portal\/wp-content\/uploads\/LAS-ROSAS-DRIVES-6.jpg\" alt=\"\" width=\"928\" height=\"696\" data-srcset=\"https:\/\/www.lasrosas.com.ar\/portal\/wp-content\/uploads\/LAS-ROSAS-DRIVES-6.jpg 928w, https:\/\/www.lasrosas.com.ar\/portal\/wp-content\/uploads\/LAS-ROSAS-DRIVES-6-640x480.jpg 640w\" data-sizes=\"(max-width: 928px) 100vw, 928px\" src=\"data:image\/svg+xml;base64,PHN2ZyB3aWR0aD0iMSIgaGVpZ2h0PSIxIiB4bWxucz0iaHR0cDovL3d3dy53My5vcmcvMjAwMC9zdmciPjwvc3ZnPg==\" style=\"--smush-placeholder-width: 928px; --smush-placeholder-aspect-ratio: 928\/696;\" \/><\/p>\n<p><strong>LA MENTE BRILLANTE DEL DISE\u00d1O<\/strong><br \/>\nEl responsable de esta edici\u00f3n limitada es <strong>Bruno Michaud.<\/strong> Dise\u00f1ador gr\u00e1fico, cre\u00f3 el estudio<strong> BMD<\/strong> en 2001, logrando trabajos con una esencia francesa de los a\u00f1os \u201930. Este artista reconoce una preferencia por el trabajo manual, lo que le permite estimular su capacidad creativa en todos sus sentidos.<\/p>\n<p><strong>#NOVEDADESEXTERNAS<\/strong><br \/>\n&#8211; DS Wings y las baguetas laterales en color negro opaco.<br \/>\n&#8211; Espejos retrovisores en color negro.<br \/>\n&#8211; Centro de ruedas color Crema Parth\u00e9non.<br \/>\n&#8211; Animaci\u00f3n espec\u00edfica Caf\u00e9 Racer en el exterior (laterales y techo).<br \/>\n&#8211; Animaci\u00f3n de la llave Caf\u00e9 Racer.<br \/>\n&#8211; DS LED Vision.<br \/>\n&#8211; Llantas 17\u201d Bellone en color negro brillante.<\/p>\n<p><em><strong>#NOVEDADESINTERNAS<\/strong><\/em><br \/>\n&#8211; Tapizado en Cuero Nappa color marr\u00f3n.<br \/>\n&#8211; Plancha de a bordo color Crema Parth\u00e9non.<br \/>\n&#8211; Climatizador autom\u00e1tico.<br \/>\n&#8211; C\u00e1mara de retroceso.<br \/>\n&#8211; Sistema Multimedia con pantalla t\u00e1ctil de 7\u201d con Mirror Screen (Android Auto\/Apple Car Play) y GPS.<\/p>\n<p><em><strong>#COLORESDISPONIBLES<\/strong><\/em><br \/>\n&#8211; Gris Platinium.<br \/>\n&#8211; Negro Perla Nera.<br \/>\n&#8211; Rojo Rub\u00ed.<br \/>\n&#8211; Blue Encre.<\/p>\n<p><em><strong>LO QUE SE VIENE<\/strong><\/em><br \/>\nLos autos de alta gama son cada vez m\u00e1s impactantes, al punto de generar la curiosidad de saber cu\u00e1l ser\u00e1 el pr\u00f3ximo lanzamiento. Por eso, te adelantamos que en <strong>Las Rosas Drives<\/strong> de nuestra pr\u00f3xima edici\u00f3n, te contaremos la novedad que <strong>BMW<\/strong> dar\u00e1 a conocer: el nuevo <strong>Serie 3 (G20).<\/strong><\/p>\n<!-- AddThis Advanced Settings generic via filter on the_content --><!-- AddThis Share Buttons generic via filter on the_content -->","protected":false},"excerpt":{"rendered":"<p>DS Automobiles y BMD Design se asociaron para crear el DS 3 CAF\u00c9 RACER, una edici\u00f3n limitada fuera de lo com\u00fan. Este auto de alta gama fue pensado para evocar todo lo que est\u00e1 bien: rock, motos, refinamiento y dise\u00f1o. El t\u00e9rmino \u201cCaf\u00e9 Racer\u201d se desarroll\u00f3 entre los motoqueros brit\u00e1nicos a comienzos de los a\u00f1os [&hellip;]<!-- AddThis Advanced Settings generic via filter on get_the_excerpt --><!-- AddThis Share Buttons generic via filter on get_the_excerpt --><\/p>\n","protected":false},"author":6,"featured_media":15312,"comment_status":"closed","ping_status":"open","sticky":false,"template":"","format":"standard","meta":{"_acf_changed":false,"om_disable_all_campaigns":false,"_monsterinsights_skip_tracking":false,"_monsterinsights_sitenote_active":false,"_monsterinsights_sitenote_note":"","_monsterinsights_sitenote_category":0,"_uf_show_specific_survey":0,"_uf_disable_surveys":false,"footnotes":""},"categories":[373,234],"tags":[],"class_list":["post-15306","post","type-post","status-publish","format-standard","has-post-thumbnail","hentry","category-las-rosas-drives","category-trend"],"acf":[],"aioseo_notices":[],"_links":{"self":[{"href":"https:\/\/www.lasrosas.com.ar\/portal\/wp-json\/wp\/v2\/posts\/15306","targetHints":{"allow":["GET"]}}],"collection":[{"href":"https:\/\/www.lasrosas.com.ar\/portal\/wp-json\/wp\/v2\/posts"}],"about":[{"href":"https:\/\/www.lasrosas.com.ar\/portal\/wp-json\/wp\/v2\/types\/post"}],"author":[{"embeddable":true,"href":"https:\/\/www.lasrosas.com.ar\/portal\/wp-json\/wp\/v2\/users\/6"}],"replies":[{"embeddable":true,"href":"https:\/\/www.lasrosas.com.ar\/portal\/wp-json\/wp\/v2\/comments?post=15306"}],"version-history":[{"count":0,"href":"https:\/\/www.lasrosas.com.ar\/portal\/wp-json\/wp\/v2\/posts\/15306\/revisions"}],"wp:featuredmedia":[{"embeddable":true,"href":"https:\/\/www.lasrosas.com.ar\/portal\/wp-json\/wp\/v2\/media\/15312"}],"wp:attachment":[{"href":"https:\/\/www.lasrosas.com.ar\/portal\/wp-json\/wp\/v2\/media?parent=15306"}],"wp:term":[{"taxonomy":"category","embeddable":true,"href":"https:\/\/www.lasrosas.com.ar\/portal\/wp-json\/wp\/v2\/categories?post=15306"},{"taxonomy":"post_tag","embeddable":true,"href":"https:\/\/www.lasrosas.com.ar\/portal\/wp-json\/wp\/v2\/tags?post=15306"}],"curies":[{"name":"wp","href":"https:\/\/api.w.org\/{rel}","templated":true}]}}