{"id":15245,"date":"2019-05-22T15:57:10","date_gmt":"2019-05-22T18:57:10","guid":{"rendered":"https:\/\/www.lasrosas.com.ar\/portal\/?p=15245"},"modified":"2019-05-22T15:57:51","modified_gmt":"2019-05-22T18:57:51","slug":"un-punto-de-encuentro-en-dubai-entre-oriente-medio-europa-y-asia","status":"publish","type":"post","link":"https:\/\/www.lasrosas.com.ar\/portal\/un-punto-de-encuentro-en-dubai-entre-oriente-medio-europa-y-asia\/","title":{"rendered":"UN PUNTO DE ENCUENTRO EN DUBAI, ENTRE ORIENTE MEDIO, EUROPA Y ASIA"},"content":{"rendered":"<p style=\"text-align: right;\"><strong>Por Florencia Sosa \/ @florsosadd<\/strong><br \/>\n<strong>Carolina Franco \/ @carofranko<\/strong><br \/>\n<strong>Priv\u00e9 Argentina \/ @priveargentina<\/strong><br \/>\n<strong>Agradecimientos: Emirates<\/strong><\/p>\n<h3><strong>M\u00e1s de setenta dise\u00f1adores de Medio Oriente, Europa y Asia se unieron en la Semana de la Moda \u00c1rabe, en 1422 City Walk, el nuevo centro comercial y de eventos de Dubai.<\/strong><\/h3>\n<div id=\"attachment_15247\" style=\"width: 650px\" class=\"wp-caption alignnone\"><img decoding=\"async\" aria-describedby=\"caption-attachment-15247\" class=\"wp-image-15247 size-medium lazyload\" data-src=\"https:\/\/www.lasrosas.com.ar\/portal\/wp-content\/uploads\/Aiisha-Ramadan-Resort-2020-AFW-Dubai-2137-640x960.jpg\" alt=\"\" width=\"640\" height=\"960\" data-srcset=\"https:\/\/www.lasrosas.com.ar\/portal\/wp-content\/uploads\/Aiisha-Ramadan-Resort-2020-AFW-Dubai-2137-640x960.jpg 640w, https:\/\/www.lasrosas.com.ar\/portal\/wp-content\/uploads\/Aiisha-Ramadan-Resort-2020-AFW-Dubai-2137-1280x1920.jpg 1280w, https:\/\/www.lasrosas.com.ar\/portal\/wp-content\/uploads\/Aiisha-Ramadan-Resort-2020-AFW-Dubai-2137.jpg 1333w\" data-sizes=\"(max-width: 640px) 100vw, 640px\" src=\"data:image\/svg+xml;base64,PHN2ZyB3aWR0aD0iMSIgaGVpZ2h0PSIxIiB4bWxucz0iaHR0cDovL3d3dy53My5vcmcvMjAwMC9zdmciPjwvc3ZnPg==\" style=\"--smush-placeholder-width: 640px; --smush-placeholder-aspect-ratio: 640\/960;\" \/><p id=\"caption-attachment-15247\" class=\"wp-caption-text\">Aiisha Ramadan Resort 2020 Collection Arab Fashion Week in Dubai<\/p><\/div>\n<p>Cada noche se desarroll\u00f3 rodeada de lujos y celebrities locales. Las vestimentas tradicionales \u00e1rabes acapararon las primeras filas, contrastando con algunos dise\u00f1os<br \/>\ntransgresores en pasarela.<\/p>\n<p><strong>Sara Al Madani<\/strong>, empresaria y celebridad local, fue una de las m\u00e1s esperadas. Ella se ha encargado de representar el empoderamiento femenino y potenciar a las<br \/>\nmujeres \u00e1rabes.<\/p>\n\r\n\t\t<style type='text\/css'>\r\n\t\t\t#gallery-1 {\r\n\t\t\t\tmargin: auto;\r\n\t\t\t}\r\n\t\t\t#gallery-1 .gallery-item {\r\n\t\t\t\tfloat: left;\r\n\t\t\t\tmargin-top: 10px;\r\n\t\t\t\ttext-align: center;\r\n\t\t\t\twidth: 33%;\r\n\t\t\t}\r\n\t\t\t#gallery-1 img {\r\n\t\t\t\tborder: 2px solid #cfcfcf;\r\n\t\t\t}\r\n\t\t\t#gallery-1 .gallery-caption {\r\n\t\t\t\tmargin-left: 0;\r\n\t\t\t}\r\n\t\t<\/style>\r\n\t\t<!-- see gallery_shortcode() in wp-includes\/media.php -->\n\t\t<div id='gallery-1' class='gallery galleryid-15245 gallery-columns-3 gallery-size-full gallery1'><script type=\"text\/javascript\">\r\n\/\/ <![CDATA[\r\n\tjQuery(document).ready(function () {\r\n\t\tjQuery(\".gallery1 a\").attr(\"rel\",\"gallery1\");\t\r\n\t\tjQuery('a[rel=\"gallery1\"]').colorbox({maxWidth:\"95%\", maxHeight:\"95%\",title: function(){ return jQuery(this).children().attr(\"alt\"); }, });\r\n\t});\r\n\/\/ ]]>\r\n<\/script>\n<dl class=\"gallery-item\">\n<dt class=\"gallery-icon\">\r\n<a href=\"https:\/\/www.lasrosas.com.ar\/portal\/wp-content\/uploads\/Sara-Altwaim-Resort-2020-AFW-Dubai-4964-1280x1920.jpg\" title=\"Sara Altwaim Resort 2020 Collection Arab Fashion Week in Dubai\" rel=\"gallery1\"><img decoding=\"async\" data-src=\"https:\/\/www.lasrosas.com.ar\/portal\/wp-content\/uploads\/Sara-Altwaim-Resort-2020-AFW-Dubai-4964.jpg\" width=\"1333\" height=\"2000\" alt=\"Sara Altwaim Resort 2020 Collection Arab Fashion Week in Dubai\" src=\"data:image\/svg+xml;base64,PHN2ZyB3aWR0aD0iMSIgaGVpZ2h0PSIxIiB4bWxucz0iaHR0cDovL3d3dy53My5vcmcvMjAwMC9zdmciPjwvc3ZnPg==\" class=\"lazyload\" style=\"--smush-placeholder-width: 1333px; --smush-placeholder-aspect-ratio: 1333\/2000;\" \/><\/a>\r\n<\/dt><dd class=\"gallery-caption\" id=\"caption15251\"><span class=\"imagecaption\">Sara Altwaim Resort 2020 Collection Arab Fashion Week in Dubai<\/span><br \/>\n<\/dd><\/dl><dl class=\"gallery-item\">\n<dt class=\"gallery-icon\">\r\n<a href=\"https:\/\/www.lasrosas.com.ar\/portal\/wp-content\/uploads\/Sara-Altwaim-Resort-2020-AFW-Dubai-5242-1280x1920.jpg\" title=\"Sara Altwaim Resort 2020 Collection Arab Fashion Week in Dubai\" rel=\"gallery1\"><img decoding=\"async\" data-src=\"https:\/\/www.lasrosas.com.ar\/portal\/wp-content\/uploads\/Sara-Altwaim-Resort-2020-AFW-Dubai-5242.jpg\" width=\"1333\" height=\"2000\" alt=\"Sara Altwaim Resort 2020 Collection Arab Fashion Week in Dubai\" src=\"data:image\/svg+xml;base64,PHN2ZyB3aWR0aD0iMSIgaGVpZ2h0PSIxIiB4bWxucz0iaHR0cDovL3d3dy53My5vcmcvMjAwMC9zdmciPjwvc3ZnPg==\" class=\"lazyload\" style=\"--smush-placeholder-width: 1333px; --smush-placeholder-aspect-ratio: 1333\/2000;\" \/><\/a>\r\n<\/dt><dd class=\"gallery-caption\" id=\"caption15252\"><span class=\"imagecaption\">Sara Altwaim Resort 2020 Collection Arab Fashion Week in Dubai<\/span><br \/>\n<\/dd><\/dl><dl class=\"gallery-item\">\n<dt class=\"gallery-icon\">\r\n<a href=\"https:\/\/www.lasrosas.com.ar\/portal\/wp-content\/uploads\/Sara-Altwaim-Resort-2020-AFW-Dubai-4906-1280x1920.jpg\" title=\"Sara Altwaim Resort 2020 Collection Arab Fashion Week in Dubai\" rel=\"gallery1\"><img decoding=\"async\" data-src=\"https:\/\/www.lasrosas.com.ar\/portal\/wp-content\/uploads\/Sara-Altwaim-Resort-2020-AFW-Dubai-4906.jpg\" width=\"1333\" height=\"2000\" alt=\"Sara Altwaim Resort 2020 Collection Arab Fashion Week in Dubai\" src=\"data:image\/svg+xml;base64,PHN2ZyB3aWR0aD0iMSIgaGVpZ2h0PSIxIiB4bWxucz0iaHR0cDovL3d3dy53My5vcmcvMjAwMC9zdmciPjwvc3ZnPg==\" class=\"lazyload\" style=\"--smush-placeholder-width: 1333px; --smush-placeholder-aspect-ratio: 1333\/2000;\" \/><\/a>\r\n<\/dt><dd class=\"gallery-caption\" id=\"caption15253\"><span class=\"imagecaption\">Sara Altwaim Resort 2020 Collection Arab Fashion Week in Dubai<\/span><br \/>\n<\/dd><\/dl><br style=\"clear: both\" \/>\r\n\t\t<\/div>\n\n<p>Cabe destacar como la ola del <em><strong>\u201cWoman Empowerment\u201d<\/strong><\/em> ha ido ganando lugar en esta cultura, dando un lugar m\u00e1s protag\u00f3nico al g\u00e9nero femenino y permitiendo que puedan expresar su voz desde diferentes \u00e1mbitos de la sociedad.<\/p>\n<p>Una de las estrellas del evento fue <strong>Mikhail Chamoun<\/strong>, un joven dise\u00f1ador que present\u00f3 la colecci\u00f3n de c\u00e1psulas<em> <strong>\u201cLet\u2019s move world\u201d<\/strong><\/em> para DHL, marca l\u00edder en log\u00edstica y principal sponsor del evento.<\/p>\n\r\n\t\t<style type='text\/css'>\r\n\t\t\t#gallery-2 {\r\n\t\t\t\tmargin: auto;\r\n\t\t\t}\r\n\t\t\t#gallery-2 .gallery-item {\r\n\t\t\t\tfloat: left;\r\n\t\t\t\tmargin-top: 10px;\r\n\t\t\t\ttext-align: center;\r\n\t\t\t\twidth: 33%;\r\n\t\t\t}\r\n\t\t\t#gallery-2 img {\r\n\t\t\t\tborder: 2px solid #cfcfcf;\r\n\t\t\t}\r\n\t\t\t#gallery-2 .gallery-caption {\r\n\t\t\t\tmargin-left: 0;\r\n\t\t\t}\r\n\t\t<\/style>\r\n\t\t<!-- see gallery_shortcode() in wp-includes\/media.php -->\n\t\t<div id='gallery-2' class='gallery galleryid-15245 gallery-columns-3 gallery-size-full gallery1'><script type=\"text\/javascript\">\r\n\/\/ <![CDATA[\r\n\tjQuery(document).ready(function () {\r\n\t\tjQuery(\".gallery1 a\").attr(\"rel\",\"gallery1\");\t\r\n\t\tjQuery('a[rel=\"gallery1\"]').colorbox({maxWidth:\"95%\", maxHeight:\"95%\",title: function(){ return jQuery(this).children().attr(\"alt\"); }, });\r\n\t});\r\n\/\/ ]]>\r\n<\/script>\n<dl class=\"gallery-item\">\n<dt class=\"gallery-icon\">\r\n<a href=\"https:\/\/www.lasrosas.com.ar\/portal\/wp-content\/uploads\/MIKHAIL-CHAMOUN-x-DHL-Resort-2020-AFW-Dubai-2644-1280x1920.jpg\" title=\"MIKHAIL CHAMOUN x DHL Resort 2020 Collection Arab Fashion Week in Dubai\" rel=\"gallery1\"><img decoding=\"async\" data-src=\"https:\/\/www.lasrosas.com.ar\/portal\/wp-content\/uploads\/MIKHAIL-CHAMOUN-x-DHL-Resort-2020-AFW-Dubai-2644.jpg\" width=\"1333\" height=\"2000\" alt=\"MIKHAIL CHAMOUN x DHL Resort 2020 Collection Arab Fashion Week in Dubai\" src=\"data:image\/svg+xml;base64,PHN2ZyB3aWR0aD0iMSIgaGVpZ2h0PSIxIiB4bWxucz0iaHR0cDovL3d3dy53My5vcmcvMjAwMC9zdmciPjwvc3ZnPg==\" class=\"lazyload\" style=\"--smush-placeholder-width: 1333px; --smush-placeholder-aspect-ratio: 1333\/2000;\" \/><\/a>\r\n<\/dt><dd class=\"gallery-caption\" id=\"caption15250\"><span class=\"imagecaption\">MIKHAIL CHAMOUN x DHL Resort 2020 Collection Arab Fashion Week in Dubai<\/span><br \/>\n<\/dd><\/dl><dl class=\"gallery-item\">\n<dt class=\"gallery-icon\">\r\n<a href=\"https:\/\/www.lasrosas.com.ar\/portal\/wp-content\/uploads\/MIKHAIL-CHAMOUN-x-DHL-Resort-2020-AFW-Dubai-2626-1280x1920.jpg\" title=\"MIKHAIL CHAMOUN x DHL Resort 2020 Collection Arab Fashion Week in Dubai\" rel=\"gallery1\"><img decoding=\"async\" data-src=\"https:\/\/www.lasrosas.com.ar\/portal\/wp-content\/uploads\/MIKHAIL-CHAMOUN-x-DHL-Resort-2020-AFW-Dubai-2626.jpg\" width=\"1333\" height=\"2000\" alt=\"MIKHAIL CHAMOUN x DHL Resort 2020 Collection Arab Fashion Week in Dubai\" src=\"data:image\/svg+xml;base64,PHN2ZyB3aWR0aD0iMSIgaGVpZ2h0PSIxIiB4bWxucz0iaHR0cDovL3d3dy53My5vcmcvMjAwMC9zdmciPjwvc3ZnPg==\" class=\"lazyload\" style=\"--smush-placeholder-width: 1333px; --smush-placeholder-aspect-ratio: 1333\/2000;\" \/><\/a>\r\n<\/dt><dd class=\"gallery-caption\" id=\"caption15249\"><span class=\"imagecaption\">MIKHAIL CHAMOUN x DHL Resort 2020 Collection Arab Fashion Week in Dubai<\/span><br \/>\n<\/dd><\/dl><dl class=\"gallery-item\">\n<dt class=\"gallery-icon\">\r\n<a href=\"https:\/\/www.lasrosas.com.ar\/portal\/wp-content\/uploads\/MIKHAIL-CHAMOUN-x-DHL-Resort-2020-AFW-Dubai-2612-1280x1920.jpg\" title=\"MIKHAIL CHAMOUN x DHL Resort 2020 Collection Arab Fashion Week in Dubai\" rel=\"gallery1\"><img decoding=\"async\" data-src=\"https:\/\/www.lasrosas.com.ar\/portal\/wp-content\/uploads\/MIKHAIL-CHAMOUN-x-DHL-Resort-2020-AFW-Dubai-2612.jpg\" width=\"1333\" height=\"2000\" alt=\"MIKHAIL CHAMOUN x DHL Resort 2020 Collection Arab Fashion Week in Dubai\" src=\"data:image\/svg+xml;base64,PHN2ZyB3aWR0aD0iMSIgaGVpZ2h0PSIxIiB4bWxucz0iaHR0cDovL3d3dy53My5vcmcvMjAwMC9zdmciPjwvc3ZnPg==\" class=\"lazyload\" style=\"--smush-placeholder-width: 1333px; --smush-placeholder-aspect-ratio: 1333\/2000;\" \/><\/a>\r\n<\/dt><dd class=\"gallery-caption\" id=\"caption15248\"><span class=\"imagecaption\">MIKHAIL CHAMOUN x DHL Resort 2020 Collection Arab Fashion Week in Dubai<\/span><br \/>\n<\/dd><\/dl><br style=\"clear: both\" \/>\r\n\t\t<\/div>\n\n<p>Otro de los que m\u00e1s llamaron la atenci\u00f3n fue Blssd, una marca de moda social sin fines de lucro, que ayuda a las personas afectadas por el c\u00e1ncer y que llev\u00f3 la gama <em><strong>\u201cStated Blssd\u201d<\/strong><\/em> al escenario, caracterizada por suaves siluetas y detalles originales.<\/p>\n\r\n\t\t<style type='text\/css'>\r\n\t\t\t#gallery-3 {\r\n\t\t\t\tmargin: auto;\r\n\t\t\t}\r\n\t\t\t#gallery-3 .gallery-item {\r\n\t\t\t\tfloat: left;\r\n\t\t\t\tmargin-top: 10px;\r\n\t\t\t\ttext-align: center;\r\n\t\t\t\twidth: 33%;\r\n\t\t\t}\r\n\t\t\t#gallery-3 img {\r\n\t\t\t\tborder: 2px solid #cfcfcf;\r\n\t\t\t}\r\n\t\t\t#gallery-3 .gallery-caption {\r\n\t\t\t\tmargin-left: 0;\r\n\t\t\t}\r\n\t\t<\/style>\r\n\t\t<!-- see gallery_shortcode() in wp-includes\/media.php -->\n\t\t<div id='gallery-3' class='gallery galleryid-15245 gallery-columns-3 gallery-size-full gallery1'><script type=\"text\/javascript\">\r\n\/\/ <![CDATA[\r\n\tjQuery(document).ready(function () {\r\n\t\tjQuery(\".gallery1 a\").attr(\"rel\",\"gallery1\");\t\r\n\t\tjQuery('a[rel=\"gallery1\"]').colorbox({maxWidth:\"95%\", maxHeight:\"95%\",title: function(){ return jQuery(this).children().attr(\"alt\"); }, });\r\n\t});\r\n\/\/ ]]>\r\n<\/script>\n<dl class=\"gallery-item\">\n<dt class=\"gallery-icon\">\r\n<a href=\"https:\/\/www.lasrosas.com.ar\/portal\/wp-content\/uploads\/BLSSD-Resort-2020-AFW-Dubai-3933-1280x1920.jpg\" title=\"BLSSD Resort 2020 Collection Arab Fashion Week in Dubai\" rel=\"gallery1\"><img decoding=\"async\" data-src=\"https:\/\/www.lasrosas.com.ar\/portal\/wp-content\/uploads\/BLSSD-Resort-2020-AFW-Dubai-3933.jpg\" width=\"1333\" height=\"2000\" alt=\"BLSSD Resort 2020 Collection Arab Fashion Week in Dubai\" src=\"data:image\/svg+xml;base64,PHN2ZyB3aWR0aD0iMSIgaGVpZ2h0PSIxIiB4bWxucz0iaHR0cDovL3d3dy53My5vcmcvMjAwMC9zdmciPjwvc3ZnPg==\" class=\"lazyload\" style=\"--smush-placeholder-width: 1333px; --smush-placeholder-aspect-ratio: 1333\/2000;\" \/><\/a>\r\n<\/dt><dd class=\"gallery-caption\" id=\"caption15257\"><span class=\"imagecaption\">BLSSD Resort 2020 Collection Arab Fashion Week in Dubai<\/span><br \/>\n<\/dd><\/dl><dl class=\"gallery-item\">\n<dt class=\"gallery-icon\">\r\n<a href=\"https:\/\/www.lasrosas.com.ar\/portal\/wp-content\/uploads\/BLSSD-Resort-2020-AFW-Dubai-4030-1280x1920.jpg\" title=\"BLSSD Resort 2020 Collection Arab Fashion Week in Dubai\" rel=\"gallery1\"><img decoding=\"async\" data-src=\"https:\/\/www.lasrosas.com.ar\/portal\/wp-content\/uploads\/BLSSD-Resort-2020-AFW-Dubai-4030.jpg\" width=\"1333\" height=\"2000\" alt=\"BLSSD Resort 2020 Collection Arab Fashion Week in Dubai\" src=\"data:image\/svg+xml;base64,PHN2ZyB3aWR0aD0iMSIgaGVpZ2h0PSIxIiB4bWxucz0iaHR0cDovL3d3dy53My5vcmcvMjAwMC9zdmciPjwvc3ZnPg==\" class=\"lazyload\" style=\"--smush-placeholder-width: 1333px; --smush-placeholder-aspect-ratio: 1333\/2000;\" \/><\/a>\r\n<\/dt><dd class=\"gallery-caption\" id=\"caption15258\"><span class=\"imagecaption\">BLSSD Resort 2020 Collection Arab Fashion Week in Dubai<\/span><br \/>\n<\/dd><\/dl><dl class=\"gallery-item\">\n<dt class=\"gallery-icon\">\r\n<a href=\"https:\/\/www.lasrosas.com.ar\/portal\/wp-content\/uploads\/robert-pattinson-batman-2-1280x1920.jpg\" title=\"BLSSD Resort 2020 Collection Arab Fashion Week in Dubai\" rel=\"gallery1\"><img decoding=\"async\" data-src=\"https:\/\/www.lasrosas.com.ar\/portal\/wp-content\/uploads\/robert-pattinson-batman-2.jpg\" width=\"1333\" height=\"2000\" alt=\"BLSSD Resort 2020 Collection Arab Fashion Week in Dubai\" src=\"data:image\/svg+xml;base64,PHN2ZyB3aWR0aD0iMSIgaGVpZ2h0PSIxIiB4bWxucz0iaHR0cDovL3d3dy53My5vcmcvMjAwMC9zdmciPjwvc3ZnPg==\" class=\"lazyload\" style=\"--smush-placeholder-width: 1333px; --smush-placeholder-aspect-ratio: 1333\/2000;\" \/><\/a>\r\n<\/dt><dd class=\"gallery-caption\" id=\"caption15259\"><span class=\"imagecaption\">BLSSD Resort 2020 Collection Arab Fashion Week in Dubai<\/span><br \/>\n<\/dd><\/dl><br style=\"clear: both\" \/>\r\n\t\t<\/div>\n\n<p>Tambi\u00e9n estuvo<strong> Aiisha Ramadan<\/strong>, cuyos 35 looks de alta costura estuvieron inspirados en las estaciones de la vida, e <strong>Hiba Younis<\/strong>, que impact\u00f3 con una colecci\u00f3n de piezas bordadas a mano, dedicada a la caligraf\u00eda \u00e1rabe.<\/p>\n<p><strong><em>\u00ab\u2026Arab Fashion Week es una plataforma poderosa<\/em> para dise\u00f1adores de moda y casas de moda locales, regionales e internacionales, que muestra al resto del mundo c\u00f3mo est\u00e1 evolucionando la moda en el Medio Oriente\u2026\u00bb\u00a0<\/strong>JACOB ABRIAN- CEO DE \u201cARAB FASHION WEEK\u201d<\/p>\n<p>El cierre de <strong><em>\u201cArab Fashion Week\u201d<\/em> <\/strong>estuvo a cargo de <strong>Rami Kadi<\/strong>, autor del tan comentado vestido de <strong>Kendall Jenner<\/strong> en los <strong>Oscars.<\/strong> Present\u00f3 un trabajo con una paleta de colores brillantes, con el esp\u00edritu libre del festival de m\u00fasica <em><strong>\u201cBurning Man\u201d<\/strong><\/em>, su inspiraci\u00f3n para esta colecci\u00f3n.<\/p>\n<p>As\u00ed culmin\u00f3 la octava edici\u00f3n de la Semana de la Moda \u00c1rabe, marcando tendencia, mostrando creaciones codiciadas y colecciones de c\u00e1psula, bajo la atenta mirada de 26 mil invitados, entre ellos, Grupo Las Rosas.<\/p>\n<p><strong>#EMIRATES<\/strong><\/p>\n<p><strong>Emirates<\/strong> nos acompa\u00f1\u00f3 en esta cobertura y llev\u00f3 nuestra experiencia a otro nivel. Desde la llegada al aeropuerto hasta el destino final, recibimos una atenci\u00f3n incre\u00edble. Disfrutamos de las comodidades de la Clase Ejecutiva, viajando en una suite con asiento cama y un mini bar propio. Internet tambi\u00e9n fue parte de la oferta ya que contamos con wifi durante todo el viaje.<strong> \u00a1Fueron 18 horas de vuelo que no se sintieron gracias al servicio de esta gran compa\u00f1\u00eda a\u00e9rea!<\/strong><\/p>\n<p>&nbsp;<\/p>\n<!-- AddThis Advanced Settings generic via filter on the_content --><!-- AddThis Share Buttons generic via filter on the_content -->","protected":false},"excerpt":{"rendered":"<p>Por Florencia Sosa \/ @florsosadd Carolina Franco \/ @carofranko Priv\u00e9 Argentina \/ @priveargentina Agradecimientos: Emirates M\u00e1s de setenta dise\u00f1adores de Medio Oriente, Europa y Asia se unieron en la Semana de la Moda \u00c1rabe, en 1422 City Walk, el nuevo centro comercial y de eventos de Dubai. Cada noche se desarroll\u00f3 rodeada de lujos y [&hellip;]<!-- AddThis Advanced Settings generic via filter on get_the_excerpt --><!-- AddThis Share Buttons generic via filter on get_the_excerpt --><\/p>\n","protected":false},"author":6,"featured_media":15246,"comment_status":"closed","ping_status":"open","sticky":false,"template":"","format":"standard","meta":{"_acf_changed":false,"om_disable_all_campaigns":false,"_monsterinsights_skip_tracking":false,"_monsterinsights_sitenote_active":false,"_monsterinsights_sitenote_note":"","_monsterinsights_sitenote_category":0,"_uf_show_specific_survey":0,"_uf_disable_surveys":false,"footnotes":""},"categories":[30],"tags":[],"class_list":["post-15245","post","type-post","status-publish","format-standard","has-post-thumbnail","hentry","category-moda"],"acf":[],"aioseo_notices":[],"_links":{"self":[{"href":"https:\/\/www.lasrosas.com.ar\/portal\/wp-json\/wp\/v2\/posts\/15245","targetHints":{"allow":["GET"]}}],"collection":[{"href":"https:\/\/www.lasrosas.com.ar\/portal\/wp-json\/wp\/v2\/posts"}],"about":[{"href":"https:\/\/www.lasrosas.com.ar\/portal\/wp-json\/wp\/v2\/types\/post"}],"author":[{"embeddable":true,"href":"https:\/\/www.lasrosas.com.ar\/portal\/wp-json\/wp\/v2\/users\/6"}],"replies":[{"embeddable":true,"href":"https:\/\/www.lasrosas.com.ar\/portal\/wp-json\/wp\/v2\/comments?post=15245"}],"version-history":[{"count":0,"href":"https:\/\/www.lasrosas.com.ar\/portal\/wp-json\/wp\/v2\/posts\/15245\/revisions"}],"wp:featuredmedia":[{"embeddable":true,"href":"https:\/\/www.lasrosas.com.ar\/portal\/wp-json\/wp\/v2\/media\/15246"}],"wp:attachment":[{"href":"https:\/\/www.lasrosas.com.ar\/portal\/wp-json\/wp\/v2\/media?parent=15245"}],"wp:term":[{"taxonomy":"category","embeddable":true,"href":"https:\/\/www.lasrosas.com.ar\/portal\/wp-json\/wp\/v2\/categories?post=15245"},{"taxonomy":"post_tag","embeddable":true,"href":"https:\/\/www.lasrosas.com.ar\/portal\/wp-json\/wp\/v2\/tags?post=15245"}],"curies":[{"name":"wp","href":"https:\/\/api.w.org\/{rel}","templated":true}]}}