{"id":15105,"date":"2019-05-20T14:08:43","date_gmt":"2019-05-20T17:08:43","guid":{"rendered":"https:\/\/www.lasrosas.com.ar\/portal\/?p=15105"},"modified":"2019-05-20T14:08:43","modified_gmt":"2019-05-20T17:08:43","slug":"faena-hotel-buenos-aires-celebra-la-revolucion-de-mayo","status":"publish","type":"post","link":"https:\/\/www.lasrosas.com.ar\/portal\/faena-hotel-buenos-aires-celebra-la-revolucion-de-mayo\/","title":{"rendered":"FAENA HOTEL BUENOS AIRES CELEBRA LA REVOLUCI\u00d3N DE MAYO"},"content":{"rendered":"<h3><strong>Al calor del horno de barro del restaurante El Mercado, la Semana de Mayo se vive a trav\u00e9s de los sabores m\u00e1s tradicionales argentinos.<\/strong><\/h3>\n<p>Hace poco m\u00e1s de 200 a\u00f1os, en la <strong>Primera Junta<\/strong> se abr\u00edan caminos hacia la independencia del<strong> Virreynato del Rio De La Plata<\/strong>. Por eso, <strong>Faena Hotel Buenos Aires<\/strong> celebra los sabores patrios con un men\u00fa especialmente dise\u00f1ado <em>\u2013mix de tradiciones abor\u00edgenes, italianas y espa\u00f1olas-<\/em> para la ocasi\u00f3n.<\/p>\n<p><strong>El Mercado<\/strong> revisa el esp\u00edritu de las legendarias cantinas de <strong>Buenos Aires<\/strong> junto al encanto de los mercados al aire libre europeos. Este espacio c\u00e1lido e \u00edntimo presenta lo mejor de la cocina tradicional argentina y celebra la <strong>Revoluci\u00f3n de Mayo<\/strong> con platos insignia del esp\u00edritu revolucionario durante toda la pr\u00f3xima semana.<\/p>\n\r\n\t\t<style type='text\/css'>\r\n\t\t\t#gallery-1 {\r\n\t\t\t\tmargin: auto;\r\n\t\t\t}\r\n\t\t\t#gallery-1 .gallery-item {\r\n\t\t\t\tfloat: left;\r\n\t\t\t\tmargin-top: 10px;\r\n\t\t\t\ttext-align: center;\r\n\t\t\t\twidth: 50%;\r\n\t\t\t}\r\n\t\t\t#gallery-1 img {\r\n\t\t\t\tborder: 2px solid #cfcfcf;\r\n\t\t\t}\r\n\t\t\t#gallery-1 .gallery-caption {\r\n\t\t\t\tmargin-left: 0;\r\n\t\t\t}\r\n\t\t<\/style>\r\n\t\t<!-- see gallery_shortcode() in wp-includes\/media.php -->\n\t\t<div id='gallery-1' class='gallery galleryid-15105 gallery-columns-2 gallery-size-full gallery1'><script type=\"text\/javascript\">\r\n\/\/ <![CDATA[\r\n\tjQuery(document).ready(function () {\r\n\t\tjQuery(\".gallery1 a\").attr(\"rel\",\"gallery1\");\t\r\n\t\tjQuery('a[rel=\"gallery1\"]').colorbox({maxWidth:\"95%\", maxHeight:\"95%\",title: function(){ return jQuery(this).children().attr(\"alt\"); }, });\r\n\t});\r\n\/\/ ]]>\r\n<\/script>\n<dl class=\"gallery-item\">\n<dt class=\"gallery-icon\">\r\n<a href=\"https:\/\/www.lasrosas.com.ar\/portal\/wp-content\/uploads\/IMG-20190422-WA0008-1.jpg\" title=\"\" rel=\"gallery1\"><img decoding=\"async\" data-src=\"https:\/\/www.lasrosas.com.ar\/portal\/wp-content\/uploads\/IMG-20190422-WA0008-1.jpg\" width=\"960\" height=\"1280\" alt=\"\" src=\"data:image\/svg+xml;base64,PHN2ZyB3aWR0aD0iMSIgaGVpZ2h0PSIxIiB4bWxucz0iaHR0cDovL3d3dy53My5vcmcvMjAwMC9zdmciPjwvc3ZnPg==\" class=\"lazyload\" style=\"--smush-placeholder-width: 960px; --smush-placeholder-aspect-ratio: 960\/1280;\" \/><\/a>\r\n<\/dt><\/dl><dl class=\"gallery-item\">\n<dt class=\"gallery-icon\">\r\n<a href=\"https:\/\/www.lasrosas.com.ar\/portal\/wp-content\/uploads\/IMG-20190422-WA0006-1.jpg\" title=\"\" rel=\"gallery1\"><img decoding=\"async\" data-src=\"https:\/\/www.lasrosas.com.ar\/portal\/wp-content\/uploads\/IMG-20190422-WA0006-1.jpg\" width=\"960\" height=\"1280\" alt=\"\" src=\"data:image\/svg+xml;base64,PHN2ZyB3aWR0aD0iMSIgaGVpZ2h0PSIxIiB4bWxucz0iaHR0cDovL3d3dy53My5vcmcvMjAwMC9zdmciPjwvc3ZnPg==\" class=\"lazyload\" style=\"--smush-placeholder-width: 960px; --smush-placeholder-aspect-ratio: 960\/1280;\" \/><\/a>\r\n<\/dt><\/dl><br style=\"clear: both\" \/>\r\n\t\t<\/div>\n\n<p><em><strong>MEN\u00da SEMANA DE MAYO\u00a0<\/strong><\/em>(Del 20 al 25 de mayo inclusive)<\/p>\n<p>Acompa\u00f1ado por los vinos de Bodega Trapiche<\/p>\n<p>Este men\u00fa incluye entrada, plato principal y postre, una bebida sin alcohol por persona,<br \/>\nuna botella de vino Trapiche cada dos personas y caf\u00e9 o t\u00e9 con petit fours.<\/p>\n<p><em>ENTRADAS<\/em><br \/>\nEmpanadas Criollas<br \/>\nHumita gratinada con queso de cabra<\/p>\n<p><em>PRINCIPALES<\/em><br \/>\nLocro de chacra<br \/>\nCarbonada de cordero<\/p>\n<p><em>POSTRES<br \/>\n<\/em>Huevos quimbos con naranja y durazno<br \/>\nArroz con leche<\/p>\n<p>Los diferentes platos de este men\u00fa especial se ofrecen de modo alternativo a la carta tradicional del<strong> restaurante El Mercado<\/strong> desde el mediod\u00eda del lunes 20 hasta la cena del s\u00e1bado 25, inclusive. <strong><em>El mismo 25 se ofrecer\u00e1 el men\u00fa completo de tres pasos, m\u00e1s bebida, de forma exclusiva.<\/em> <\/strong>Tambi\u00e9n, el s\u00e1bado 25, en el desayuno, se presentar\u00e1n opciones patrias para acompa\u00f1ar el esp\u00edritu de la revoluci\u00f3n. As\u00ed mismo, para cerrar la semana, el domingo 26 de mayo se servir\u00e1 el tradicional asado de las pampas en el patio de El Mercado para celebrar con amigos y familia.<\/p>\n<p>&nbsp;<\/p>\n<!-- AddThis Advanced Settings generic via filter on the_content --><!-- AddThis Share Buttons generic via filter on the_content -->","protected":false},"excerpt":{"rendered":"<p>Al calor del horno de barro del restaurante El Mercado, la Semana de Mayo se vive a trav\u00e9s de los sabores m\u00e1s tradicionales argentinos. Hace poco m\u00e1s de 200 a\u00f1os, en la Primera Junta se abr\u00edan caminos hacia la independencia del Virreynato del Rio De La Plata. Por eso, Faena Hotel Buenos Aires celebra los [&hellip;]<!-- AddThis Advanced Settings generic via filter on get_the_excerpt --><!-- AddThis Share Buttons generic via filter on get_the_excerpt --><\/p>\n","protected":false},"author":6,"featured_media":15109,"comment_status":"closed","ping_status":"open","sticky":false,"template":"","format":"standard","meta":{"_acf_changed":false,"om_disable_all_campaigns":false,"_monsterinsights_skip_tracking":false,"_monsterinsights_sitenote_active":false,"_monsterinsights_sitenote_note":"","_monsterinsights_sitenote_category":0,"_uf_show_specific_survey":0,"_uf_disable_surveys":false,"footnotes":""},"categories":[26],"tags":[],"class_list":["post-15105","post","type-post","status-publish","format-standard","has-post-thumbnail","hentry","category-negocios"],"acf":[],"aioseo_notices":[],"_links":{"self":[{"href":"https:\/\/www.lasrosas.com.ar\/portal\/wp-json\/wp\/v2\/posts\/15105","targetHints":{"allow":["GET"]}}],"collection":[{"href":"https:\/\/www.lasrosas.com.ar\/portal\/wp-json\/wp\/v2\/posts"}],"about":[{"href":"https:\/\/www.lasrosas.com.ar\/portal\/wp-json\/wp\/v2\/types\/post"}],"author":[{"embeddable":true,"href":"https:\/\/www.lasrosas.com.ar\/portal\/wp-json\/wp\/v2\/users\/6"}],"replies":[{"embeddable":true,"href":"https:\/\/www.lasrosas.com.ar\/portal\/wp-json\/wp\/v2\/comments?post=15105"}],"version-history":[{"count":0,"href":"https:\/\/www.lasrosas.com.ar\/portal\/wp-json\/wp\/v2\/posts\/15105\/revisions"}],"wp:featuredmedia":[{"embeddable":true,"href":"https:\/\/www.lasrosas.com.ar\/portal\/wp-json\/wp\/v2\/media\/15109"}],"wp:attachment":[{"href":"https:\/\/www.lasrosas.com.ar\/portal\/wp-json\/wp\/v2\/media?parent=15105"}],"wp:term":[{"taxonomy":"category","embeddable":true,"href":"https:\/\/www.lasrosas.com.ar\/portal\/wp-json\/wp\/v2\/categories?post=15105"},{"taxonomy":"post_tag","embeddable":true,"href":"https:\/\/www.lasrosas.com.ar\/portal\/wp-json\/wp\/v2\/tags?post=15105"}],"curies":[{"name":"wp","href":"https:\/\/api.w.org\/{rel}","templated":true}]}}