{"id":14925,"date":"2019-05-15T15:27:25","date_gmt":"2019-05-15T18:27:25","guid":{"rendered":"https:\/\/www.lasrosas.com.ar\/portal\/?p=14925"},"modified":"2019-05-15T15:27:25","modified_gmt":"2019-05-15T18:27:25","slug":"buenos-aires-art-week","status":"publish","type":"post","link":"https:\/\/www.lasrosas.com.ar\/portal\/buenos-aires-art-week\/","title":{"rendered":"BUENOS AIRES ART WEEK"},"content":{"rendered":"<h3 style=\"text-align: right;\">Por Mar\u00eda Bel\u00e9n Wonda<\/h3>\n<h3><strong>La Semana del Arte es un evento que se desarrolla en la ciudad de Buenos Aires, del 8 al 14 de abril, y sit\u00faa al arte contempor\u00e1neo en el centro de la actividad cultural del pa\u00eds.<\/strong><\/h3>\n<p><img decoding=\"async\" class=\"alignnone size-full wp-image-14928 lazyload\" data-src=\"https:\/\/www.lasrosas.com.ar\/portal\/wp-content\/uploads\/Rched-Abugauch.jpg\" alt=\"\" width=\"4032\" height=\"3024\" data-srcset=\"https:\/\/www.lasrosas.com.ar\/portal\/wp-content\/uploads\/Rched-Abugauch.jpg 4032w, https:\/\/www.lasrosas.com.ar\/portal\/wp-content\/uploads\/Rched-Abugauch-640x480.jpg 640w, https:\/\/www.lasrosas.com.ar\/portal\/wp-content\/uploads\/Rched-Abugauch-960x720.jpg 960w, https:\/\/www.lasrosas.com.ar\/portal\/wp-content\/uploads\/Rched-Abugauch-1920x1440.jpg 1920w\" data-sizes=\"(max-width: 4032px) 100vw, 4032px\" src=\"data:image\/svg+xml;base64,PHN2ZyB3aWR0aD0iMSIgaGVpZ2h0PSIxIiB4bWxucz0iaHR0cDovL3d3dy53My5vcmcvMjAwMC9zdmciPjwvc3ZnPg==\" style=\"--smush-placeholder-width: 4032px; --smush-placeholder-aspect-ratio: 4032\/3024;\" \/><\/p>\n<p>En esta edici\u00f3n n\u00famero 28 de la feria<strong> arteBA<\/strong>, en la que se convoc\u00f3 a m\u00e1s de 400 artistas, representados por m\u00e1s de ochenta galer\u00edas en todo el mundo, hubo una gran variedad de actividades tales como el <strong>Art Basel,<\/strong> un espacio que re\u00fane a m\u00e1s de cuarenta oradores, con el objetivo de producir debates y alentar el pensamiento cr\u00edtico.<\/p>\n<p><strong>Carlos Miguel D\u00edaz<\/strong>, el gestor y galerista, rescat\u00f3 que en un a\u00f1o de crisis y de especulaciones con el valor del d\u00f3lar, se esperaba con expectativas asistir a estas ferias. En <strong>arteBA<\/strong>, se destac\u00f3 un excelente <strong>Andr\u00e9s Waissman<\/strong> en la <strong>galer\u00eda Gachi Prietto<\/strong>, y el <strong>monumental Jorge De la Vega<\/strong>, que expuso <strong>MCM<\/strong>, de <strong>Mar\u00eda Calcaterra<\/strong>. En <strong>MAPA<\/strong>, resalt\u00f3 la participaci\u00f3n de los artistas cordobeses: el soberbio <em><strong>\u201cTe cri\u00e9 entre algodones\u201c<\/strong><\/em> de <strong>Samanta Rched Abugauch<\/strong>, y la sensualidad de las telas sublimadas, de<strong> Javier Bellomo Coria.<\/strong><\/p>\n<p><em><strong>\u201c\u2026Asistir a ferias nos da un pantallazo de la escena mundial. Adem\u00e1s, nos permite interactuar con una contemporaneidad que pone en cuestionamiento los lenguajes tradicionales,\u00a0<\/strong><\/em><em><strong>como sucede con la obra premiada \u2018No se f\u00eda\u2019 de Constanza Chiappini\u2026\u201d<\/strong><\/em><\/p>\n<p><img decoding=\"async\" class=\"alignnone size-full wp-image-14926 lazyload\" data-src=\"https:\/\/www.lasrosas.com.ar\/portal\/wp-content\/uploads\/Bellomo.jpg\" alt=\"\" width=\"3024\" height=\"4032\" data-srcset=\"https:\/\/www.lasrosas.com.ar\/portal\/wp-content\/uploads\/Bellomo.jpg 3024w, https:\/\/www.lasrosas.com.ar\/portal\/wp-content\/uploads\/Bellomo-720x960.jpg 720w, https:\/\/www.lasrosas.com.ar\/portal\/wp-content\/uploads\/Bellomo-1440x1920.jpg 1440w\" data-sizes=\"(max-width: 3024px) 100vw, 3024px\" src=\"data:image\/svg+xml;base64,PHN2ZyB3aWR0aD0iMSIgaGVpZ2h0PSIxIiB4bWxucz0iaHR0cDovL3d3dy53My5vcmcvMjAwMC9zdmciPjwvc3ZnPg==\" style=\"--smush-placeholder-width: 3024px; --smush-placeholder-aspect-ratio: 3024\/4032;\" \/><\/p>\n<!-- AddThis Advanced Settings generic via filter on the_content --><!-- AddThis Share Buttons generic via filter on the_content -->","protected":false},"excerpt":{"rendered":"<p>Por Mar\u00eda Bel\u00e9n Wonda La Semana del Arte es un evento que se desarrolla en la ciudad de Buenos Aires, del 8 al 14 de abril, y sit\u00faa al arte contempor\u00e1neo en el centro de la actividad cultural del pa\u00eds. En esta edici\u00f3n n\u00famero 28 de la feria arteBA, en la que se convoc\u00f3 a [&hellip;]<!-- AddThis Advanced Settings generic via filter on get_the_excerpt --><!-- AddThis Share Buttons generic via filter on get_the_excerpt --><\/p>\n","protected":false},"author":6,"featured_media":14927,"comment_status":"closed","ping_status":"open","sticky":false,"template":"","format":"standard","meta":{"_acf_changed":false,"om_disable_all_campaigns":false,"_monsterinsights_skip_tracking":false,"_monsterinsights_sitenote_active":false,"_monsterinsights_sitenote_note":"","_monsterinsights_sitenote_category":0,"_uf_show_specific_survey":0,"_uf_disable_surveys":false,"footnotes":""},"categories":[31],"tags":[],"class_list":["post-14925","post","type-post","status-publish","format-standard","has-post-thumbnail","hentry","category-arquitectura-decoracion"],"acf":[],"aioseo_notices":[],"_links":{"self":[{"href":"https:\/\/www.lasrosas.com.ar\/portal\/wp-json\/wp\/v2\/posts\/14925","targetHints":{"allow":["GET"]}}],"collection":[{"href":"https:\/\/www.lasrosas.com.ar\/portal\/wp-json\/wp\/v2\/posts"}],"about":[{"href":"https:\/\/www.lasrosas.com.ar\/portal\/wp-json\/wp\/v2\/types\/post"}],"author":[{"embeddable":true,"href":"https:\/\/www.lasrosas.com.ar\/portal\/wp-json\/wp\/v2\/users\/6"}],"replies":[{"embeddable":true,"href":"https:\/\/www.lasrosas.com.ar\/portal\/wp-json\/wp\/v2\/comments?post=14925"}],"version-history":[{"count":0,"href":"https:\/\/www.lasrosas.com.ar\/portal\/wp-json\/wp\/v2\/posts\/14925\/revisions"}],"wp:featuredmedia":[{"embeddable":true,"href":"https:\/\/www.lasrosas.com.ar\/portal\/wp-json\/wp\/v2\/media\/14927"}],"wp:attachment":[{"href":"https:\/\/www.lasrosas.com.ar\/portal\/wp-json\/wp\/v2\/media?parent=14925"}],"wp:term":[{"taxonomy":"category","embeddable":true,"href":"https:\/\/www.lasrosas.com.ar\/portal\/wp-json\/wp\/v2\/categories?post=14925"},{"taxonomy":"post_tag","embeddable":true,"href":"https:\/\/www.lasrosas.com.ar\/portal\/wp-json\/wp\/v2\/tags?post=14925"}],"curies":[{"name":"wp","href":"https:\/\/api.w.org\/{rel}","templated":true}]}}