{"id":14831,"date":"2019-05-14T13:49:13","date_gmt":"2019-05-14T16:49:13","guid":{"rendered":"https:\/\/www.lasrosas.com.ar\/portal\/?p=14831"},"modified":"2019-05-14T13:49:13","modified_gmt":"2019-05-14T16:49:13","slug":"instagram-vs-seleccion-de-personal","status":"publish","type":"post","link":"https:\/\/www.lasrosas.com.ar\/portal\/instagram-vs-seleccion-de-personal\/","title":{"rendered":"INSTAGRAM VS. SELECCI\u00d3N DE PERSONAL"},"content":{"rendered":"<p style=\"text-align: right;\">POR KARINA GARBARINO<br \/>\nP u b l i c i s t Sales Tr a i n e r<br \/>\nwww.ched.com.ar<br \/>\n@chedfashion<\/p>\n<h3><strong>Las generaciones \u201cY\u201d (los famosos \u201cMillennials\u201d) y \u201cZ\u201d (los \u201cCentennials\u201d) saben que sus cuentas en redes sociales son extensiones de s\u00ed mismos. A partir de esto, las marcas han\u00a0 empezado a observar que entre sus seguidores pueden estar aquellos futuros embajadores de sus tiendas.<\/strong><\/h3>\n<p><strong>Instagram<\/strong> se ha convertido en la nueva herramienta para reclutar y sirve como curr\u00edculum digital.<em> \u00a1Atentos \u201cMillennials\u201d y \u201cCentennials\u201d!<\/em> Pueden conseguir el trabajo de sus sue\u00f1os en las redes.<\/p>\n<p>Las marcas ven en esta plataforma una oportunidad para conocer el perfil de los colaboradores y captar nuevos talentos. El n\u00famero de seguidores empieza a ser una condici\u00f3n atractiva desde la perspectiva laboral, contemplando la coherencia que debe existir en el feed y la calidad de las im\u00e1genes subidas.<\/p>\n<p>De hecho, cuando en Ched realizamos una selecci\u00f3n de personal, sabemos que las reclutadoras de <em>las marcas ir\u00e1n a los perfiles de Instagram<\/em> de las candidatas presentadas, por<br \/>\neso destacamos la importancia de tener un buen perfil. <strong>En base a esto, para dise\u00f1ar el futuro personal de cada uno, es importante:<\/strong><\/p>\n<p>\u2022 Dise\u00f1ar el contenido del feed en funci\u00f3n de los intereses actuales y\/o profesionales.<br \/>\n\u2022 Documentar experiencias y generar contenido genuino para compartir.<br \/>\n\u2022 Seguir a las marcas que interesan y participar de comunidades.<br \/>\n\u2022 Ser la mejor versi\u00f3n de uno mismo.<\/p>\n<!-- AddThis Advanced Settings generic via filter on the_content --><!-- AddThis Share Buttons generic via filter on the_content -->","protected":false},"excerpt":{"rendered":"<p>POR KARINA GARBARINO P u b l i c i s t Sales Tr a i n e r www.ched.com.ar @chedfashion Las generaciones \u201cY\u201d (los famosos \u201cMillennials\u201d) y \u201cZ\u201d (los \u201cCentennials\u201d) saben que sus cuentas en redes sociales son extensiones de s\u00ed mismos. A partir de esto, las marcas han\u00a0 empezado a observar que entre [&hellip;]<!-- AddThis Advanced Settings generic via filter on get_the_excerpt --><!-- AddThis Share Buttons generic via filter on get_the_excerpt --><\/p>\n","protected":false},"author":6,"featured_media":14844,"comment_status":"closed","ping_status":"open","sticky":false,"template":"","format":"standard","meta":{"_acf_changed":false,"om_disable_all_campaigns":false,"_monsterinsights_skip_tracking":false,"_monsterinsights_sitenote_active":false,"_monsterinsights_sitenote_note":"","_monsterinsights_sitenote_category":0,"_uf_show_specific_survey":0,"_uf_disable_surveys":false,"footnotes":""},"categories":[26],"tags":[],"class_list":["post-14831","post","type-post","status-publish","format-standard","has-post-thumbnail","hentry","category-negocios"],"acf":[],"aioseo_notices":[],"_links":{"self":[{"href":"https:\/\/www.lasrosas.com.ar\/portal\/wp-json\/wp\/v2\/posts\/14831","targetHints":{"allow":["GET"]}}],"collection":[{"href":"https:\/\/www.lasrosas.com.ar\/portal\/wp-json\/wp\/v2\/posts"}],"about":[{"href":"https:\/\/www.lasrosas.com.ar\/portal\/wp-json\/wp\/v2\/types\/post"}],"author":[{"embeddable":true,"href":"https:\/\/www.lasrosas.com.ar\/portal\/wp-json\/wp\/v2\/users\/6"}],"replies":[{"embeddable":true,"href":"https:\/\/www.lasrosas.com.ar\/portal\/wp-json\/wp\/v2\/comments?post=14831"}],"version-history":[{"count":0,"href":"https:\/\/www.lasrosas.com.ar\/portal\/wp-json\/wp\/v2\/posts\/14831\/revisions"}],"wp:featuredmedia":[{"embeddable":true,"href":"https:\/\/www.lasrosas.com.ar\/portal\/wp-json\/wp\/v2\/media\/14844"}],"wp:attachment":[{"href":"https:\/\/www.lasrosas.com.ar\/portal\/wp-json\/wp\/v2\/media?parent=14831"}],"wp:term":[{"taxonomy":"category","embeddable":true,"href":"https:\/\/www.lasrosas.com.ar\/portal\/wp-json\/wp\/v2\/categories?post=14831"},{"taxonomy":"post_tag","embeddable":true,"href":"https:\/\/www.lasrosas.com.ar\/portal\/wp-json\/wp\/v2\/tags?post=14831"}],"curies":[{"name":"wp","href":"https:\/\/api.w.org\/{rel}","templated":true}]}}