{"id":14812,"date":"2019-05-14T09:00:36","date_gmt":"2019-05-14T12:00:36","guid":{"rendered":"https:\/\/www.lasrosas.com.ar\/portal\/?p=14812"},"modified":"2019-05-13T16:59:17","modified_gmt":"2019-05-13T19:59:17","slug":"todos-los-nominados-a-los-martin-fierros","status":"publish","type":"post","link":"https:\/\/www.lasrosas.com.ar\/portal\/todos-los-nominados-a-los-martin-fierros\/","title":{"rendered":"TODOS LOS NOMINADOS A LOS MART\u00cdN FIERROS"},"content":{"rendered":"<h3 dir=\"ltr\"><strong>Desde APTRA se dieron a conocer la lista completa de los ternados para la entrega de premios.<\/strong><\/h3>\n<p dir=\"ltr\"><em>El domingo 9 de junio<\/em>, se realizar\u00e1 la <strong>edici\u00f3n n\u00famero 60<\/strong> de la entrega de premios de los <strong>Mart\u00edn Fierro.<\/strong> El evento organizado por <strong>APTRA<\/strong> ser\u00e1 conducido en su totalidad por <strong>Marley<\/strong> y contar\u00e1 con algunas peque\u00f1as colaboraciones.<\/p>\n<p dir=\"ltr\">Desde el\u00a0<strong>Hotel Hilton<\/strong> se conocer\u00e1n los ganadores de los premios que galardonan a lo mejor de la televisi\u00f3n argentina.<\/p>\n<p dir=\"ltr\"><strong>Luis Ventura<\/strong>, presidente de <strong>APTRA<\/strong>, dio a conocer a la lista de los <em>33 nominados<\/em> para los premios<strong> Mart\u00edn Fierro 2019.\u00a0<\/strong><\/p>\n<p dir=\"ltr\"><strong>A continuaci\u00f3n te mostramos la lista completa.\u00a0<\/strong><\/p>\n<div>\n<div><b>Entretenimiento<\/b><\/div>\n<div>La voz Argentina, Telefe<\/div>\n<div>Pasapalabra. El Trece<\/div>\n<div>la tribuna de Guido, El Trece<\/div>\n<div><\/div>\n<div><b>Noticieros<\/b><\/div>\n<div>Buenos d\u00edas Am\u00e9rica, Am\u00e9rica<\/div>\n<div>Telefenoticias, Telefe<\/div>\n<div>Telenoche, El Trece<\/div>\n<div>Televisi\u00f3n p\u00fablica noticias, Televisi\u00f3n p\u00fablica<\/div>\n<div><\/div>\n<div><b>Humor\u00edstica de actualidad<\/b><\/div>\n<div>Bendita, Canal 9<\/div>\n<div>Peligro sin codificar, Telefe<\/div>\n<div>Pol\u00e9mica en el bar, Am\u00e9rica<\/div>\n<div><\/div>\n<div><b>Ficci\u00f3n diaria<\/b><\/div>\n<div>100 d\u00edas para enamorarse, Telefe<\/div>\n<div>Mi hermano es un clon, El Trece<\/div>\n<div>Simona, El Trece<\/div>\n<div><\/div>\n<div><b>Actriz protagonista de ficci\u00f3n diaria<\/b><\/div>\n<div>Carla Peterson, 100 d\u00edas para enamorarse (Telefe)<\/div>\n<div>Nancy Dupla\u00e1 ,100 d\u00edas para enamorarse (Telefe)<\/div>\n<div>Gimena Acardi, Mi hermano es un clon (El Trece)<\/div>\n<div><\/div>\n<div><b>Magazine<\/b><\/div>\n<div>Cort\u00e1 por Lozano, Telefe<\/div>\n<div>El diario de Mariana, El Trece<\/div>\n<div>Involucrados, Am\u00e9rica<\/div>\n<div><\/div>\n<div><b>Inter\u00e9s general<\/b><\/div>\n<div>Almorzando con Mirtha Legrand, El Trece<\/div>\n<div>Como todo, Net<\/div>\n<div>Podemos hablar, Telefe<\/div>\n<div><\/div>\n<div><b>Conducci\u00f3n masculina<\/b><\/div>\n<div>Alejandro Wiebe Marley<\/div>\n<div>Andy Kusnetzoff, Podemos hablar<\/div>\n<div>Marcelo Tinelli, ShowMatch<\/div>\n<div>Mariano I\u00fadica, Involucrados\/Pol\u00e9mica en el bar<\/div>\n<div><\/div>\n<div><b>Conducci\u00f3n femenina<\/b><\/div>\n<div>Mirtha Legrand; Almorzando con Mirtha Legrand\/ La noche de Mirtha<\/div>\n<div>Moria Cas\u00e1n, Incorrectas<\/div>\n<div>Pamela David, Pamela a la tarde<\/div>\n<div>Ver\u00f3nica Lozana, Cort\u00e1 por Lozano<\/div>\n<div><\/div>\n<div><b>Unitario\/ miniserie<\/b><\/div>\n<div>El Lobista, El Trece<\/div>\n<div>El Marginal 2, Televisi\u00f3n p\u00fablica<\/div>\n<div>Sandro de am\u00e9rica, Telefe<\/div>\n<div><\/div>\n<div><b>Actor protagonista en unitario\/ miniserie<\/b><\/div>\n<div>Antonio Grimua, Sandro de am\u00e9rica<\/div>\n<div>Gerardo Romano, El marginal 2<\/div>\n<div>Marco Antonio Caponi, Sandro de am\u00e9rica<\/div>\n<div><\/div>\n<div><b>Actrices protagonista en unitario\/ miniserie<\/b><\/div>\n<div>Claudia Lapac\u00f3, La ca\u00edda<\/div>\n<div>Griselda Sciciliani, Morir de amor<\/div>\n<div>Leticia Bredice, El lobista<\/div>\n<div><\/div>\n<div><b>Labor humor\u00edstica<\/b><\/div>\n<div>Mart\u00edn Campilongo Peligro sin codificar<\/div>\n<div>Alvaro Navia, Pol\u00e9mica en el bar<\/div>\n<div>Lizzi Tagliani, Cort\u00e1 por Lozano<\/div>\n<div><\/div>\n<div><b>Actor protagonista ficci\u00f3n diaria<\/b><\/div>\n<div>Nicol\u00e1s Cabr\u00e9, Mi hermano es un clon<\/div>\n<div>Luciano Castro, 100 d\u00edas para enamorarse<\/div>\n<div>Juan Minuj\u00edn, 100 d\u00edas para enamorarse<\/div>\n<div><\/div>\n<div><b>Reality<\/b><\/div>\n<div>Cuesti\u00f3n de peso, Net<\/div>\n<div>ShowMatch, El Trece<\/div>\n<div>Bake off Argentina, Telefe<\/div>\n<div><\/div>\n<div><b>Labor period\u00edstica masculina<\/b><\/div>\n<div>Nicol\u00e1s Wi\u00f1asky, El Trece<\/div>\n<div>Ra\u00fal Tony Kollmann, Canal 9<\/div>\n<div>Reynaldo Sietecase, Telefe<\/div>\n<div><\/div>\n<div><b>Labor period\u00edstica femenina<\/b><\/div>\n<div>Luciana Geuna, El Trece<\/div>\n<div>D\u00e9bora Plager, Am\u00e9rica<\/div>\n<div>Romina Manguel, Am\u00e9rica<\/div>\n<div><\/div>\n<div><b>Period\u00edstico<\/b><\/div>\n<div>Debo decir, Am\u00e9rica<\/div>\n<div>Animales sueltos, Am\u00e9rica<\/div>\n<div>Cada noche, Televisi\u00f3n p\u00fablica<\/div>\n<div><\/div>\n<div><b>Panelista<\/b><\/div>\n<div>Paulo Vilouta, Am\u00e9rica<\/div>\n<div>Marina Calabr\u00f3, El diario de Mariana &#8211; El Trece<\/div>\n<div>Lizzy Tagliani, Cort\u00e1 por Lozano<\/div>\n<div><\/div>\n<div><b>Producci\u00f3n Integral<\/b><\/div>\n<div>Los Especiales De Susana Gim\u00e9nez (telefe)<\/div>\n<div>Sandro De Am\u00e9rica, La Serie (Telefe)<\/div>\n<div>Showmatch (El Trece)<\/div>\n<div>Por El Mundo (Telefe)<\/div>\n<div><\/div>\n<div><b>Deportivo<\/b><\/div>\n<div>Juegos de la juventud , Televisi\u00f3n p\u00fablica<\/div>\n<div>Pasi\u00f3n por el f\u00fatbol, El Trece<\/div>\n<div>Tribuna caliente, Canal 9<\/div>\n<div><\/div>\n<div><b>Musical<\/b><\/div>\n<div>La hora del tango, Televisi\u00f3n p\u00fablica<\/div>\n<div>La pe\u00f1a de Morfi, Telefe<\/div>\n<div>Pasi\u00f3n de s\u00e1bado, Am\u00e9rica<\/div>\n<div><\/div>\n<div><b>Cultural educativo<\/b><\/div>\n<div>El arqui, las paredes hablan, Telefe<\/div>\n<div>La liga de la ciencia, Televisi\u00f3n p\u00fablica<\/div>\n<div>Marcha, Televisi\u00f3n p\u00fablica<\/div>\n<div><\/div>\n<div><b>Infantil\/juvenil<\/b><\/div>\n<div>Morfi kids, Telefe<\/div>\n<div>Pan\u00e1m y circo, El Trece<\/div>\n<div>Pi\u00f1\u00f3n en familia, El Trece<\/div>\n<div><\/div>\n<div><b>Cronista\/ movilero<\/b><\/div>\n<div>Fabi\u00e1n Rubino, Am\u00e9rica<\/div>\n<div>Guillermo Paniza, Telefe<\/div>\n<div>Julio Baz\u00e1n, El Trece<\/div>\n<div><\/div>\n<div><b>Actor de reparto<\/b><\/div>\n<div>Luis Mach\u00edn: Mi hermano es un clon, El lobista, Sandro de am\u00e9rica.<\/div>\n<div>Juan Gil Navarro, 100 d\u00edas para enamorarse<\/div>\n<div>Pablo Rago, 100 d\u00edas para enamorarse<\/div>\n<div>Roly Serrano, El marginal 2<\/div>\n<div><\/div>\n<div><b>Actriz de reparto<\/b><\/div>\n<div>Jorgenila Aruzzi, 100 d\u00edas para enamorarse<\/div>\n<div>Julieta Nair Calvo: Mi hermano es un clon, El lobista, Las estrellas.<\/div>\n<div>Maite Lanata, 100 d\u00edas para enamorarse<\/div>\n<div><\/div>\n<div><b>Revelaci\u00f3n<\/b><\/div>\n<div>Agust\u00edn Casanova, Simona El trece<\/div>\n<div>Agust\u00edn Sullivan, Sandro de am\u00e9rica<\/div>\n<div>Stefania Roitman, Simona<\/div>\n<div><\/div>\n<div><b>Autor\/ libretista<\/b><\/div>\n<div>Adri\u00e1n Caetano, Joaqu\u00edn Benet: Sandro de am\u00e9rica<\/div>\n<div>Ernesto Korosky, Silvina fredjkes y Alejandro Quesada: 100 d\u00edas para enamorarse<\/div>\n<div>Patricio Vega, El lobista<\/div>\n<div><\/div>\n<div><b>Director<\/b><\/div>\n<div>Adri\u00e1n Caetano, Sandro de am\u00e9rica<\/div>\n<div>Daniel Barone, El lobista<\/div>\n<div>Mariano Ardanaz y Pablo Ambrosini: 100 d\u00edas para enamorarse<\/div>\n<div><\/div>\n<div><b>Cortina musical<\/b><\/div>\n<div>Pens\u00e1s mejor, YPF<\/div>\n<div>Spolier daw, Cablevisi\u00f3n flow<\/div>\n<div>Te toc\u00f3 nacer ac\u00e1, Coca Cola<b><\/b><\/div>\n<div><b>\u00a0<\/b><\/div>\n<div><b>Producci\u00f3n integral<\/b><\/div>\n<div>Los especiales de Susana Gim\u00e9nez, Telefe<\/div>\n<div>Sandro de am\u00e9rica, Telefe<\/div>\n<div>ShowMatch, El Trece<\/div>\n<div>Por el mundo, Telefe<\/div>\n<div><\/div>\n<div><b>Locuci\u00f3n<\/b><\/div>\n<div>Estela Montes, Debo decir<\/div>\n<div>Javier Fern\u00e1ndez, Peligro sin codificar<\/div>\n<div>Nelly Trenti, Almorzando con Mirtha Legrand y La noche de Mirtha<\/div>\n<\/div>\n<!-- AddThis Advanced Settings generic via filter on the_content --><!-- AddThis Share Buttons generic via filter on the_content -->","protected":false},"excerpt":{"rendered":"<p>Desde APTRA se dieron a conocer la lista completa de los ternados para la entrega de premios. El domingo 9 de junio, se realizar\u00e1 la edici\u00f3n n\u00famero 60 de la entrega de premios de los Mart\u00edn Fierro. El evento organizado por APTRA ser\u00e1 conducido en su totalidad por Marley y contar\u00e1 con algunas peque\u00f1as colaboraciones. [&hellip;]<!-- AddThis Advanced Settings generic via filter on get_the_excerpt --><!-- AddThis Share Buttons generic via filter on get_the_excerpt --><\/p>\n","protected":false},"author":6,"featured_media":7761,"comment_status":"closed","ping_status":"open","sticky":false,"template":"","format":"standard","meta":{"_acf_changed":false,"om_disable_all_campaigns":false,"_monsterinsights_skip_tracking":false,"_monsterinsights_sitenote_active":false,"_monsterinsights_sitenote_note":"","_monsterinsights_sitenote_category":0,"_uf_show_specific_survey":0,"_uf_disable_surveys":false,"footnotes":""},"categories":[100],"tags":[],"class_list":["post-14812","post","type-post","status-publish","format-standard","has-post-thumbnail","hentry","category-noticias"],"acf":[],"aioseo_notices":[],"_links":{"self":[{"href":"https:\/\/www.lasrosas.com.ar\/portal\/wp-json\/wp\/v2\/posts\/14812","targetHints":{"allow":["GET"]}}],"collection":[{"href":"https:\/\/www.lasrosas.com.ar\/portal\/wp-json\/wp\/v2\/posts"}],"about":[{"href":"https:\/\/www.lasrosas.com.ar\/portal\/wp-json\/wp\/v2\/types\/post"}],"author":[{"embeddable":true,"href":"https:\/\/www.lasrosas.com.ar\/portal\/wp-json\/wp\/v2\/users\/6"}],"replies":[{"embeddable":true,"href":"https:\/\/www.lasrosas.com.ar\/portal\/wp-json\/wp\/v2\/comments?post=14812"}],"version-history":[{"count":0,"href":"https:\/\/www.lasrosas.com.ar\/portal\/wp-json\/wp\/v2\/posts\/14812\/revisions"}],"wp:featuredmedia":[{"embeddable":true,"href":"https:\/\/www.lasrosas.com.ar\/portal\/wp-json\/wp\/v2\/media\/7761"}],"wp:attachment":[{"href":"https:\/\/www.lasrosas.com.ar\/portal\/wp-json\/wp\/v2\/media?parent=14812"}],"wp:term":[{"taxonomy":"category","embeddable":true,"href":"https:\/\/www.lasrosas.com.ar\/portal\/wp-json\/wp\/v2\/categories?post=14812"},{"taxonomy":"post_tag","embeddable":true,"href":"https:\/\/www.lasrosas.com.ar\/portal\/wp-json\/wp\/v2\/tags?post=14812"}],"curies":[{"name":"wp","href":"https:\/\/api.w.org\/{rel}","templated":true}]}}