{"id":14693,"date":"2019-05-09T11:01:40","date_gmt":"2019-05-09T14:01:40","guid":{"rendered":"https:\/\/www.lasrosas.com.ar\/portal\/?p=14693"},"modified":"2019-05-09T11:01:40","modified_gmt":"2019-05-09T14:01:40","slug":"rally-de-argentina-2019","status":"publish","type":"post","link":"https:\/\/www.lasrosas.com.ar\/portal\/rally-de-argentina-2019\/","title":{"rendered":"RALLY DE ARGENTINA 2019"},"content":{"rendered":"<p style=\"text-align: right;\"><strong>Por Mat\u00edas Rostagno<\/strong><\/p>\n<h3><strong>\u00a0<\/strong><strong>C\u00f3rdoba, tierra donde todo parece ser parte de un sue\u00f1o, en el que uno empieza preparando un mate en alta monta\u00f1a, y con s\u00f3lo cerrar los ojos, nos transportamos y conectamos con lo m\u00e1s profundo de nosotros. Esa calma cordobesa, una vez al a\u00f1o, se convierte en pasi\u00f3n con la visita del Campeonato Mundial de Rally, donde los fan\u00e1ticos de todas partes de Sudam\u00e9rica y el mundo se congregan en nuestras Sierras para alentar a los pilotos y compartir este ritual entre amigos que hace honor a la fecha.<\/strong><\/h3>\n<p><img decoding=\"async\" class=\"alignnone size-full wp-image-14696 lazyload\" data-src=\"https:\/\/www.lasrosas.com.ar\/portal\/wp-content\/uploads\/RALLY-3.jpg\" alt=\"\" width=\"1440\" height=\"960\" data-srcset=\"https:\/\/www.lasrosas.com.ar\/portal\/wp-content\/uploads\/RALLY-3.jpg 1440w, https:\/\/www.lasrosas.com.ar\/portal\/wp-content\/uploads\/RALLY-3-960x640.jpg 960w\" data-sizes=\"(max-width: 1440px) 100vw, 1440px\" src=\"data:image\/svg+xml;base64,PHN2ZyB3aWR0aD0iMSIgaGVpZ2h0PSIxIiB4bWxucz0iaHR0cDovL3d3dy53My5vcmcvMjAwMC9zdmciPjwvc3ZnPg==\" style=\"--smush-placeholder-width: 1440px; --smush-placeholder-aspect-ratio: 1440\/960;\" \/><\/p>\n<p>Este a\u00f1o el <strong>Rally de Argentina<\/strong>, quinta fecha por el campeonato mundial, se celebr\u00f3 \u00a0del 25 al 28 de abril: se cumplieron 39 ediciones, casi cuatro d\u00e9cadas desde su inicio, posicion\u00e1ndose como un cl\u00e1sico a nivel mundial, no teniendo que envidiar absolutamente nada a <em>Montecarlo, Suecia, Finlandia, Espa\u00f1a,<\/em> entre otros, y caratulado como uno de los m\u00e1s duros por las caracter\u00edsticas geogr\u00e1ficas de nuestra provincia.<\/p>\n<p>En esta oportunidad, el clima jug\u00f3 un rol muy importante: el primer d\u00eda, la lluvia fue incesante, haciendo que los caminos fueran aut\u00e9nticos lodazales, un reto tanto para los corredores como para el p\u00fablico. El segundo d\u00eda, sali\u00f3 el sol en todo el<em> Valle de Punilla,<\/em> mejorando las condiciones de los recorridos. La carrera qued\u00f3 pr\u00e1cticamente definida a favor del belga <strong>Thierry Neuville<\/strong>, debido al abandono de quien ven\u00eda peleando la punta hasta ese momento, el piloto estonio, <strong>Ott Tanak.<\/strong><\/p>\n\r\n\t\t<style type='text\/css'>\r\n\t\t\t#gallery-1 {\r\n\t\t\t\tmargin: auto;\r\n\t\t\t}\r\n\t\t\t#gallery-1 .gallery-item {\r\n\t\t\t\tfloat: left;\r\n\t\t\t\tmargin-top: 10px;\r\n\t\t\t\ttext-align: center;\r\n\t\t\t\twidth: 50%;\r\n\t\t\t}\r\n\t\t\t#gallery-1 img {\r\n\t\t\t\tborder: 2px solid #cfcfcf;\r\n\t\t\t}\r\n\t\t\t#gallery-1 .gallery-caption {\r\n\t\t\t\tmargin-left: 0;\r\n\t\t\t}\r\n\t\t<\/style>\r\n\t\t<!-- see gallery_shortcode() in wp-includes\/media.php -->\n\t\t<div id='gallery-1' class='gallery galleryid-14693 gallery-columns-2 gallery-size-full gallery1'><script type=\"text\/javascript\">\r\n\/\/ <![CDATA[\r\n\tjQuery(document).ready(function () {\r\n\t\tjQuery(\".gallery1 a\").attr(\"rel\",\"gallery1\");\t\r\n\t\tjQuery('a[rel=\"gallery1\"]').colorbox({maxWidth:\"95%\", maxHeight:\"95%\",title: function(){ return jQuery(this).children().attr(\"alt\"); }, });\r\n\t});\r\n\/\/ ]]>\r\n<\/script>\n<dl class=\"gallery-item\">\n<dt class=\"gallery-icon\">\r\n<a href=\"https:\/\/www.lasrosas.com.ar\/portal\/wp-content\/uploads\/RALLY-5.jpg\" title=\"\" rel=\"gallery1\"><img decoding=\"async\" data-src=\"https:\/\/www.lasrosas.com.ar\/portal\/wp-content\/uploads\/RALLY-5.jpg\" width=\"1440\" height=\"960\" alt=\"\" src=\"data:image\/svg+xml;base64,PHN2ZyB3aWR0aD0iMSIgaGVpZ2h0PSIxIiB4bWxucz0iaHR0cDovL3d3dy53My5vcmcvMjAwMC9zdmciPjwvc3ZnPg==\" class=\"lazyload\" style=\"--smush-placeholder-width: 1440px; --smush-placeholder-aspect-ratio: 1440\/960;\" \/><\/a>\r\n<\/dt><\/dl><dl class=\"gallery-item\">\n<dt class=\"gallery-icon\">\r\n<a href=\"https:\/\/www.lasrosas.com.ar\/portal\/wp-content\/uploads\/RALLY-2.jpg\" title=\"\" rel=\"gallery1\"><img decoding=\"async\" data-src=\"https:\/\/www.lasrosas.com.ar\/portal\/wp-content\/uploads\/RALLY-2.jpg\" width=\"1440\" height=\"960\" alt=\"\" src=\"data:image\/svg+xml;base64,PHN2ZyB3aWR0aD0iMSIgaGVpZ2h0PSIxIiB4bWxucz0iaHR0cDovL3d3dy53My5vcmcvMjAwMC9zdmciPjwvc3ZnPg==\" class=\"lazyload\" style=\"--smush-placeholder-width: 1440px; --smush-placeholder-aspect-ratio: 1440\/960;\" \/><\/a>\r\n<\/dt><\/dl><br style=\"clear: both\" \/>\r\n\t\t<\/div>\n\n<p><strong><em>\u201c\u2026 Es muy dif\u00edcil de explicar lo que se siente en el cuerpo al ver c\u00f3mo pasan estos autos a alt\u00edsima velocidad: se te eriza la piel, es un sentimiento compartido con much\u00edsimas personas y hace que cada convoque m\u00e1s p\u00fablico, algo que no sucede en ninguna otra parte del mundo. Debo darle las gracias a mi padre que fue quien me llevaba a las sierras desde muy peque\u00f1o a disfrutar de este espect\u00e1culo\u2026\u201d<\/em><\/strong><\/p>\n<p>En la \u00faltima jornada, el podio era peleado entre <strong>Andreas Mikkelsen<\/strong> y el campe\u00f3n del mundo, <strong>Sebastien Ogier.<\/strong> Los resultados fueron incre\u00edbles: Neuville\u00a0 l\u00edder del <strong>Campeonato de Pilotos<\/strong>, se llev\u00f3 la victoria con un tiempo neto de\u00a0 3:20:54.6, seguido por <strong>Mikkelsen<\/strong>, a +48.4 segundo, y en tercer lugar, Ogier a +1:04.8.<\/p>\n<p><img decoding=\"async\" class=\"alignnone size-full wp-image-14697 lazyload\" data-src=\"https:\/\/www.lasrosas.com.ar\/portal\/wp-content\/uploads\/RALLY-4.jpg\" alt=\"\" width=\"1440\" height=\"960\" data-srcset=\"https:\/\/www.lasrosas.com.ar\/portal\/wp-content\/uploads\/RALLY-4.jpg 1440w, https:\/\/www.lasrosas.com.ar\/portal\/wp-content\/uploads\/RALLY-4-960x640.jpg 960w\" data-sizes=\"(max-width: 1440px) 100vw, 1440px\" src=\"data:image\/svg+xml;base64,PHN2ZyB3aWR0aD0iMSIgaGVpZ2h0PSIxIiB4bWxucz0iaHR0cDovL3d3dy53My5vcmcvMjAwMC9zdmciPjwvc3ZnPg==\" style=\"--smush-placeholder-width: 1440px; --smush-placeholder-aspect-ratio: 1440\/960;\" \/><\/p>\n<p>A veces escucho a espectadores veteranos comparar la nueva generaci\u00f3n de <strong>World Rally Cars<\/strong>, con el desaparecido <strong>Grupo B<\/strong>, impresionantes por su potencia y por la dificultad para manejarlos y que a causa de varios accidentes fatales fueron prohibidos. Hoy,\u00a0 son \u00edconos por su dise\u00f1o y sus pilotos. De hecho, esos veh\u00edculos fueron los posters que formaron parte de mi infancia.<\/p>\n<p>En conclusi\u00f3n: este evento es pasi\u00f3n de multitudes. C\u00f3rdoba es el ejemplo perfecto hacia el mundo para demostrarlo: hoy, empieza la cuenta regresiva para volver a ver estas m\u00e1quinas, y hasta entonces, mantener nuestro fanatismo intacto. \u00a1Hasta el pr\u00f3ximo <strong>Rally<\/strong>!<\/p>\n<p>&nbsp;<\/p>\n<!-- AddThis Advanced Settings generic via filter on the_content --><!-- AddThis Share Buttons generic via filter on the_content -->","protected":false},"excerpt":{"rendered":"<p>Por Mat\u00edas Rostagno \u00a0C\u00f3rdoba, tierra donde todo parece ser parte de un sue\u00f1o, en el que uno empieza preparando un mate en alta monta\u00f1a, y con s\u00f3lo cerrar los ojos, nos transportamos y conectamos con lo m\u00e1s profundo de nosotros. Esa calma cordobesa, una vez al a\u00f1o, se convierte en pasi\u00f3n con la visita del [&hellip;]<!-- AddThis Advanced Settings generic via filter on get_the_excerpt --><!-- AddThis Share Buttons generic via filter on get_the_excerpt --><\/p>\n","protected":false},"author":6,"featured_media":14700,"comment_status":"closed","ping_status":"open","sticky":false,"template":"","format":"standard","meta":{"_acf_changed":false,"om_disable_all_campaigns":false,"_monsterinsights_skip_tracking":false,"_monsterinsights_sitenote_active":false,"_monsterinsights_sitenote_note":"","_monsterinsights_sitenote_category":0,"_uf_show_specific_survey":0,"_uf_disable_surveys":false,"footnotes":""},"categories":[376],"tags":[],"class_list":["post-14693","post","type-post","status-publish","format-standard","has-post-thumbnail","hentry","category-lifestyle"],"acf":[],"aioseo_notices":[],"_links":{"self":[{"href":"https:\/\/www.lasrosas.com.ar\/portal\/wp-json\/wp\/v2\/posts\/14693","targetHints":{"allow":["GET"]}}],"collection":[{"href":"https:\/\/www.lasrosas.com.ar\/portal\/wp-json\/wp\/v2\/posts"}],"about":[{"href":"https:\/\/www.lasrosas.com.ar\/portal\/wp-json\/wp\/v2\/types\/post"}],"author":[{"embeddable":true,"href":"https:\/\/www.lasrosas.com.ar\/portal\/wp-json\/wp\/v2\/users\/6"}],"replies":[{"embeddable":true,"href":"https:\/\/www.lasrosas.com.ar\/portal\/wp-json\/wp\/v2\/comments?post=14693"}],"version-history":[{"count":0,"href":"https:\/\/www.lasrosas.com.ar\/portal\/wp-json\/wp\/v2\/posts\/14693\/revisions"}],"wp:featuredmedia":[{"embeddable":true,"href":"https:\/\/www.lasrosas.com.ar\/portal\/wp-json\/wp\/v2\/media\/14700"}],"wp:attachment":[{"href":"https:\/\/www.lasrosas.com.ar\/portal\/wp-json\/wp\/v2\/media?parent=14693"}],"wp:term":[{"taxonomy":"category","embeddable":true,"href":"https:\/\/www.lasrosas.com.ar\/portal\/wp-json\/wp\/v2\/categories?post=14693"},{"taxonomy":"post_tag","embeddable":true,"href":"https:\/\/www.lasrosas.com.ar\/portal\/wp-json\/wp\/v2\/tags?post=14693"}],"curies":[{"name":"wp","href":"https:\/\/api.w.org\/{rel}","templated":true}]}}