{"id":14680,"date":"2019-05-09T10:41:04","date_gmt":"2019-05-09T13:41:04","guid":{"rendered":"https:\/\/www.lasrosas.com.ar\/portal\/?p=14680"},"modified":"2019-05-09T10:44:10","modified_gmt":"2019-05-09T13:44:10","slug":"anna-rossati-presento-su-nueva-coleccion-memories","status":"publish","type":"post","link":"https:\/\/www.lasrosas.com.ar\/portal\/anna-rossati-presento-su-nueva-coleccion-memories\/","title":{"rendered":"ANNA ROSSATTI PRESENT\u00d3 SU NUEVA COLECCI\u00d3N \u00abMEMORIES\u00bb"},"content":{"rendered":"<h3><strong>Con la presencia de Araceli Gonz\u00e1les, Fabi\u00e1n Medina, Paula Trapani, Barbie Simons, entre otras figuras del espect\u00e1culo, se present\u00f3 la nueva colecci\u00f3n \u00abMemories\u00bb Fall-Winter\u00a02019\u00a0 en el nuevo local de Palermo.<\/strong><\/h3>\n<h3><img decoding=\"async\" class=\"alignnone size-full wp-image-14681 lazyload\" data-src=\"https:\/\/www.lasrosas.com.ar\/portal\/wp-content\/uploads\/Anna-Rossatti-2.jpg\" alt=\"\" width=\"2768\" height=\"4160\" data-srcset=\"https:\/\/www.lasrosas.com.ar\/portal\/wp-content\/uploads\/Anna-Rossatti-2.jpg 2768w, https:\/\/www.lasrosas.com.ar\/portal\/wp-content\/uploads\/Anna-Rossatti-2-639x960.jpg 639w, https:\/\/www.lasrosas.com.ar\/portal\/wp-content\/uploads\/Anna-Rossatti-2-1278x1920.jpg 1278w\" data-sizes=\"(max-width: 2768px) 100vw, 2768px\" src=\"data:image\/svg+xml;base64,PHN2ZyB3aWR0aD0iMSIgaGVpZ2h0PSIxIiB4bWxucz0iaHR0cDovL3d3dy53My5vcmcvMjAwMC9zdmciPjwvc3ZnPg==\" style=\"--smush-placeholder-width: 2768px; --smush-placeholder-aspect-ratio: 2768\/4160;\" \/><\/h3>\n<p><img decoding=\"async\" class=\"alignnone size-full wp-image-14682 lazyload\" data-src=\"https:\/\/www.lasrosas.com.ar\/portal\/wp-content\/uploads\/Anna-Rossatti-6.jpg\" alt=\"\" width=\"2768\" height=\"4160\" data-srcset=\"https:\/\/www.lasrosas.com.ar\/portal\/wp-content\/uploads\/Anna-Rossatti-6.jpg 2768w, https:\/\/www.lasrosas.com.ar\/portal\/wp-content\/uploads\/Anna-Rossatti-6-639x960.jpg 639w, https:\/\/www.lasrosas.com.ar\/portal\/wp-content\/uploads\/Anna-Rossatti-6-1278x1920.jpg 1278w\" data-sizes=\"(max-width: 2768px) 100vw, 2768px\" src=\"data:image\/svg+xml;base64,PHN2ZyB3aWR0aD0iMSIgaGVpZ2h0PSIxIiB4bWxucz0iaHR0cDovL3d3dy53My5vcmcvMjAwMC9zdmciPjwvc3ZnPg==\" style=\"--smush-placeholder-width: 2768px; --smush-placeholder-aspect-ratio: 2768\/4160;\" \/><\/p>\n<p><img decoding=\"async\" class=\"alignnone size-full wp-image-14690 lazyload\" data-src=\"https:\/\/www.lasrosas.com.ar\/portal\/wp-content\/uploads\/Fabiana-Araujo.jpg\" alt=\"\" width=\"2768\" height=\"4160\" data-srcset=\"https:\/\/www.lasrosas.com.ar\/portal\/wp-content\/uploads\/Fabiana-Araujo.jpg 2768w, https:\/\/www.lasrosas.com.ar\/portal\/wp-content\/uploads\/Fabiana-Araujo-639x960.jpg 639w, https:\/\/www.lasrosas.com.ar\/portal\/wp-content\/uploads\/Fabiana-Araujo-1278x1920.jpg 1278w\" data-sizes=\"(max-width: 2768px) 100vw, 2768px\" src=\"data:image\/svg+xml;base64,PHN2ZyB3aWR0aD0iMSIgaGVpZ2h0PSIxIiB4bWxucz0iaHR0cDovL3d3dy53My5vcmcvMjAwMC9zdmciPjwvc3ZnPg==\" style=\"--smush-placeholder-width: 2768px; --smush-placeholder-aspect-ratio: 2768\/4160;\" \/><\/p>\n<p><img decoding=\"async\" class=\"alignnone size-full wp-image-14689 lazyload\" data-src=\"https:\/\/www.lasrosas.com.ar\/portal\/wp-content\/uploads\/Fabian-Medina-Flores.jpg\" alt=\"\" width=\"2768\" height=\"4160\" data-srcset=\"https:\/\/www.lasrosas.com.ar\/portal\/wp-content\/uploads\/Fabian-Medina-Flores.jpg 2768w, https:\/\/www.lasrosas.com.ar\/portal\/wp-content\/uploads\/Fabian-Medina-Flores-639x960.jpg 639w, https:\/\/www.lasrosas.com.ar\/portal\/wp-content\/uploads\/Fabian-Medina-Flores-1278x1920.jpg 1278w\" data-sizes=\"(max-width: 2768px) 100vw, 2768px\" src=\"data:image\/svg+xml;base64,PHN2ZyB3aWR0aD0iMSIgaGVpZ2h0PSIxIiB4bWxucz0iaHR0cDovL3d3dy53My5vcmcvMjAwMC9zdmciPjwvc3ZnPg==\" style=\"--smush-placeholder-width: 2768px; --smush-placeholder-aspect-ratio: 2768\/4160;\" \/><\/p>\n<p><img decoding=\"async\" class=\"alignnone size-full wp-image-14687 lazyload\" data-src=\"https:\/\/www.lasrosas.com.ar\/portal\/wp-content\/uploads\/Araceli-Gonzalez.jpg\" alt=\"\" width=\"2768\" height=\"4160\" data-srcset=\"https:\/\/www.lasrosas.com.ar\/portal\/wp-content\/uploads\/Araceli-Gonzalez.jpg 2768w, https:\/\/www.lasrosas.com.ar\/portal\/wp-content\/uploads\/Araceli-Gonzalez-639x960.jpg 639w, https:\/\/www.lasrosas.com.ar\/portal\/wp-content\/uploads\/Araceli-Gonzalez-1278x1920.jpg 1278w\" data-sizes=\"(max-width: 2768px) 100vw, 2768px\" src=\"data:image\/svg+xml;base64,PHN2ZyB3aWR0aD0iMSIgaGVpZ2h0PSIxIiB4bWxucz0iaHR0cDovL3d3dy53My5vcmcvMjAwMC9zdmciPjwvc3ZnPg==\" style=\"--smush-placeholder-width: 2768px; --smush-placeholder-aspect-ratio: 2768\/4160;\" \/><\/p>\n<p><img decoding=\"async\" class=\"alignnone size-full wp-image-14686 lazyload\" data-src=\"https:\/\/www.lasrosas.com.ar\/portal\/wp-content\/uploads\/Paula-Trapani.jpg\" alt=\"\" width=\"2768\" height=\"4160\" data-srcset=\"https:\/\/www.lasrosas.com.ar\/portal\/wp-content\/uploads\/Paula-Trapani.jpg 2768w, https:\/\/www.lasrosas.com.ar\/portal\/wp-content\/uploads\/Paula-Trapani-639x960.jpg 639w, https:\/\/www.lasrosas.com.ar\/portal\/wp-content\/uploads\/Paula-Trapani-1278x1920.jpg 1278w\" data-sizes=\"(max-width: 2768px) 100vw, 2768px\" src=\"data:image\/svg+xml;base64,PHN2ZyB3aWR0aD0iMSIgaGVpZ2h0PSIxIiB4bWxucz0iaHR0cDovL3d3dy53My5vcmcvMjAwMC9zdmciPjwvc3ZnPg==\" style=\"--smush-placeholder-width: 2768px; --smush-placeholder-aspect-ratio: 2768\/4160;\" \/><\/p>\n<p><img decoding=\"async\" class=\"alignnone size-full wp-image-14684 lazyload\" data-src=\"https:\/\/www.lasrosas.com.ar\/portal\/wp-content\/uploads\/IMG_9146.jpg\" alt=\"\" width=\"2768\" height=\"4160\" data-srcset=\"https:\/\/www.lasrosas.com.ar\/portal\/wp-content\/uploads\/IMG_9146.jpg 2768w, https:\/\/www.lasrosas.com.ar\/portal\/wp-content\/uploads\/IMG_9146-639x960.jpg 639w, https:\/\/www.lasrosas.com.ar\/portal\/wp-content\/uploads\/IMG_9146-1278x1920.jpg 1278w\" data-sizes=\"(max-width: 2768px) 100vw, 2768px\" src=\"data:image\/svg+xml;base64,PHN2ZyB3aWR0aD0iMSIgaGVpZ2h0PSIxIiB4bWxucz0iaHR0cDovL3d3dy53My5vcmcvMjAwMC9zdmciPjwvc3ZnPg==\" style=\"--smush-placeholder-width: 2768px; --smush-placeholder-aspect-ratio: 2768\/4160;\" \/><\/p>\n<p><img decoding=\"async\" class=\"alignnone size-full wp-image-14685 lazyload\" data-src=\"https:\/\/www.lasrosas.com.ar\/portal\/wp-content\/uploads\/Karin-Cohen.jpg\" alt=\"\" width=\"2768\" height=\"4160\" data-srcset=\"https:\/\/www.lasrosas.com.ar\/portal\/wp-content\/uploads\/Karin-Cohen.jpg 2768w, https:\/\/www.lasrosas.com.ar\/portal\/wp-content\/uploads\/Karin-Cohen-639x960.jpg 639w, https:\/\/www.lasrosas.com.ar\/portal\/wp-content\/uploads\/Karin-Cohen-1278x1920.jpg 1278w\" data-sizes=\"(max-width: 2768px) 100vw, 2768px\" src=\"data:image\/svg+xml;base64,PHN2ZyB3aWR0aD0iMSIgaGVpZ2h0PSIxIiB4bWxucz0iaHR0cDovL3d3dy53My5vcmcvMjAwMC9zdmciPjwvc3ZnPg==\" style=\"--smush-placeholder-width: 2768px; --smush-placeholder-aspect-ratio: 2768\/4160;\" \/><\/p>\n<p><span class=\"text_exposed_show\">-Producci\u00f3n y estilismo:\u00a0Caro Mergherian<br \/>\n-Colaboraci\u00f3n producci\u00f3n: @barbarasaez.bs<br \/>\n-Modelos:\u00a0Pink Models Management\u00a0y\u00a0UNITEDagency<br \/>\n-Make up: @sunshinecarreras para estudio Duo<br \/>\n-Pelo:\u00a0Angie Barrionuevo Makeup Artist\u00a0para estudio ID<br \/>\n-Sombreros:\u00a0Compa\u00f1ia de Sombreros<br \/>\n-Zapatos:\u00a0Claude Benard<br \/>\n-Medias: @silvanaswissorigin<br \/>\n<\/span>-Organizaci\u00f3n de eventos y prensa:\u00a0MK Comunicaci\u00f3n<br \/>\n-Redes sociales:\u00a0VK Digital<\/p>\n<!-- AddThis Advanced Settings generic via filter on the_content --><!-- AddThis Share Buttons generic via filter on the_content -->","protected":false},"excerpt":{"rendered":"<p>Con la presencia de Araceli Gonz\u00e1les, Fabi\u00e1n Medina, Paula Trapani, Barbie Simons, entre otras figuras del espect\u00e1culo, se present\u00f3 la nueva colecci\u00f3n \u00abMemories\u00bb Fall-Winter\u00a02019\u00a0 en el nuevo local de Palermo. -Producci\u00f3n y estilismo:\u00a0Caro Mergherian -Colaboraci\u00f3n producci\u00f3n: @barbarasaez.bs -Modelos:\u00a0Pink Models Management\u00a0y\u00a0UNITEDagency -Make up: @sunshinecarreras para estudio Duo -Pelo:\u00a0Angie Barrionuevo Makeup Artist\u00a0para estudio ID -Sombreros:\u00a0Compa\u00f1ia de Sombreros [&hellip;]<!-- AddThis Advanced Settings generic via filter on get_the_excerpt --><!-- AddThis Share Buttons generic via filter on get_the_excerpt --><\/p>\n","protected":false},"author":6,"featured_media":14683,"comment_status":"closed","ping_status":"open","sticky":false,"template":"","format":"standard","meta":{"_acf_changed":false,"om_disable_all_campaigns":false,"_monsterinsights_skip_tracking":false,"_monsterinsights_sitenote_active":false,"_monsterinsights_sitenote_note":"","_monsterinsights_sitenote_category":0,"_uf_show_specific_survey":0,"_uf_disable_surveys":false,"footnotes":""},"categories":[19],"tags":[],"class_list":["post-14680","post","type-post","status-publish","format-standard","has-post-thumbnail","hentry","category-eventos-sociales"],"acf":[],"aioseo_notices":[],"_links":{"self":[{"href":"https:\/\/www.lasrosas.com.ar\/portal\/wp-json\/wp\/v2\/posts\/14680","targetHints":{"allow":["GET"]}}],"collection":[{"href":"https:\/\/www.lasrosas.com.ar\/portal\/wp-json\/wp\/v2\/posts"}],"about":[{"href":"https:\/\/www.lasrosas.com.ar\/portal\/wp-json\/wp\/v2\/types\/post"}],"author":[{"embeddable":true,"href":"https:\/\/www.lasrosas.com.ar\/portal\/wp-json\/wp\/v2\/users\/6"}],"replies":[{"embeddable":true,"href":"https:\/\/www.lasrosas.com.ar\/portal\/wp-json\/wp\/v2\/comments?post=14680"}],"version-history":[{"count":0,"href":"https:\/\/www.lasrosas.com.ar\/portal\/wp-json\/wp\/v2\/posts\/14680\/revisions"}],"wp:featuredmedia":[{"embeddable":true,"href":"https:\/\/www.lasrosas.com.ar\/portal\/wp-json\/wp\/v2\/media\/14683"}],"wp:attachment":[{"href":"https:\/\/www.lasrosas.com.ar\/portal\/wp-json\/wp\/v2\/media?parent=14680"}],"wp:term":[{"taxonomy":"category","embeddable":true,"href":"https:\/\/www.lasrosas.com.ar\/portal\/wp-json\/wp\/v2\/categories?post=14680"},{"taxonomy":"post_tag","embeddable":true,"href":"https:\/\/www.lasrosas.com.ar\/portal\/wp-json\/wp\/v2\/tags?post=14680"}],"curies":[{"name":"wp","href":"https:\/\/api.w.org\/{rel}","templated":true}]}}