{"id":14636,"date":"2019-05-08T15:53:09","date_gmt":"2019-05-08T18:53:09","guid":{"rendered":"https:\/\/www.lasrosas.com.ar\/portal\/?p=14636"},"modified":"2019-05-08T15:55:17","modified_gmt":"2019-05-08T18:55:17","slug":"arabia-fashion-week","status":"publish","type":"post","link":"https:\/\/www.lasrosas.com.ar\/portal\/arabia-fashion-week\/","title":{"rendered":"TODAS LAS TENDENCIAS DEL ARAB FASHION WEEK"},"content":{"rendered":"<h3 dir=\"ltr\" data-placeholder=\"Traducci\u00f3n\"><strong>E<\/strong><strong>ntre el 24 y el 28 de abril se presentaron m\u00e1s de 70 dise\u00f1adores en el Arabia Fashion Week.<\/strong><\/h3>\n<p>M\u00e1s de<span lang=\"es\" tabindex=\"0\">\u00a070 dise\u00f1adores de<strong> Medio Oriente, Europa y Asia<\/strong> se reunieron para el <em><strong>Arab Fashion Week<\/strong> <\/em>que se realiz\u00f3 del 24 al 28 de abril en City Walk, el barrio de estilo de vida al aire libre inspirado en el dise\u00f1o de <strong>Meraas.<\/strong><\/span><\/p>\n\r\n\t\t<style type='text\/css'>\r\n\t\t\t#gallery-1 {\r\n\t\t\t\tmargin: auto;\r\n\t\t\t}\r\n\t\t\t#gallery-1 .gallery-item {\r\n\t\t\t\tfloat: left;\r\n\t\t\t\tmargin-top: 10px;\r\n\t\t\t\ttext-align: center;\r\n\t\t\t\twidth: 33%;\r\n\t\t\t}\r\n\t\t\t#gallery-1 img {\r\n\t\t\t\tborder: 2px solid #cfcfcf;\r\n\t\t\t}\r\n\t\t\t#gallery-1 .gallery-caption {\r\n\t\t\t\tmargin-left: 0;\r\n\t\t\t}\r\n\t\t<\/style>\r\n\t\t<!-- see gallery_shortcode() in wp-includes\/media.php -->\n\t\t<div id='gallery-1' class='gallery galleryid-14636 gallery-columns-3 gallery-size-full gallery1'><script type=\"text\/javascript\">\r\n\/\/ <![CDATA[\r\n\tjQuery(document).ready(function () {\r\n\t\tjQuery(\".gallery1 a\").attr(\"rel\",\"gallery1\");\t\r\n\t\tjQuery('a[rel=\"gallery1\"]').colorbox({maxWidth:\"95%\", maxHeight:\"95%\",title: function(){ return jQuery(this).children().attr(\"alt\"); }, });\r\n\t});\r\n\/\/ ]]>\r\n<\/script>\n<dl class=\"gallery-item\">\n<dt class=\"gallery-icon\">\r\n<a href=\"https:\/\/www.lasrosas.com.ar\/portal\/wp-content\/uploads\/1-17-1280x1920.jpg\" title=\"\" rel=\"gallery1\"><img decoding=\"async\" data-src=\"https:\/\/www.lasrosas.com.ar\/portal\/wp-content\/uploads\/1-17.jpg\" width=\"1333\" height=\"2000\" alt=\"\" src=\"data:image\/svg+xml;base64,PHN2ZyB3aWR0aD0iMSIgaGVpZ2h0PSIxIiB4bWxucz0iaHR0cDovL3d3dy53My5vcmcvMjAwMC9zdmciPjwvc3ZnPg==\" class=\"lazyload\" style=\"--smush-placeholder-width: 1333px; --smush-placeholder-aspect-ratio: 1333\/2000;\" \/><\/a>\r\n<\/dt><\/dl><dl class=\"gallery-item\">\n<dt class=\"gallery-icon\">\r\n<a href=\"https:\/\/www.lasrosas.com.ar\/portal\/wp-content\/uploads\/1-4-1-1280x1920.jpg\" title=\"\" rel=\"gallery1\"><img decoding=\"async\" data-src=\"https:\/\/www.lasrosas.com.ar\/portal\/wp-content\/uploads\/1-4-1.jpg\" width=\"1333\" height=\"2000\" alt=\"\" src=\"data:image\/svg+xml;base64,PHN2ZyB3aWR0aD0iMSIgaGVpZ2h0PSIxIiB4bWxucz0iaHR0cDovL3d3dy53My5vcmcvMjAwMC9zdmciPjwvc3ZnPg==\" class=\"lazyload\" style=\"--smush-placeholder-width: 1333px; --smush-placeholder-aspect-ratio: 1333\/2000;\" \/><\/a>\r\n<\/dt><\/dl><dl class=\"gallery-item\">\n<dt class=\"gallery-icon\">\r\n<a href=\"https:\/\/www.lasrosas.com.ar\/portal\/wp-content\/uploads\/1-3-3.jpg\" title=\"\" rel=\"gallery1\"><img decoding=\"async\" data-src=\"https:\/\/www.lasrosas.com.ar\/portal\/wp-content\/uploads\/1-3-3.jpg\" width=\"1080\" height=\"1620\" alt=\"\" src=\"data:image\/svg+xml;base64,PHN2ZyB3aWR0aD0iMSIgaGVpZ2h0PSIxIiB4bWxucz0iaHR0cDovL3d3dy53My5vcmcvMjAwMC9zdmciPjwvc3ZnPg==\" class=\"lazyload\" style=\"--smush-placeholder-width: 1080px; --smush-placeholder-aspect-ratio: 1080\/1620;\" \/><\/a>\r\n<\/dt><\/dl><br style=\"clear: both\" \/>\r\n\t\t<\/div>\n\n<p><span lang=\"es\" tabindex=\"0\">El <strong>Arab Fashion Week<\/strong> de este a\u00f1o celebr\u00f3 en su nuevo hogar el <strong>City Walk by Meraas.<\/strong> Una pasarela que incorpora tecnolog\u00eda de vanguardia que ha atra\u00eddo la participaci\u00f3n r\u00e9cord de los dise\u00f1adores m\u00e1s talentosos de la regi\u00f3n, cuyos dise\u00f1os est\u00e1n preparados para despertar una nueva ola de tendencias de moda y estilo de vida.<\/span><\/p>\n\r\n\t\t<style type='text\/css'>\r\n\t\t\t#gallery-2 {\r\n\t\t\t\tmargin: auto;\r\n\t\t\t}\r\n\t\t\t#gallery-2 .gallery-item {\r\n\t\t\t\tfloat: left;\r\n\t\t\t\tmargin-top: 10px;\r\n\t\t\t\ttext-align: center;\r\n\t\t\t\twidth: 33%;\r\n\t\t\t}\r\n\t\t\t#gallery-2 img {\r\n\t\t\t\tborder: 2px solid #cfcfcf;\r\n\t\t\t}\r\n\t\t\t#gallery-2 .gallery-caption {\r\n\t\t\t\tmargin-left: 0;\r\n\t\t\t}\r\n\t\t<\/style>\r\n\t\t<!-- see gallery_shortcode() in wp-includes\/media.php -->\n\t\t<div id='gallery-2' class='gallery galleryid-14636 gallery-columns-3 gallery-size-full gallery1'><script type=\"text\/javascript\">\r\n\/\/ <![CDATA[\r\n\tjQuery(document).ready(function () {\r\n\t\tjQuery(\".gallery1 a\").attr(\"rel\",\"gallery1\");\t\r\n\t\tjQuery('a[rel=\"gallery1\"]').colorbox({maxWidth:\"95%\", maxHeight:\"95%\",title: function(){ return jQuery(this).children().attr(\"alt\"); }, });\r\n\t});\r\n\/\/ ]]>\r\n<\/script>\n<dl class=\"gallery-item\">\n<dt class=\"gallery-icon\">\r\n<a href=\"https:\/\/www.lasrosas.com.ar\/portal\/wp-content\/uploads\/1-18-1280x1920.jpg\" title=\"\" rel=\"gallery1\"><img decoding=\"async\" data-src=\"https:\/\/www.lasrosas.com.ar\/portal\/wp-content\/uploads\/1-18.jpg\" width=\"1333\" height=\"2000\" alt=\"\" src=\"data:image\/svg+xml;base64,PHN2ZyB3aWR0aD0iMSIgaGVpZ2h0PSIxIiB4bWxucz0iaHR0cDovL3d3dy53My5vcmcvMjAwMC9zdmciPjwvc3ZnPg==\" class=\"lazyload\" style=\"--smush-placeholder-width: 1333px; --smush-placeholder-aspect-ratio: 1333\/2000;\" \/><\/a>\r\n<\/dt><\/dl><dl class=\"gallery-item\">\n<dt class=\"gallery-icon\">\r\n<a href=\"https:\/\/www.lasrosas.com.ar\/portal\/wp-content\/uploads\/Aiisha-Ramadan-Arab-Fashion-Week-Dubai-1280x1920.jpg\" title=\"Aiisha Ramadan Resort 2020 Collection Arab Fashion Week in Dubai\" rel=\"gallery1\"><img decoding=\"async\" data-src=\"https:\/\/www.lasrosas.com.ar\/portal\/wp-content\/uploads\/Aiisha-Ramadan-Arab-Fashion-Week-Dubai.jpg\" width=\"1333\" height=\"2000\" alt=\"Aiisha Ramadan Resort 2020 Collection Arab Fashion Week in Dubai\" src=\"data:image\/svg+xml;base64,PHN2ZyB3aWR0aD0iMSIgaGVpZ2h0PSIxIiB4bWxucz0iaHR0cDovL3d3dy53My5vcmcvMjAwMC9zdmciPjwvc3ZnPg==\" class=\"lazyload\" style=\"--smush-placeholder-width: 1333px; --smush-placeholder-aspect-ratio: 1333\/2000;\" \/><\/a>\r\n<\/dt><dd class=\"gallery-caption\" id=\"caption14643\"><span class=\"imagecaption\">Aiisha Ramadan Resort 2020 Collection Arab Fashion Week in Dubai<\/span><br \/>\n<\/dd><\/dl><dl class=\"gallery-item\">\n<dt class=\"gallery-icon\">\r\n<a href=\"https:\/\/www.lasrosas.com.ar\/portal\/wp-content\/uploads\/1-3-4-1280x1920.jpg\" title=\"\" rel=\"gallery1\"><img decoding=\"async\" data-src=\"https:\/\/www.lasrosas.com.ar\/portal\/wp-content\/uploads\/1-3-4.jpg\" width=\"1333\" height=\"2000\" alt=\"\" src=\"data:image\/svg+xml;base64,PHN2ZyB3aWR0aD0iMSIgaGVpZ2h0PSIxIiB4bWxucz0iaHR0cDovL3d3dy53My5vcmcvMjAwMC9zdmciPjwvc3ZnPg==\" class=\"lazyload\" style=\"--smush-placeholder-width: 1333px; --smush-placeholder-aspect-ratio: 1333\/2000;\" \/><\/a>\r\n<\/dt><\/dl><br style=\"clear: both\" \/>\r\n\t\t<\/div>\n\n<p><span lang=\"es\" tabindex=\"0\">Seg\u00fan el <em>director ejecutivo del Consejo de la Moda \u00c1rabe<\/em>, <strong>Jacob Abrian:<em> \u201cLa Semana de la Moda \u00c1rabe es una plataforma poderosa para dise\u00f1adores de moda y casas de dise\u00f1o locales, regionales e internacionales para mostrar al resto del mundo c\u00f3mo est\u00e1 evolucionando la moda en el Medio Oriente. Nos enorgullece ver que el evento evoluciona para convertirse en una atracci\u00f3n internacional que alberga marcas, medios y compradores de todo el mundo. \u00abEs absolutamente una excelente plataforma para que los dise\u00f1adores de todo el mundo muestren sus proezas de dise\u00f1o. Se espera que el evento de este a\u00f1o sea disruptivo. Esperamos que se muestren nuevas tendencias de dise\u00f1o y estilo de vida a lo largo del evento y estamos dando la bienvenida a un grupo premium de compradores de toda Europa, China y Rusia \u00ab.<\/em><\/strong><\/span><\/p>\n\r\n\t\t<style type='text\/css'>\r\n\t\t\t#gallery-3 {\r\n\t\t\t\tmargin: auto;\r\n\t\t\t}\r\n\t\t\t#gallery-3 .gallery-item {\r\n\t\t\t\tfloat: left;\r\n\t\t\t\tmargin-top: 10px;\r\n\t\t\t\ttext-align: center;\r\n\t\t\t\twidth: 33%;\r\n\t\t\t}\r\n\t\t\t#gallery-3 img {\r\n\t\t\t\tborder: 2px solid #cfcfcf;\r\n\t\t\t}\r\n\t\t\t#gallery-3 .gallery-caption {\r\n\t\t\t\tmargin-left: 0;\r\n\t\t\t}\r\n\t\t<\/style>\r\n\t\t<!-- see gallery_shortcode() in wp-includes\/media.php -->\n\t\t<div id='gallery-3' class='gallery galleryid-14636 gallery-columns-3 gallery-size-full gallery1'><script type=\"text\/javascript\">\r\n\/\/ <![CDATA[\r\n\tjQuery(document).ready(function () {\r\n\t\tjQuery(\".gallery1 a\").attr(\"rel\",\"gallery1\");\t\r\n\t\tjQuery('a[rel=\"gallery1\"]').colorbox({maxWidth:\"95%\", maxHeight:\"95%\",title: function(){ return jQuery(this).children().attr(\"alt\"); }, });\r\n\t});\r\n\/\/ ]]>\r\n<\/script>\n<dl class=\"gallery-item\">\n<dt class=\"gallery-icon\">\r\n<a href=\"https:\/\/www.lasrosas.com.ar\/portal\/wp-content\/uploads\/Yara-Bin-Shakar-Resort-2020-AFW-Dubai-5958-1280x1920.jpg\" title=\"Yara Bin Shakar Resort 2020 Collection Arab Fashion Week in Dubai\" rel=\"gallery1\"><img decoding=\"async\" data-src=\"https:\/\/www.lasrosas.com.ar\/portal\/wp-content\/uploads\/Yara-Bin-Shakar-Resort-2020-AFW-Dubai-5958.jpg\" width=\"1333\" height=\"2000\" alt=\"Yara Bin Shakar Resort 2020 Collection Arab Fashion Week in Dubai\" src=\"data:image\/svg+xml;base64,PHN2ZyB3aWR0aD0iMSIgaGVpZ2h0PSIxIiB4bWxucz0iaHR0cDovL3d3dy53My5vcmcvMjAwMC9zdmciPjwvc3ZnPg==\" class=\"lazyload\" style=\"--smush-placeholder-width: 1333px; --smush-placeholder-aspect-ratio: 1333\/2000;\" \/><\/a>\r\n<\/dt><dd class=\"gallery-caption\" id=\"caption14645\"><span class=\"imagecaption\">Yara Bin Shakar Resort 2020 Collection Arab Fashion Week in Dubai<\/span><br \/>\n<\/dd><\/dl><dl class=\"gallery-item\">\n<dt class=\"gallery-icon\">\r\n<a href=\"https:\/\/www.lasrosas.com.ar\/portal\/wp-content\/uploads\/1-4-2-1280x1920.jpg\" title=\"\" rel=\"gallery1\"><img decoding=\"async\" data-src=\"https:\/\/www.lasrosas.com.ar\/portal\/wp-content\/uploads\/1-4-2.jpg\" width=\"1333\" height=\"2000\" alt=\"\" src=\"data:image\/svg+xml;base64,PHN2ZyB3aWR0aD0iMSIgaGVpZ2h0PSIxIiB4bWxucz0iaHR0cDovL3d3dy53My5vcmcvMjAwMC9zdmciPjwvc3ZnPg==\" class=\"lazyload\" style=\"--smush-placeholder-width: 1333px; --smush-placeholder-aspect-ratio: 1333\/2000;\" \/><\/a>\r\n<\/dt><\/dl><dl class=\"gallery-item\">\n<dt class=\"gallery-icon\">\r\n<a href=\"https:\/\/www.lasrosas.com.ar\/portal\/wp-content\/uploads\/BLSSD-Resort-2020-AFW-Dubai-4206-1280x1920.jpg\" title=\"BLSSD Resort 2020 Collection Arab Fashion Week in Dubai\" rel=\"gallery1\"><img decoding=\"async\" data-src=\"https:\/\/www.lasrosas.com.ar\/portal\/wp-content\/uploads\/BLSSD-Resort-2020-AFW-Dubai-4206.jpg\" width=\"1333\" height=\"2000\" alt=\"BLSSD Resort 2020 Collection Arab Fashion Week in Dubai\" src=\"data:image\/svg+xml;base64,PHN2ZyB3aWR0aD0iMSIgaGVpZ2h0PSIxIiB4bWxucz0iaHR0cDovL3d3dy53My5vcmcvMjAwMC9zdmciPjwvc3ZnPg==\" class=\"lazyload\" style=\"--smush-placeholder-width: 1333px; --smush-placeholder-aspect-ratio: 1333\/2000;\" \/><\/a>\r\n<\/dt><dd class=\"gallery-caption\" id=\"caption14647\"><span class=\"imagecaption\">BLSSD Resort 2020 Collection Arab Fashion Week in Dubai<\/span><br \/>\n<\/dd><\/dl><br style=\"clear: both\" \/>\r\n\t\t<\/div>\n\n<p><span lang=\"es\" tabindex=\"0\">La Directora de los Centros Comerciales de Meraas, <strong>Sally Yacoub<\/strong>, dijo: <strong><em>\u00abEstamos encantados de ser anfitriones una vez m\u00e1s del Arab Fashion Week. \u00abEl evento no solo ofrece una plataforma propicia para que todos los dise\u00f1adores brillen, sino que tambi\u00e9n consolida a Dubai como el centro de la moda de Medio Oriente\u00bb.\u00a0<\/em><\/strong><\/span><\/p>\n\r\n\t\t<style type='text\/css'>\r\n\t\t\t#gallery-4 {\r\n\t\t\t\tmargin: auto;\r\n\t\t\t}\r\n\t\t\t#gallery-4 .gallery-item {\r\n\t\t\t\tfloat: left;\r\n\t\t\t\tmargin-top: 10px;\r\n\t\t\t\ttext-align: center;\r\n\t\t\t\twidth: 33%;\r\n\t\t\t}\r\n\t\t\t#gallery-4 img {\r\n\t\t\t\tborder: 2px solid #cfcfcf;\r\n\t\t\t}\r\n\t\t\t#gallery-4 .gallery-caption {\r\n\t\t\t\tmargin-left: 0;\r\n\t\t\t}\r\n\t\t<\/style>\r\n\t\t<!-- see gallery_shortcode() in wp-includes\/media.php -->\n\t\t<div id='gallery-4' class='gallery galleryid-14636 gallery-columns-3 gallery-size-full gallery1'><script type=\"text\/javascript\">\r\n\/\/ <![CDATA[\r\n\tjQuery(document).ready(function () {\r\n\t\tjQuery(\".gallery1 a\").attr(\"rel\",\"gallery1\");\t\r\n\t\tjQuery('a[rel=\"gallery1\"]').colorbox({maxWidth:\"95%\", maxHeight:\"95%\",title: function(){ return jQuery(this).children().attr(\"alt\"); }, });\r\n\t});\r\n\/\/ ]]>\r\n<\/script>\n<dl class=\"gallery-item\">\n<dt class=\"gallery-icon\">\r\n<a href=\"https:\/\/www.lasrosas.com.ar\/portal\/wp-content\/uploads\/1-1-1-1280x1920.jpg\" title=\"\" rel=\"gallery1\"><img decoding=\"async\" data-src=\"https:\/\/www.lasrosas.com.ar\/portal\/wp-content\/uploads\/1-1-1.jpg\" width=\"1333\" height=\"2000\" alt=\"\" src=\"data:image\/svg+xml;base64,PHN2ZyB3aWR0aD0iMSIgaGVpZ2h0PSIxIiB4bWxucz0iaHR0cDovL3d3dy53My5vcmcvMjAwMC9zdmciPjwvc3ZnPg==\" class=\"lazyload\" style=\"--smush-placeholder-width: 1333px; --smush-placeholder-aspect-ratio: 1333\/2000;\" \/><\/a>\r\n<\/dt><\/dl><dl class=\"gallery-item\">\n<dt class=\"gallery-icon\">\r\n<a href=\"https:\/\/www.lasrosas.com.ar\/portal\/wp-content\/uploads\/Rami-Kadi-Resort-2020-AFW-Dubai-1387-1280x1920.jpg\" title=\"Rami Kadi Resort 2020 Collection Arab Fashion Week in Dubai\" rel=\"gallery1\"><img decoding=\"async\" data-src=\"https:\/\/www.lasrosas.com.ar\/portal\/wp-content\/uploads\/Rami-Kadi-Resort-2020-AFW-Dubai-1387.jpg\" width=\"1333\" height=\"2000\" alt=\"Rami Kadi Resort 2020 Collection Arab Fashion Week in Dubai\" src=\"data:image\/svg+xml;base64,PHN2ZyB3aWR0aD0iMSIgaGVpZ2h0PSIxIiB4bWxucz0iaHR0cDovL3d3dy53My5vcmcvMjAwMC9zdmciPjwvc3ZnPg==\" class=\"lazyload\" style=\"--smush-placeholder-width: 1333px; --smush-placeholder-aspect-ratio: 1333\/2000;\" \/><\/a>\r\n<\/dt><dd class=\"gallery-caption\" id=\"caption14652\"><span class=\"imagecaption\">Rami Kadi Resort 2020 Collection Arab Fashion Week in Dubai<\/span><br \/>\n<\/dd><\/dl><dl class=\"gallery-item\">\n<dt class=\"gallery-icon\">\r\n<a href=\"https:\/\/www.lasrosas.com.ar\/portal\/wp-content\/uploads\/Sophie-Couture-Resort-2020-AFW-Dubai-0815-1280x1920.jpg\" title=\"Sophie Couture Resort 2020 Collection Arab Fashion Week in Dubai\" rel=\"gallery1\"><img decoding=\"async\" data-src=\"https:\/\/www.lasrosas.com.ar\/portal\/wp-content\/uploads\/Sophie-Couture-Resort-2020-AFW-Dubai-0815.jpg\" width=\"1333\" height=\"2000\" alt=\"Sophie Couture Resort 2020 Collection Arab Fashion Week in Dubai\" src=\"data:image\/svg+xml;base64,PHN2ZyB3aWR0aD0iMSIgaGVpZ2h0PSIxIiB4bWxucz0iaHR0cDovL3d3dy53My5vcmcvMjAwMC9zdmciPjwvc3ZnPg==\" class=\"lazyload\" style=\"--smush-placeholder-width: 1333px; --smush-placeholder-aspect-ratio: 1333\/2000;\" \/><\/a>\r\n<\/dt><dd class=\"gallery-caption\" id=\"caption14653\"><span class=\"imagecaption\">Sophie Couture Resort 2020 Collection Arab Fashion Week in Dubai<\/span><br \/>\n<\/dd><\/dl><br style=\"clear: both\" \/>\r\n\t\t<\/div>\n\n<!-- AddThis Advanced Settings generic via filter on the_content --><!-- AddThis Share Buttons generic via filter on the_content -->","protected":false},"excerpt":{"rendered":"<p>Entre el 24 y el 28 de abril se presentaron m\u00e1s de 70 dise\u00f1adores en el Arabia Fashion Week. M\u00e1s de\u00a070 dise\u00f1adores de Medio Oriente, Europa y Asia se reunieron para el Arab Fashion Week que se realiz\u00f3 del 24 al 28 de abril en City Walk, el barrio de estilo de vida al aire [&hellip;]<!-- AddThis Advanced Settings generic via filter on get_the_excerpt --><!-- AddThis Share Buttons generic via filter on get_the_excerpt --><\/p>\n","protected":false},"author":6,"featured_media":14654,"comment_status":"closed","ping_status":"open","sticky":false,"template":"","format":"standard","meta":{"_acf_changed":false,"om_disable_all_campaigns":false,"_monsterinsights_skip_tracking":false,"_monsterinsights_sitenote_active":false,"_monsterinsights_sitenote_note":"","_monsterinsights_sitenote_category":0,"_uf_show_specific_survey":0,"_uf_disable_surveys":false,"footnotes":""},"categories":[30],"tags":[],"class_list":["post-14636","post","type-post","status-publish","format-standard","has-post-thumbnail","hentry","category-moda"],"acf":[],"aioseo_notices":[],"_links":{"self":[{"href":"https:\/\/www.lasrosas.com.ar\/portal\/wp-json\/wp\/v2\/posts\/14636","targetHints":{"allow":["GET"]}}],"collection":[{"href":"https:\/\/www.lasrosas.com.ar\/portal\/wp-json\/wp\/v2\/posts"}],"about":[{"href":"https:\/\/www.lasrosas.com.ar\/portal\/wp-json\/wp\/v2\/types\/post"}],"author":[{"embeddable":true,"href":"https:\/\/www.lasrosas.com.ar\/portal\/wp-json\/wp\/v2\/users\/6"}],"replies":[{"embeddable":true,"href":"https:\/\/www.lasrosas.com.ar\/portal\/wp-json\/wp\/v2\/comments?post=14636"}],"version-history":[{"count":0,"href":"https:\/\/www.lasrosas.com.ar\/portal\/wp-json\/wp\/v2\/posts\/14636\/revisions"}],"wp:featuredmedia":[{"embeddable":true,"href":"https:\/\/www.lasrosas.com.ar\/portal\/wp-json\/wp\/v2\/media\/14654"}],"wp:attachment":[{"href":"https:\/\/www.lasrosas.com.ar\/portal\/wp-json\/wp\/v2\/media?parent=14636"}],"wp:term":[{"taxonomy":"category","embeddable":true,"href":"https:\/\/www.lasrosas.com.ar\/portal\/wp-json\/wp\/v2\/categories?post=14636"},{"taxonomy":"post_tag","embeddable":true,"href":"https:\/\/www.lasrosas.com.ar\/portal\/wp-json\/wp\/v2\/tags?post=14636"}],"curies":[{"name":"wp","href":"https:\/\/api.w.org\/{rel}","templated":true}]}}