{"id":14448,"date":"2019-05-03T13:04:30","date_gmt":"2019-05-03T16:04:30","guid":{"rendered":"https:\/\/www.lasrosas.com.ar\/portal\/?p=14448"},"modified":"2019-05-03T13:04:30","modified_gmt":"2019-05-03T16:04:30","slug":"conoce-todo-sobre-la-nueva-edicion-del-met-gala-2019","status":"publish","type":"post","link":"https:\/\/www.lasrosas.com.ar\/portal\/conoce-todo-sobre-la-nueva-edicion-del-met-gala-2019\/","title":{"rendered":"CONOC\u00c9 TODO SOBRE LA NUEVA EDICI\u00d3N DEL MET GALA 2019"},"content":{"rendered":"<h3><strong>El pr\u00f3ximo lunes 6 de mayo, llega la gala m\u00e1s esperada del a\u00f1o, el MET GALA 2019. En esta nota te contamos de que se tratar\u00e1 la 71\u00b0 edici\u00f3n.\u00a0<\/strong><\/h3>\n<p><img decoding=\"async\" class=\"alignnone size-full wp-image-14449 lazyload\" data-src=\"https:\/\/www.lasrosas.com.ar\/portal\/wp-content\/uploads\/Captura-de-pantalla-2019-05-02-a-las-17.03.41.png\" alt=\"\" width=\"1512\" height=\"908\" data-srcset=\"https:\/\/www.lasrosas.com.ar\/portal\/wp-content\/uploads\/Captura-de-pantalla-2019-05-02-a-las-17.03.41.png 1512w, https:\/\/www.lasrosas.com.ar\/portal\/wp-content\/uploads\/Captura-de-pantalla-2019-05-02-a-las-17.03.41-960x577.png 960w\" data-sizes=\"(max-width: 1512px) 100vw, 1512px\" src=\"data:image\/svg+xml;base64,PHN2ZyB3aWR0aD0iMSIgaGVpZ2h0PSIxIiB4bWxucz0iaHR0cDovL3d3dy53My5vcmcvMjAwMC9zdmciPjwvc3ZnPg==\" style=\"--smush-placeholder-width: 1512px; --smush-placeholder-aspect-ratio: 1512\/908;\" \/><\/p>\n<p><strong>La 71\u00b0 edici\u00f3n<\/strong> del <strong>MET GALA 2019<\/strong> se realizar\u00e1 el pr\u00f3ximo lunes 6 de mayo en el <em>Museo Metropolitano de Nueva York.<\/em> La consigna de este a\u00f1o ser\u00e1 <em>\u00abNotes on Camp\u00bb<\/em>, inspirada en el ensayo de <strong>Susan Sontag<\/strong> de <strong>1964.\u00a0<\/strong>Por lo tanto, <em>la exposici\u00f3n se concentrar\u00e1 en el amor por lo antinatural: el artificio y la exageraci\u00f3n.<\/em><\/p>\n<p>El evento organizado por <strong>Anna Wintour<\/strong>, la prestigiosa editora de\u00a0<b>Vogue US<\/b>, tendr\u00e1 como anfitriones de la noche a<strong> Lady Gaga, Harry Styles, Alessandro Michele y Serena Williams.<\/strong><\/p>\n<p>La cobertura de este mega evento estar\u00e1 a cargo de <strong>E!<\/strong>, que realizar\u00e1 un vivo desde la Alfombra Roja, donde se podr\u00e1 disfrutar a las grandes celebridades luciendo las tendencias m\u00e1s\u00a0futuristas y extravagantes.<\/p>\n<p><img decoding=\"async\" class=\"alignnone size-full wp-image-14450 lazyload\" data-src=\"https:\/\/www.lasrosas.com.ar\/portal\/wp-content\/uploads\/Captura-de-pantalla-2019-05-02-a-las-17.04.38.png\" alt=\"\" width=\"1378\" height=\"918\" data-srcset=\"https:\/\/www.lasrosas.com.ar\/portal\/wp-content\/uploads\/Captura-de-pantalla-2019-05-02-a-las-17.04.38.png 1378w, https:\/\/www.lasrosas.com.ar\/portal\/wp-content\/uploads\/Captura-de-pantalla-2019-05-02-a-las-17.04.38-960x640.png 960w\" data-sizes=\"(max-width: 1378px) 100vw, 1378px\" src=\"data:image\/svg+xml;base64,PHN2ZyB3aWR0aD0iMSIgaGVpZ2h0PSIxIiB4bWxucz0iaHR0cDovL3d3dy53My5vcmcvMjAwMC9zdmciPjwvc3ZnPg==\" style=\"--smush-placeholder-width: 1378px; --smush-placeholder-aspect-ratio: 1378\/918;\" \/><\/p>\n<div>Desde el 30 Rockefeller Plaza, <strong>E! <\/strong>realizar\u00e1 su transmisi\u00f3n liderada por el equipo especializado en moda, la host de <strong>E!, Giuliana Rancic<\/strong>, el estilista de celebridades <strong>Brad Goreski<\/strong>, <strong>Zanna Roberts Rassi<\/strong> de E! News Style y <strong>Elaine Welteroth<\/strong> ex editora en jefe de <strong>Teen Vogue<\/strong> y juez de <strong>Project Runway de Bravo. <\/strong><\/div>\n<div><\/div>\n<div><strong>Zuri Hall<\/strong>, corresponsal de <strong>E! News,<\/strong> transmitir\u00e1 desde el Museo Metropolitano de Arte para conversar con las celebridades m\u00e1s aclamadas como <strong><em>Blake Lively, Cardi B, Emma Stone, Kim Kardashian West, Kylie Jenner, Lupita Nyong&#8217;o, Selena Gomez, Zendaya <\/em><\/strong>y muchas m\u00e1s, con una mirada de cerca a cada uno de sus looks extravagantes que ser\u00e1n inspirados en el gran concepto de la noche: <strong><em>\u201cCamp: Notes on Fashion\u201d, <\/em><\/strong>del ensayo de <strong>Susan Sontag <\/strong>de <strong>1964<\/strong>.Esta <strong>alfombra roja<\/strong> tiene es el encuentro m\u00e1s importante para recaudar fondos para el <strong>Instituto del Traje del Museo Metropolitano de Arte<\/strong> y su exposici\u00f3n anual. El evento supera todos los a\u00f1os sus cifras de recaudaci\u00f3n. La edici\u00f3n de<strong> 2017<\/strong> rompi\u00f3 el r\u00e9cord de los <strong>13.5 millones de d\u00f3lares.<\/strong><\/p>\n<p>&nbsp;<\/p>\n<\/div>\n<!-- AddThis Advanced Settings generic via filter on the_content --><!-- AddThis Share Buttons generic via filter on the_content -->","protected":false},"excerpt":{"rendered":"<p>El pr\u00f3ximo lunes 6 de mayo, llega la gala m\u00e1s esperada del a\u00f1o, el MET GALA 2019. En esta nota te contamos de que se tratar\u00e1 la 71\u00b0 edici\u00f3n.\u00a0 La 71\u00b0 edici\u00f3n del MET GALA 2019 se realizar\u00e1 el pr\u00f3ximo lunes 6 de mayo en el Museo Metropolitano de Nueva York. La consigna de este [&hellip;]<!-- AddThis Advanced Settings generic via filter on get_the_excerpt --><!-- AddThis Share Buttons generic via filter on get_the_excerpt --><\/p>\n","protected":false},"author":6,"featured_media":14451,"comment_status":"closed","ping_status":"open","sticky":false,"template":"","format":"standard","meta":{"_acf_changed":false,"om_disable_all_campaigns":false,"_monsterinsights_skip_tracking":false,"_monsterinsights_sitenote_active":false,"_monsterinsights_sitenote_note":"","_monsterinsights_sitenote_category":0,"_uf_show_specific_survey":0,"_uf_disable_surveys":false,"footnotes":""},"categories":[100],"tags":[],"class_list":["post-14448","post","type-post","status-publish","format-standard","has-post-thumbnail","hentry","category-noticias"],"acf":[],"aioseo_notices":[],"_links":{"self":[{"href":"https:\/\/www.lasrosas.com.ar\/portal\/wp-json\/wp\/v2\/posts\/14448","targetHints":{"allow":["GET"]}}],"collection":[{"href":"https:\/\/www.lasrosas.com.ar\/portal\/wp-json\/wp\/v2\/posts"}],"about":[{"href":"https:\/\/www.lasrosas.com.ar\/portal\/wp-json\/wp\/v2\/types\/post"}],"author":[{"embeddable":true,"href":"https:\/\/www.lasrosas.com.ar\/portal\/wp-json\/wp\/v2\/users\/6"}],"replies":[{"embeddable":true,"href":"https:\/\/www.lasrosas.com.ar\/portal\/wp-json\/wp\/v2\/comments?post=14448"}],"version-history":[{"count":0,"href":"https:\/\/www.lasrosas.com.ar\/portal\/wp-json\/wp\/v2\/posts\/14448\/revisions"}],"wp:featuredmedia":[{"embeddable":true,"href":"https:\/\/www.lasrosas.com.ar\/portal\/wp-json\/wp\/v2\/media\/14451"}],"wp:attachment":[{"href":"https:\/\/www.lasrosas.com.ar\/portal\/wp-json\/wp\/v2\/media?parent=14448"}],"wp:term":[{"taxonomy":"category","embeddable":true,"href":"https:\/\/www.lasrosas.com.ar\/portal\/wp-json\/wp\/v2\/categories?post=14448"},{"taxonomy":"post_tag","embeddable":true,"href":"https:\/\/www.lasrosas.com.ar\/portal\/wp-json\/wp\/v2\/tags?post=14448"}],"curies":[{"name":"wp","href":"https:\/\/api.w.org\/{rel}","templated":true}]}}