{"id":14192,"date":"2019-04-26T14:16:22","date_gmt":"2019-04-26T17:16:22","guid":{"rendered":"https:\/\/www.lasrosas.com.ar\/portal\/?p=14192"},"modified":"2019-04-26T14:16:45","modified_gmt":"2019-04-26T17:16:45","slug":"llega-la-historia-que-vas-a-querer-probar","status":"publish","type":"post","link":"https:\/\/www.lasrosas.com.ar\/portal\/llega-la-historia-que-vas-a-querer-probar\/","title":{"rendered":"\u00a1LLEGA LA HISTORIA QUE VAS A QUERER PROBAR!"},"content":{"rendered":"<h3><strong>Llega \u00abCamarera\u00bb al Metropolitan Sura con la actuaci\u00f3n de Josefina Scaglione.<\/strong><\/h3>\n<p>Desde <strong>Broadway<\/strong> una nueva producci\u00f3n musical,\u00a0desambarc\u00f3\u00a0en la <strong>Avenida Corrientes:\u00a0\u00abCamarera\u00bb\u00a0<\/strong>en el Metropolitan Sura. Con m\u00fasica y letras de\u00a0<strong>Sara Bareilles<\/strong>\u00a0y libro de\u00a0<strong>Jessie Nelson<\/strong>, el musical est\u00e1 basado en la pel\u00edcula del mismo nombre, escrita por\u00a0<strong>Adrienne Shelly<\/strong>.<\/p>\n<p>La versi\u00f3n argentina es\u00a0protagonizada por\u00a0<strong>Josefina Scaglione<\/strong>\u00a0y la acompa\u00f1ar\u00e1n\u00a0<strong>Felipe Colombo<\/strong>,\u00a0<strong>Maida Andrenacci<\/strong>,\u00a0<strong>Natalia Cociuffo<\/strong>,<strong>Guido Balzaretti<\/strong>,\u00a0<strong>Roberto Peloni<\/strong>,\u00a0<strong>Christian Alladio<\/strong>,\u00a0<strong>Florencia D`Elia<\/strong>,<strong>Magal\u00ed Sanch\u00e9z Alleno<\/strong>,\u00a0<strong>Flavia Pereda<\/strong>,\u00a0<strong>Diego Bros,\u00a0<\/strong><strong>Federico Llamb\u00ed\u00a0<\/strong>y la participaci\u00f3n especial de<strong>\u00a0Mario Pasik.\u00a0<\/strong><\/p>\n<p><img decoding=\"async\" class=\"alignnone wp-image-14196 size-medium lazyload\" data-src=\"https:\/\/www.lasrosas.com.ar\/portal\/wp-content\/uploads\/unnamed-4-1-960x650.jpg\" alt=\"\" width=\"960\" height=\"650\" data-srcset=\"https:\/\/www.lasrosas.com.ar\/portal\/wp-content\/uploads\/unnamed-4-1-960x650.jpg 960w, https:\/\/www.lasrosas.com.ar\/portal\/wp-content\/uploads\/unnamed-4-1.jpg 1596w\" data-sizes=\"(max-width: 960px) 100vw, 960px\" src=\"data:image\/svg+xml;base64,PHN2ZyB3aWR0aD0iMSIgaGVpZ2h0PSIxIiB4bWxucz0iaHR0cDovL3d3dy53My5vcmcvMjAwMC9zdmciPjwvc3ZnPg==\" style=\"--smush-placeholder-width: 960px; --smush-placeholder-aspect-ratio: 960\/650;\" \/><\/p>\n<p>Cuenta la historia de Gina, una camarera en una relaci\u00f3n abusiva con su esposo Edu. Cuando Gina queda embarazada inesperadamente, comienza un romance con su ginec\u00f3logo. Buscando salidas, ella ve un concurso de pasteler\u00eda y su gran premio, como su oportunidad.<\/p>\n<p>Con direcci\u00f3n de\u00a0<strong>Natalia del Castillo\u00a0<\/strong>y producci\u00f3n de\u00a0<strong>Julieta Kalik<\/strong>\u00a0y<strong>Pablo Del Campo\u00a0<\/strong>\u00e9sta nueva apuesta musical se sum\u00f3\u00a0a la cartelera porte\u00f1a y\u00a0se presenta\u00a0de mi\u00e9rcoles a domingos.\u00a0El staff creativo se completa con\u00a0<strong>Tato Fern\u00e1ndez<\/strong>, en escenograf\u00eda;\u00a0<strong>Vanesa Abramovich<\/strong>, en vestuario;\u00a0<strong>Mariana Zayas<\/strong>, en la direcci\u00f3n musical;\u00a0<strong>Sebasti\u00e1n Mazzoni<\/strong>, en la direcci\u00f3n vocal, y\u00a0<strong>Nina Iraolagoitia,<\/strong>\u00a0en la coreograf\u00eda.<\/p>\n<p><strong>El espect\u00e1culo se presenta\u00a0de mi\u00e9rcoles a domingos en el teatro Metropolitan Sura.\u00a0<\/strong><\/p>\n<p><iframe data-src=\"https:\/\/www.youtube.com\/embed\/AHMiIW-QQmQ\" width=\"700\" height=\"600\" frameborder=\"0\" allowfullscreen=\"allowfullscreen\" src=\"data:image\/svg+xml;base64,PHN2ZyB3aWR0aD0iMSIgaGVpZ2h0PSIxIiB4bWxucz0iaHR0cDovL3d3dy53My5vcmcvMjAwMC9zdmciPjwvc3ZnPg==\" class=\"lazyload\" data-load-mode=\"1\"><\/iframe><\/p>\n<!-- AddThis Advanced Settings generic via filter on the_content --><!-- AddThis Share Buttons generic via filter on the_content -->","protected":false},"excerpt":{"rendered":"<p>Llega \u00abCamarera\u00bb al Metropolitan Sura con la actuaci\u00f3n de Josefina Scaglione. Desde Broadway una nueva producci\u00f3n musical,\u00a0desambarc\u00f3\u00a0en la Avenida Corrientes:\u00a0\u00abCamarera\u00bb\u00a0en el Metropolitan Sura. Con m\u00fasica y letras de\u00a0Sara Bareilles\u00a0y libro de\u00a0Jessie Nelson, el musical est\u00e1 basado en la pel\u00edcula del mismo nombre, escrita por\u00a0Adrienne Shelly. La versi\u00f3n argentina es\u00a0protagonizada por\u00a0Josefina Scaglione\u00a0y la acompa\u00f1ar\u00e1n\u00a0Felipe Colombo,\u00a0Maida Andrenacci,\u00a0Natalia [&hellip;]<!-- AddThis Advanced Settings generic via filter on get_the_excerpt --><!-- AddThis Share Buttons generic via filter on get_the_excerpt --><\/p>\n","protected":false},"author":6,"featured_media":14197,"comment_status":"closed","ping_status":"open","sticky":false,"template":"","format":"standard","meta":{"_acf_changed":false,"om_disable_all_campaigns":false,"_monsterinsights_skip_tracking":false,"_monsterinsights_sitenote_active":false,"_monsterinsights_sitenote_note":"","_monsterinsights_sitenote_category":0,"_uf_show_specific_survey":0,"_uf_disable_surveys":false,"footnotes":""},"categories":[100],"tags":[],"class_list":["post-14192","post","type-post","status-publish","format-standard","has-post-thumbnail","hentry","category-noticias"],"acf":[],"aioseo_notices":[],"_links":{"self":[{"href":"https:\/\/www.lasrosas.com.ar\/portal\/wp-json\/wp\/v2\/posts\/14192","targetHints":{"allow":["GET"]}}],"collection":[{"href":"https:\/\/www.lasrosas.com.ar\/portal\/wp-json\/wp\/v2\/posts"}],"about":[{"href":"https:\/\/www.lasrosas.com.ar\/portal\/wp-json\/wp\/v2\/types\/post"}],"author":[{"embeddable":true,"href":"https:\/\/www.lasrosas.com.ar\/portal\/wp-json\/wp\/v2\/users\/6"}],"replies":[{"embeddable":true,"href":"https:\/\/www.lasrosas.com.ar\/portal\/wp-json\/wp\/v2\/comments?post=14192"}],"version-history":[{"count":0,"href":"https:\/\/www.lasrosas.com.ar\/portal\/wp-json\/wp\/v2\/posts\/14192\/revisions"}],"wp:featuredmedia":[{"embeddable":true,"href":"https:\/\/www.lasrosas.com.ar\/portal\/wp-json\/wp\/v2\/media\/14197"}],"wp:attachment":[{"href":"https:\/\/www.lasrosas.com.ar\/portal\/wp-json\/wp\/v2\/media?parent=14192"}],"wp:term":[{"taxonomy":"category","embeddable":true,"href":"https:\/\/www.lasrosas.com.ar\/portal\/wp-json\/wp\/v2\/categories?post=14192"},{"taxonomy":"post_tag","embeddable":true,"href":"https:\/\/www.lasrosas.com.ar\/portal\/wp-json\/wp\/v2\/tags?post=14192"}],"curies":[{"name":"wp","href":"https:\/\/api.w.org\/{rel}","templated":true}]}}