{"id":13887,"date":"2019-04-17T16:21:11","date_gmt":"2019-04-17T19:21:11","guid":{"rendered":"https:\/\/www.lasrosas.com.ar\/portal\/?p=13887"},"modified":"2019-04-22T16:07:12","modified_gmt":"2019-04-22T19:07:12","slug":"cordoba-muestra-reune-lo-mejor-del-diseno-interiorismo-y-la-arquitectura","status":"publish","type":"post","link":"https:\/\/www.lasrosas.com.ar\/portal\/cordoba-muestra-reune-lo-mejor-del-diseno-interiorismo-y-la-arquitectura\/","title":{"rendered":"C\u00d3RDOBA MUESTRA: LO MEJOR DEL DISE\u00d1O, INTERIORISMO Y LA ARQUITECTURA"},"content":{"rendered":"<h3><strong>La muestra se realizar\u00e1 en la sede del Castillo del Jockey Club C\u00f3rdoba (Calle El\u00edas Yofre 900), desde el 25 de abril al 26 de mayo del 2019.<\/strong><\/h3>\n<p><strong>C\u00d3RDOBA MUESTRA<\/strong> es la gran convocatoria para que C\u00f3rdoba y los profesionales &#8211;<em>del dise\u00f1o, la arquitectura y el interiorismo-<\/em> posean un lugar de encuentro de manera sostenida; con el objetivo de optimizar todos los alcances de la misma.<\/p>\n<p><em>\u201cEstamos convencidos que nuestra provincia tiene mucho para exhibir y queremos que C\u00d3RDOBA MUESTRA sea reflejo de esa b\u00fasqueda, de esa expresi\u00f3n\u201d<\/em>, dice <strong>Agustina Allende Posse<\/strong>, arquitecta y co-organizadora junto a su colega <strong>Santiago.\u00a0<\/strong><\/p>\n<p><strong>Bertotti<\/strong>, que agrega:<em> \u201cuna de nuestras metas fue posicionar el interiorismo, el dise\u00f1o y la arquitectura que se hace en C\u00f3rdoba a nivel pa\u00eds, que se muestren y se conozcan los trabajos de los cordobeses. Ese fue el principal motor para crear C\u00d3RDOBA MUESTRA y que le pongamos todo nuestro tiempo para que salga bien\u201d.<\/em><\/p>\n<p><img decoding=\"async\" class=\"alignnone size-full wp-image-13889 lazyload\" data-src=\"https:\/\/www.lasrosas.com.ar\/portal\/wp-content\/uploads\/Casa_Portal_2_6.jpg\" alt=\"\" width=\"1072\" height=\"589\" data-srcset=\"https:\/\/www.lasrosas.com.ar\/portal\/wp-content\/uploads\/Casa_Portal_2_6.jpg 1072w, https:\/\/www.lasrosas.com.ar\/portal\/wp-content\/uploads\/Casa_Portal_2_6-960x527.jpg 960w\" data-sizes=\"(max-width: 1072px) 100vw, 1072px\" src=\"data:image\/svg+xml;base64,PHN2ZyB3aWR0aD0iMSIgaGVpZ2h0PSIxIiB4bWxucz0iaHR0cDovL3d3dy53My5vcmcvMjAwMC9zdmciPjwvc3ZnPg==\" style=\"--smush-placeholder-width: 1072px; --smush-placeholder-aspect-ratio: 1072\/589;\" \/><\/p>\n<p><strong>C\u00d3RDOBA MUESTRA<\/strong>, donde arquitectos\/as, decoradores, paisajistas y profesionales del dise\u00f1o en general exhiben su creatividad, en este formato la novedad es la convocatoria de estudios de arquitectura para que intervengan estructuras exteriores independientes y, de este modo, desarrollar instalaciones conceptuales o espacios definidos de una vivienda residencial. Esta incorporaci\u00f3n le otorga valor agregado y el p\u00fablico tiene m\u00e1s espacios para recorrer.<\/p>\n<p><em>\u201cEs motivador el ejercicio que implicar armar algo as\u00ed porque es como montar una gran escenograf\u00eda. Es articular un cambio que uno lleva preparando durante un tiempo largo, pero en un mes lo vez armado\u00a0y, esa magia que tiene el interiorismo y la arquitectura que es poder ver de manera tangible lo que vos pensaste para ese espacio. Ver un mont\u00f3n de gente trabajando en diferentes horarios es sumamente gratificante y conmovedor\u201d<\/em>, cuenta <strong>Allende Posse.<\/strong><\/p>\n<p>Por su parte, <strong>Bertotti<\/strong> expresa que <strong>C\u00d3RDOBA MUESTRA<\/strong> incorpora adem\u00e1s el arte y, junto a dise\u00f1adores\u00a0 industriales, la propuesta son espacios m\u00e1s interactivos. <em>\u201cQue podamos en esta edici\u00f3n presentar una propuesta distinta. Para esta ocasi\u00f3n, hay un nuevo recorrido y se anexaron espacios exteriores. Buscamos empresas<\/em><br \/>\n<em>constructoras o casas de materiales de construcci\u00f3n para que trabajen en paralelo\u00a0y en alianza. Por un lado la parte constructiva y, por otro, el interiorismo\u201d<\/em>. En total\u00a0son una treintena de espacios que el p\u00fablico podr\u00e1 visitar de martes a domingos.<\/p>\n<p><em>\u201cEl compromiso no es s\u00f3lo con los profesionales y p\u00fablico en general, desde nuestro lugar queremos seguir uniendo esta muestra a un fin solidario, por ese motivo, cada edici\u00f3n ser\u00e1 a beneficio de una entidad espec\u00edfica. En esta ocasi\u00f3n, se trata de la Fundaci\u00f3n Aprender a Ser Hacer, la entidad que recibir\u00e1 parte de lo recaudado por las entradas de la expo\u201d<\/em>, agrega <strong>Allende Posse.<\/strong><\/p>\n<p><em><strong>El predio estar\u00e1 abierto de martes a domingo de 12 a 20. Y la entrada general tendr\u00e1 un costo de $ 250, estudiantes y jubilados $ 150, entrada m\u00e1s revista $ 350.<\/strong><\/em><\/p>\n<!-- AddThis Advanced Settings generic via filter on the_content --><!-- AddThis Share Buttons generic via filter on the_content -->","protected":false},"excerpt":{"rendered":"<p>La muestra se realizar\u00e1 en la sede del Castillo del Jockey Club C\u00f3rdoba (Calle El\u00edas Yofre 900), desde el 25 de abril al 26 de mayo del 2019. C\u00d3RDOBA MUESTRA es la gran convocatoria para que C\u00f3rdoba y los profesionales &#8211;del dise\u00f1o, la arquitectura y el interiorismo- posean un lugar de encuentro de manera sostenida; [&hellip;]<!-- AddThis Advanced Settings generic via filter on get_the_excerpt --><!-- AddThis Share Buttons generic via filter on get_the_excerpt --><\/p>\n","protected":false},"author":6,"featured_media":13888,"comment_status":"closed","ping_status":"open","sticky":false,"template":"","format":"standard","meta":{"_acf_changed":false,"om_disable_all_campaigns":false,"_monsterinsights_skip_tracking":false,"_monsterinsights_sitenote_active":false,"_monsterinsights_sitenote_note":"","_monsterinsights_sitenote_category":0,"_uf_show_specific_survey":0,"_uf_disable_surveys":false,"footnotes":""},"categories":[234,100],"tags":[],"class_list":["post-13887","post","type-post","status-publish","format-standard","has-post-thumbnail","hentry","category-trend","category-noticias"],"acf":[],"aioseo_notices":[],"_links":{"self":[{"href":"https:\/\/www.lasrosas.com.ar\/portal\/wp-json\/wp\/v2\/posts\/13887","targetHints":{"allow":["GET"]}}],"collection":[{"href":"https:\/\/www.lasrosas.com.ar\/portal\/wp-json\/wp\/v2\/posts"}],"about":[{"href":"https:\/\/www.lasrosas.com.ar\/portal\/wp-json\/wp\/v2\/types\/post"}],"author":[{"embeddable":true,"href":"https:\/\/www.lasrosas.com.ar\/portal\/wp-json\/wp\/v2\/users\/6"}],"replies":[{"embeddable":true,"href":"https:\/\/www.lasrosas.com.ar\/portal\/wp-json\/wp\/v2\/comments?post=13887"}],"version-history":[{"count":0,"href":"https:\/\/www.lasrosas.com.ar\/portal\/wp-json\/wp\/v2\/posts\/13887\/revisions"}],"wp:featuredmedia":[{"embeddable":true,"href":"https:\/\/www.lasrosas.com.ar\/portal\/wp-json\/wp\/v2\/media\/13888"}],"wp:attachment":[{"href":"https:\/\/www.lasrosas.com.ar\/portal\/wp-json\/wp\/v2\/media?parent=13887"}],"wp:term":[{"taxonomy":"category","embeddable":true,"href":"https:\/\/www.lasrosas.com.ar\/portal\/wp-json\/wp\/v2\/categories?post=13887"},{"taxonomy":"post_tag","embeddable":true,"href":"https:\/\/www.lasrosas.com.ar\/portal\/wp-json\/wp\/v2\/tags?post=13887"}],"curies":[{"name":"wp","href":"https:\/\/api.w.org\/{rel}","templated":true}]}}