{"id":13850,"date":"2019-04-16T14:49:39","date_gmt":"2019-04-16T17:49:39","guid":{"rendered":"https:\/\/www.lasrosas.com.ar\/portal\/?p=13850"},"modified":"2019-04-16T14:49:39","modified_gmt":"2019-04-16T17:49:39","slug":"viandas-saludables-para-llevar","status":"publish","type":"post","link":"https:\/\/www.lasrosas.com.ar\/portal\/viandas-saludables-para-llevar\/","title":{"rendered":"\u00a1VIANDAS SALUDABLES PARA LLEVAR!"},"content":{"rendered":"<h3><strong>Del amor al odio hay un solo paso y la comida no es la excepci\u00f3n, sobre todo en los chicos, que durante la infancia pasan por diferentes etapas. Si rechazan alg\u00fan alimento. \u00bfC\u00f3mo? Incorporando tips de planificaci\u00f3n y optando por preparaciones en pocos pasos.<\/strong><\/h3>\n\r\n\t\t<style type='text\/css'>\r\n\t\t\t#gallery-1 {\r\n\t\t\t\tmargin: auto;\r\n\t\t\t}\r\n\t\t\t#gallery-1 .gallery-item {\r\n\t\t\t\tfloat: left;\r\n\t\t\t\tmargin-top: 10px;\r\n\t\t\t\ttext-align: center;\r\n\t\t\t\twidth: 50%;\r\n\t\t\t}\r\n\t\t\t#gallery-1 img {\r\n\t\t\t\tborder: 2px solid #cfcfcf;\r\n\t\t\t}\r\n\t\t\t#gallery-1 .gallery-caption {\r\n\t\t\t\tmargin-left: 0;\r\n\t\t\t}\r\n\t\t<\/style>\r\n\t\t<!-- see gallery_shortcode() in wp-includes\/media.php -->\n\t\t<div id='gallery-1' class='gallery galleryid-13850 gallery-columns-2 gallery-size-full gallery1'><script type=\"text\/javascript\">\r\n\/\/ <![CDATA[\r\n\tjQuery(document).ready(function () {\r\n\t\tjQuery(\".gallery1 a\").attr(\"rel\",\"gallery1\");\t\r\n\t\tjQuery('a[rel=\"gallery1\"]').colorbox({maxWidth:\"95%\", maxHeight:\"95%\",title: function(){ return jQuery(this).children().attr(\"alt\"); }, });\r\n\t});\r\n\/\/ ]]>\r\n<\/script>\n<dl class=\"gallery-item\">\n<dt class=\"gallery-icon\">\r\n<a href=\"https:\/\/www.lasrosas.com.ar\/portal\/wp-content\/uploads\/microo-RCA.png\" title=\"\" rel=\"gallery1\"><img decoding=\"async\" data-src=\"https:\/\/www.lasrosas.com.ar\/portal\/wp-content\/uploads\/microo-RCA.png\" width=\"1280\" height=\"837\" alt=\"\" src=\"data:image\/svg+xml;base64,PHN2ZyB3aWR0aD0iMSIgaGVpZ2h0PSIxIiB4bWxucz0iaHR0cDovL3d3dy53My5vcmcvMjAwMC9zdmciPjwvc3ZnPg==\" class=\"lazyload\" style=\"--smush-placeholder-width: 1280px; --smush-placeholder-aspect-ratio: 1280\/837;\" \/><\/a>\r\n<\/dt><\/dl><dl class=\"gallery-item\">\n<dt class=\"gallery-icon\">\r\n<a href=\"https:\/\/www.lasrosas.com.ar\/portal\/wp-content\/uploads\/horno-elec-RCA-1920x1345.jpg\" title=\"\" rel=\"gallery1\"><img decoding=\"async\" data-src=\"https:\/\/www.lasrosas.com.ar\/portal\/wp-content\/uploads\/horno-elec-RCA.jpg\" width=\"3200\" height=\"2242\" alt=\"\" src=\"data:image\/svg+xml;base64,PHN2ZyB3aWR0aD0iMSIgaGVpZ2h0PSIxIiB4bWxucz0iaHR0cDovL3d3dy53My5vcmcvMjAwMC9zdmciPjwvc3ZnPg==\" class=\"lazyload\" style=\"--smush-placeholder-width: 3200px; --smush-placeholder-aspect-ratio: 3200\/2242;\" \/><\/a>\r\n<\/dt><\/dl><br style=\"clear: both\" \/>\r\n\t\t<\/div>\n\n<ul>\n<li><em>TACOS DE SUPREMITAS<\/em><\/li>\n<\/ul>\n<p><img decoding=\"async\" class=\"alignnone size-full wp-image-13853 lazyload\" data-src=\"https:\/\/www.lasrosas.com.ar\/portal\/wp-content\/uploads\/rca.jpg\" alt=\"\" width=\"3797\" height=\"2848\" data-srcset=\"https:\/\/www.lasrosas.com.ar\/portal\/wp-content\/uploads\/rca.jpg 3797w, https:\/\/www.lasrosas.com.ar\/portal\/wp-content\/uploads\/rca-640x480.jpg 640w, https:\/\/www.lasrosas.com.ar\/portal\/wp-content\/uploads\/rca-960x720.jpg 960w, https:\/\/www.lasrosas.com.ar\/portal\/wp-content\/uploads\/rca-1920x1440.jpg 1920w\" data-sizes=\"(max-width: 3797px) 100vw, 3797px\" src=\"data:image\/svg+xml;base64,PHN2ZyB3aWR0aD0iMSIgaGVpZ2h0PSIxIiB4bWxucz0iaHR0cDovL3d3dy53My5vcmcvMjAwMC9zdmciPjwvc3ZnPg==\" style=\"--smush-placeholder-width: 3797px; --smush-placeholder-aspect-ratio: 3797\/2848;\" \/><\/p>\n<p>Saltear cebollas, zanahorias y morrones en una sart\u00e9n. Llevar las supremitas a horno fuerte durante 20 minutos. Unir el tomate cubeteado, la cebolla y la palta para hacer un guacamole expr\u00e9s. Una vez que est\u00e9n listas, cortar en trozos las supremitas cocinadas para el armado de los tacos y salpimentar y agregar jugo de lim\u00f3n y aceite de oliva antes de armar y servir.<\/p>\n<ul>\n<li><em>COLITA DE CUADRIL RELLENA<\/em><\/li>\n<\/ul>\n<p><img decoding=\"async\" class=\"alignnone size-full wp-image-13851 lazyload\" data-src=\"https:\/\/www.lasrosas.com.ar\/portal\/wp-content\/uploads\/colitadecuadrilRCA.jpg\" alt=\"\" width=\"450\" height=\"338\" src=\"data:image\/svg+xml;base64,PHN2ZyB3aWR0aD0iMSIgaGVpZ2h0PSIxIiB4bWxucz0iaHR0cDovL3d3dy53My5vcmcvMjAwMC9zdmciPjwvc3ZnPg==\" style=\"--smush-placeholder-width: 450px; --smush-placeholder-aspect-ratio: 450\/338;\" \/><\/p>\n<p>Salpimentar la colita de cuadril y cubrir con mostaza de ambos lados, llevarla al microondas y cocinar 30 minutos en modo grill. Mientras tanto, cortar los vegetales y combinarlos en un bowl, salpimentar y agregar aceite de oliva. Luego, llevar al microondas 5 minutos. Retirar la colita de cuadril y rellenar con jam\u00f3n y queso, presentar los vegetales como guarnici\u00f3n y llevar todo al microondas 5 minutos m\u00e1s en modo grill, sacar, agregar la mostaza y<br \/>\nun chorrito m\u00e1s de oliva y darle cinco minutos m\u00e1s de cocci\u00f3n.<\/p>\n<ul>\n<li><em>BONUS TRACK: TARTA DE MANZANAS<\/em><\/li>\n<\/ul>\n<p><img decoding=\"async\" class=\"size-full wp-image-13852 lazyload\" data-src=\"https:\/\/www.lasrosas.com.ar\/portal\/wp-content\/uploads\/Fotolia_127514568_Subscription_Monthly_M.jpg\" alt=\"\" width=\"1201\" height=\"901\" data-srcset=\"https:\/\/www.lasrosas.com.ar\/portal\/wp-content\/uploads\/Fotolia_127514568_Subscription_Monthly_M.jpg 1201w, https:\/\/www.lasrosas.com.ar\/portal\/wp-content\/uploads\/Fotolia_127514568_Subscription_Monthly_M-640x480.jpg 640w, https:\/\/www.lasrosas.com.ar\/portal\/wp-content\/uploads\/Fotolia_127514568_Subscription_Monthly_M-960x720.jpg 960w\" data-sizes=\"(max-width: 1201px) 100vw, 1201px\" src=\"data:image\/svg+xml;base64,PHN2ZyB3aWR0aD0iMSIgaGVpZ2h0PSIxIiB4bWxucz0iaHR0cDovL3d3dy53My5vcmcvMjAwMC9zdmciPjwvc3ZnPg==\" style=\"--smush-placeholder-width: 1201px; --smush-placeholder-aspect-ratio: 1201\/901;\" \/><\/p>\n<p>Mezclar en un recipiente apto para microondas la manzana en cubos (reservar una manzana para la decoraci\u00f3n), el az\u00facar (la menor parte) y la manteca, y cocinar a potencia m\u00e1xima por 5 minutos. Tambi\u00e9n mezclar en un bowl el resto del az\u00facar, los huevos, la harina, la leche y la vainilla e integrar con la preparaci\u00f3n anterior. Finalmente, colocar por arriba la manzana restante cortada en finas rodajas, cocinar todo junto en microondas durante 8 minutos y voil\u00e0, tenemos un postre simple y riqu\u00edsimo para que los ni\u00f1os incorporen la costumbre de comer m\u00e1s frutas.<\/p>\n<p>&nbsp;<\/p>\n<!-- AddThis Advanced Settings generic via filter on the_content --><!-- AddThis Share Buttons generic via filter on the_content -->","protected":false},"excerpt":{"rendered":"<p>Del amor al odio hay un solo paso y la comida no es la excepci\u00f3n, sobre todo en los chicos, que durante la infancia pasan por diferentes etapas. Si rechazan alg\u00fan alimento. \u00bfC\u00f3mo? Incorporando tips de planificaci\u00f3n y optando por preparaciones en pocos pasos. TACOS DE SUPREMITAS Saltear cebollas, zanahorias y morrones en una sart\u00e9n. [&hellip;]<!-- AddThis Advanced Settings generic via filter on get_the_excerpt --><!-- AddThis Share Buttons generic via filter on get_the_excerpt --><\/p>\n","protected":false},"author":6,"featured_media":13858,"comment_status":"closed","ping_status":"open","sticky":false,"template":"","format":"standard","meta":{"_acf_changed":false,"om_disable_all_campaigns":false,"_monsterinsights_skip_tracking":false,"_monsterinsights_sitenote_active":false,"_monsterinsights_sitenote_note":"","_monsterinsights_sitenote_category":0,"_uf_show_specific_survey":0,"_uf_disable_surveys":false,"footnotes":""},"categories":[376],"tags":[],"class_list":["post-13850","post","type-post","status-publish","format-standard","has-post-thumbnail","hentry","category-lifestyle"],"acf":[],"aioseo_notices":[],"_links":{"self":[{"href":"https:\/\/www.lasrosas.com.ar\/portal\/wp-json\/wp\/v2\/posts\/13850","targetHints":{"allow":["GET"]}}],"collection":[{"href":"https:\/\/www.lasrosas.com.ar\/portal\/wp-json\/wp\/v2\/posts"}],"about":[{"href":"https:\/\/www.lasrosas.com.ar\/portal\/wp-json\/wp\/v2\/types\/post"}],"author":[{"embeddable":true,"href":"https:\/\/www.lasrosas.com.ar\/portal\/wp-json\/wp\/v2\/users\/6"}],"replies":[{"embeddable":true,"href":"https:\/\/www.lasrosas.com.ar\/portal\/wp-json\/wp\/v2\/comments?post=13850"}],"version-history":[{"count":0,"href":"https:\/\/www.lasrosas.com.ar\/portal\/wp-json\/wp\/v2\/posts\/13850\/revisions"}],"wp:featuredmedia":[{"embeddable":true,"href":"https:\/\/www.lasrosas.com.ar\/portal\/wp-json\/wp\/v2\/media\/13858"}],"wp:attachment":[{"href":"https:\/\/www.lasrosas.com.ar\/portal\/wp-json\/wp\/v2\/media?parent=13850"}],"wp:term":[{"taxonomy":"category","embeddable":true,"href":"https:\/\/www.lasrosas.com.ar\/portal\/wp-json\/wp\/v2\/categories?post=13850"},{"taxonomy":"post_tag","embeddable":true,"href":"https:\/\/www.lasrosas.com.ar\/portal\/wp-json\/wp\/v2\/tags?post=13850"}],"curies":[{"name":"wp","href":"https:\/\/api.w.org\/{rel}","templated":true}]}}