{"id":13665,"date":"2019-04-12T13:26:55","date_gmt":"2019-04-12T16:26:55","guid":{"rendered":"https:\/\/www.lasrosas.com.ar\/portal\/?p=13665"},"modified":"2019-04-15T14:23:58","modified_gmt":"2019-04-15T17:23:58","slug":"madi-fw-19-marianadappiano","status":"publish","type":"post","link":"https:\/\/www.lasrosas.com.ar\/portal\/madi-fw-19-marianadappiano\/","title":{"rendered":"MAD\u00cd FW &#8217;19 @MARIANADAPPIANO"},"content":{"rendered":"<p><strong>Inspirada en el movimiento originario del R\u00edo de la Plata, Mariana Dappiano propone un invierno que se nutre del esp\u00edritu rupturista que caracteriz\u00f3 al arte Mad\u00ed en la d\u00e9cada de los &#8217;40.<\/strong><\/p>\n<p>Lanz\u00f3 su primera colecci\u00f3n en el verano de 2001 en una casona reciclada en el coraz\u00f3n de Palermo Viejo.<\/p>\n<p>Sus dise\u00f1os tienen desde el inicio un sello distintivo: la especializaci\u00f3n en las combinaciones de tejidos y texturas. Con estos dos elementos y el valor agregado de la creatividad logra completar piezas exquisitas.<\/p>\n<p>La b\u00fasqueda de la sensualidad y feminidad se nutre de recursos morfol\u00f3gicos y textiles que, junto con el trabajo del color, generan una imagen sofisticada y contempor\u00e1nea con un estilo muy definido.<\/p>\n<p>Este car\u00e1cter que la distingue es adoptado por mujeres reales de diferentes generaciones, conscientes de su imagen, que buscan reinventarse siempre.<\/p>\n<p>Mariana Dappiano dise\u00f1a ropa para ser usada y disfrutada en todo momento. Los colores y las telas son dise\u00f1os exclusivos y las l\u00edneas se piensan para ser combinadas entre s\u00ed, logrando un concepto acabado y coherente en cada nueva colecci\u00f3n.<\/p>\n<p><img decoding=\"async\" class=\"alignnone size-full wp-image-13666 lazyload\" data-src=\"https:\/\/www.lasrosas.com.ar\/portal\/wp-content\/uploads\/DESFILE-MARIANA-DAPPIANO-EN-DBA-FW19-12.jpg\" alt=\"\" width=\"4167\" height=\"6250\" data-srcset=\"https:\/\/www.lasrosas.com.ar\/portal\/wp-content\/uploads\/DESFILE-MARIANA-DAPPIANO-EN-DBA-FW19-12.jpg 4167w, https:\/\/www.lasrosas.com.ar\/portal\/wp-content\/uploads\/DESFILE-MARIANA-DAPPIANO-EN-DBA-FW19-12-640x960.jpg 640w, https:\/\/www.lasrosas.com.ar\/portal\/wp-content\/uploads\/DESFILE-MARIANA-DAPPIANO-EN-DBA-FW19-12-1280x1920.jpg 1280w\" data-sizes=\"(max-width: 4167px) 100vw, 4167px\" src=\"data:image\/svg+xml;base64,PHN2ZyB3aWR0aD0iMSIgaGVpZ2h0PSIxIiB4bWxucz0iaHR0cDovL3d3dy53My5vcmcvMjAwMC9zdmciPjwvc3ZnPg==\" style=\"--smush-placeholder-width: 4167px; --smush-placeholder-aspect-ratio: 4167\/6250;\" \/> <img decoding=\"async\" class=\"alignnone size-full wp-image-13667 lazyload\" data-src=\"https:\/\/www.lasrosas.com.ar\/portal\/wp-content\/uploads\/DESFILE-MARIANA-DAPPIANO-EN-DBA-FW19-13.jpg\" alt=\"\" width=\"4167\" height=\"6250\" data-srcset=\"https:\/\/www.lasrosas.com.ar\/portal\/wp-content\/uploads\/DESFILE-MARIANA-DAPPIANO-EN-DBA-FW19-13.jpg 4167w, https:\/\/www.lasrosas.com.ar\/portal\/wp-content\/uploads\/DESFILE-MARIANA-DAPPIANO-EN-DBA-FW19-13-640x960.jpg 640w, https:\/\/www.lasrosas.com.ar\/portal\/wp-content\/uploads\/DESFILE-MARIANA-DAPPIANO-EN-DBA-FW19-13-1280x1920.jpg 1280w\" data-sizes=\"(max-width: 4167px) 100vw, 4167px\" src=\"data:image\/svg+xml;base64,PHN2ZyB3aWR0aD0iMSIgaGVpZ2h0PSIxIiB4bWxucz0iaHR0cDovL3d3dy53My5vcmcvMjAwMC9zdmciPjwvc3ZnPg==\" style=\"--smush-placeholder-width: 4167px; --smush-placeholder-aspect-ratio: 4167\/6250;\" \/> <img decoding=\"async\" class=\"alignnone size-full wp-image-13668 lazyload\" data-src=\"https:\/\/www.lasrosas.com.ar\/portal\/wp-content\/uploads\/DESFILE-MARIANA-DAPPIANO-EN-DBA-FW19-15.jpg\" alt=\"\" width=\"1000\" height=\"1500\" data-srcset=\"https:\/\/www.lasrosas.com.ar\/portal\/wp-content\/uploads\/DESFILE-MARIANA-DAPPIANO-EN-DBA-FW19-15.jpg 1000w, https:\/\/www.lasrosas.com.ar\/portal\/wp-content\/uploads\/DESFILE-MARIANA-DAPPIANO-EN-DBA-FW19-15-640x960.jpg 640w\" data-sizes=\"(max-width: 1000px) 100vw, 1000px\" src=\"data:image\/svg+xml;base64,PHN2ZyB3aWR0aD0iMSIgaGVpZ2h0PSIxIiB4bWxucz0iaHR0cDovL3d3dy53My5vcmcvMjAwMC9zdmciPjwvc3ZnPg==\" style=\"--smush-placeholder-width: 1000px; --smush-placeholder-aspect-ratio: 1000\/1500;\" \/> <img decoding=\"async\" class=\"alignnone size-full wp-image-13669 lazyload\" data-src=\"https:\/\/www.lasrosas.com.ar\/portal\/wp-content\/uploads\/DESFILE-MARIANA-DAPPIANO-EN-DBA-FW19-19.jpg\" alt=\"\" width=\"1000\" height=\"1500\" data-srcset=\"https:\/\/www.lasrosas.com.ar\/portal\/wp-content\/uploads\/DESFILE-MARIANA-DAPPIANO-EN-DBA-FW19-19.jpg 1000w, https:\/\/www.lasrosas.com.ar\/portal\/wp-content\/uploads\/DESFILE-MARIANA-DAPPIANO-EN-DBA-FW19-19-640x960.jpg 640w\" data-sizes=\"(max-width: 1000px) 100vw, 1000px\" src=\"data:image\/svg+xml;base64,PHN2ZyB3aWR0aD0iMSIgaGVpZ2h0PSIxIiB4bWxucz0iaHR0cDovL3d3dy53My5vcmcvMjAwMC9zdmciPjwvc3ZnPg==\" style=\"--smush-placeholder-width: 1000px; --smush-placeholder-aspect-ratio: 1000\/1500;\" \/> <img decoding=\"async\" class=\"alignnone size-full wp-image-13670 lazyload\" data-src=\"https:\/\/www.lasrosas.com.ar\/portal\/wp-content\/uploads\/DESFILE-MARIANA-DAPPIANO-EN-DBA-FW19-22.jpg\" alt=\"\" width=\"1000\" height=\"1500\" data-srcset=\"https:\/\/www.lasrosas.com.ar\/portal\/wp-content\/uploads\/DESFILE-MARIANA-DAPPIANO-EN-DBA-FW19-22.jpg 1000w, https:\/\/www.lasrosas.com.ar\/portal\/wp-content\/uploads\/DESFILE-MARIANA-DAPPIANO-EN-DBA-FW19-22-640x960.jpg 640w\" data-sizes=\"(max-width: 1000px) 100vw, 1000px\" src=\"data:image\/svg+xml;base64,PHN2ZyB3aWR0aD0iMSIgaGVpZ2h0PSIxIiB4bWxucz0iaHR0cDovL3d3dy53My5vcmcvMjAwMC9zdmciPjwvc3ZnPg==\" style=\"--smush-placeholder-width: 1000px; --smush-placeholder-aspect-ratio: 1000\/1500;\" \/> <img decoding=\"async\" class=\"alignnone size-full wp-image-13671 lazyload\" data-src=\"https:\/\/www.lasrosas.com.ar\/portal\/wp-content\/uploads\/DESFILE-MARIANA-DAPPIANO-EN-DBA-FW19-26.jpg\" alt=\"\" width=\"1000\" height=\"1500\" data-srcset=\"https:\/\/www.lasrosas.com.ar\/portal\/wp-content\/uploads\/DESFILE-MARIANA-DAPPIANO-EN-DBA-FW19-26.jpg 1000w, https:\/\/www.lasrosas.com.ar\/portal\/wp-content\/uploads\/DESFILE-MARIANA-DAPPIANO-EN-DBA-FW19-26-640x960.jpg 640w\" data-sizes=\"(max-width: 1000px) 100vw, 1000px\" src=\"data:image\/svg+xml;base64,PHN2ZyB3aWR0aD0iMSIgaGVpZ2h0PSIxIiB4bWxucz0iaHR0cDovL3d3dy53My5vcmcvMjAwMC9zdmciPjwvc3ZnPg==\" style=\"--smush-placeholder-width: 1000px; --smush-placeholder-aspect-ratio: 1000\/1500;\" \/><\/p>\n<!-- AddThis Advanced Settings generic via filter on the_content --><!-- AddThis Share Buttons generic via filter on the_content -->","protected":false},"excerpt":{"rendered":"<p>Inspirada en el movimiento originario del R\u00edo de la Plata, Mariana Dappiano propone un invierno que se nutre del esp\u00edritu rupturista que caracteriz\u00f3 al arte Mad\u00ed en la d\u00e9cada de los &#8217;40. Lanz\u00f3 su primera colecci\u00f3n en el verano de 2001 en una casona reciclada en el coraz\u00f3n de Palermo Viejo. Sus dise\u00f1os tienen desde [&hellip;]<!-- AddThis Advanced Settings generic via filter on get_the_excerpt --><!-- AddThis Share Buttons generic via filter on get_the_excerpt --><\/p>\n","protected":false},"author":6,"featured_media":13672,"comment_status":"closed","ping_status":"open","sticky":false,"template":"","format":"standard","meta":{"_acf_changed":false,"om_disable_all_campaigns":false,"_monsterinsights_skip_tracking":false,"_monsterinsights_sitenote_active":false,"_monsterinsights_sitenote_note":"","_monsterinsights_sitenote_category":0,"_uf_show_specific_survey":0,"_uf_disable_surveys":false,"footnotes":""},"categories":[30],"tags":[],"class_list":["post-13665","post","type-post","status-publish","format-standard","has-post-thumbnail","hentry","category-moda"],"acf":[],"aioseo_notices":[],"_links":{"self":[{"href":"https:\/\/www.lasrosas.com.ar\/portal\/wp-json\/wp\/v2\/posts\/13665","targetHints":{"allow":["GET"]}}],"collection":[{"href":"https:\/\/www.lasrosas.com.ar\/portal\/wp-json\/wp\/v2\/posts"}],"about":[{"href":"https:\/\/www.lasrosas.com.ar\/portal\/wp-json\/wp\/v2\/types\/post"}],"author":[{"embeddable":true,"href":"https:\/\/www.lasrosas.com.ar\/portal\/wp-json\/wp\/v2\/users\/6"}],"replies":[{"embeddable":true,"href":"https:\/\/www.lasrosas.com.ar\/portal\/wp-json\/wp\/v2\/comments?post=13665"}],"version-history":[{"count":0,"href":"https:\/\/www.lasrosas.com.ar\/portal\/wp-json\/wp\/v2\/posts\/13665\/revisions"}],"wp:featuredmedia":[{"embeddable":true,"href":"https:\/\/www.lasrosas.com.ar\/portal\/wp-json\/wp\/v2\/media\/13672"}],"wp:attachment":[{"href":"https:\/\/www.lasrosas.com.ar\/portal\/wp-json\/wp\/v2\/media?parent=13665"}],"wp:term":[{"taxonomy":"category","embeddable":true,"href":"https:\/\/www.lasrosas.com.ar\/portal\/wp-json\/wp\/v2\/categories?post=13665"},{"taxonomy":"post_tag","embeddable":true,"href":"https:\/\/www.lasrosas.com.ar\/portal\/wp-json\/wp\/v2\/tags?post=13665"}],"curies":[{"name":"wp","href":"https:\/\/api.w.org\/{rel}","templated":true}]}}